{"id":99978,"date":"2018-02-21T09:56:18","date_gmt":"2018-02-21T14:56:18","guid":{"rendered":"http:\/\/www.bibula.com\/?p=99978"},"modified":"2018-02-22T13:42:57","modified_gmt":"2018-02-22T18:42:57","slug":"apple-wycofuje-z-kalendarza-iphone-niedziele-wielkanocna-gigantowi-it-przeszkadza-chrzescijanska-tradycja","status":"publish","type":"post","link":"https:\/\/www.bibula.com\/?p=99978","title":{"rendered":"Apple wycofuje z kalendarza iPhone Niedziel\u0119 Wielkanocn\u0105. Gigantowi IT przeszkadza chrze\u015bcija\u0144ska tradycja?"},"content":{"rendered":"<p><strong>Walka z podstawami cywilizacji chrze\u015bcija\u0144skiej si\u0119gn\u0119\u0142a ju\u017c sfery nowoczesnych technologii. Apple wycofa\u0142 z kalendarza przeznaczonego na urz\u0105dzenia z systemem operacyjnym iOS najwa\u017cniejsze chrze\u015bcija\u0144skie \u015bwi\u0119to &#8211; Niedziel\u0119 Wielkanocn\u0105<\/strong>.<\/p>\r\n<p>Mo\u017cna by powiedzie\u0107, \u017ce przecie\u017c w swojej w\u0142asnej korporacji w\u0142a\u015bciciel mo\u017ce prowadzi\u0107 tak\u0105 polityk\u0119, jak\u0105 tylko chce &#8211; zastanawia tylko jeden fakt. Wycofuj\u0105c Niedziel\u0119 Wielkanocn\u0105, pozostawiono mo\u017cliwo\u015b\u0107 dodania do kalendarza \u015bwi\u0105t\u2026 chi\u0144skich, muzu\u0142ma\u0144skich a nawet&nbsp; hebrajskich. Zmiany dotkn\u0119\u0142y najnowszej aktualizacji iOS\u2019a.<\/p>\r\n<p>Na adres firmy wp\u0142yn\u0119\u0142o mn\u00f3stwo skarg i za\u017cale\u0144 w zwi\u0105zku z wprowadzeniem nowego zarz\u0105dzenia. Pracownicy dzia\u0142u informacji Apple nie ukrywaj\u0105, \u017ce wycofanie chrze\u015bcija\u0144skich \u015bwi\u0105t zosta\u0142o wprowadzone intencjonalnie. Nie wiadomo na razie, w jaki spos\u00f3b ustosunkuje si\u0119 do ca\u0142ej sprawy kierownictwo Apple.<\/p>\r\n<p>Po raz kolejny jeste\u015bmy \u015bwiadkami rugowania chrze\u015bcija\u0144skiej tradycji ze spo\u0142ecznej \u015bwiadomo\u015bci. Kiedy\u015b rewolucja francuska zmienia\u0142a nazwy \u015bwi\u0105t i dni tygodnia za pomoc\u0105 terroru, podobnie sprawa mia\u0142a si\u0119 podczas puczu bolszewik\u00f3w. &nbsp;W dzisiejszych czasach forsuje si\u0119 zmiany na du\u017co wi\u0119ksz\u0105 skal\u0119 za pomoc\u0105 nowoczesnych technologii.<\/p>\r\n<p>\u0179r\u00f3d\u0142o: <span style=\"text-decoration: underline;\">Lifesitenews.com<\/span><\/p>\r\n<p>PR<\/p>\r\n<p class=\"zrodlo\">Za: <a href=\"http:\/\/www.pch24.pl\/apple-wycofuje-z-kalendarza-iphone-niedziele-wielkanocna--gigantowi-it-przeszkadza-chrzescijanska-tradycja-,58414,i.html\">PoloniaChristiana &#8211; pch24.pl (2018-02-21)<\/a><\/p>\r\n<h4>&nbsp;<\/h4>\r\n<hr style=\"background-color: #000000; border-width: 0; color: #000000; height: 2px; line-height: 0; text-align: center; width: 100%;\">\r\n<h4>&nbsp;<\/h4>\r\n<blockquote>\r\n<p><strong>KOMENTARZ <em>BIBU\u0141Y<\/em>:<\/strong> Zauwa\u017cyli\u015bmy , \u017ce na stronach\/forach dyskutuj\u0105cych powy\u017csz\u0105 informacj\u0119, oskar\u017cono nie wiadomo dlaczego ale w\u0142a\u015bnie BIBU\u0141\u0118 o podanie tzw. fake news.&nbsp; Zatem, oto pierwotne \u017ar\u00f3d\u0142a powy\u017cszej informacji: <span style=\"text-decoration: underline;\"><a href=\"http:\/\/www.foxnews.com\/tech\/2018\/02\/16\/apples-ical-calendar-mysteriously-deletes-easter.html\">FOX News<\/a><\/span>, <span style=\"text-decoration: underline;\"><a href=\"https:\/\/www.lifesitenews.com\/pulse\/apple-update-removes-good-friday-easter-from-calendar-for-iphones\">Lifesitenews.com<\/a><\/span>, <span style=\"text-decoration: underline;\"><a href=\"http:\/\/www.breitbart.com\/tech\/2018\/02\/19\/apples-recent-iphone-update-removes-easter-from-calendar\/\">Breitbart<\/a><\/span>, <span style=\"text-decoration: underline;\"><a href=\"https:\/\/discussions.apple.com\/thread\/8190269\">Discussion on Apple site<\/a><\/span>&#8230;<\/p>\r\n<p>Ponadto, odpowied\u017a ze strony moderator\u00f3w grupy dyskusyjnej Apple: &#8222;<em>Apple odseparowa\u0142 poszczeg\u00f3lne grupy \u015bwi\u0105t. \u015awi\u0119ta religijne nie s\u0105 ju\u017c do\u0142\u0105czane do domy\u015blnego kalendarza. Zamiast tego mo\u017cna zainstalowa\u0107 sobie kalendarz religijny zgodny z \u017cyczeniem u\u017cytkownika. &#8230;<\/em>&#8222;<\/p>\r\n<\/blockquote>\r\n<h4>&nbsp;<\/h4>\r\n<hr style=\"background-color: #000000; border-width: 0; color: #000000; height: 2px; line-height: 0; text-align: center; width: 100%;\">\r\n<h4>&nbsp;<\/h4>","protected":false},"excerpt":{"rendered":"Walka z podstawami cywilizacji chrze\u015bcija\u0144skiej si\u0119gn\u0119\u0142a ju\u017c sfery nowoczesnych technologii. Apple wycofa\u0142 z kalendarza przeznaczonego na urz\u0105dzenia z systemem operacyjnym iOS najwa\u017cniejsze chrze\u015bcija\u0144skie \u015bwi\u0119to &#8211; Niedziel\u0119 Wielkanocn\u0105. Mo\u017cna by powiedzie\u0107, \u017ce przecie\u017c w swojej w\u0142asnej korporacji w\u0142a\u015bciciel mo\u017ce prowadzi\u0107 tak\u0105 polityk\u0119, jak\u0105 tylko chce &#8211; zastanawia tylko jeden fakt. Wycofuj\u0105c Niedziel\u0119 Wielkanocn\u0105, pozostawiono mo\u017cliwo\u015b\u0107 dodania [&hellip;]","protected":false},"author":1,"featured_media":0,"comment_status":"closed","ping_status":"closed","sticky":false,"template":"","format":"standard","meta":{"_acf_changed":false,"_monsterinsights_skip_tracking":false,"ngg_post_thumbnail":0,"footnotes":"","_wp_rev_ctl_limit":""},"categories":[12],"tags":[100,186],"acf":[],"_links":{"self":[{"href":"https:\/\/www.bibula.com\/index.php?rest_route=\/wp\/v2\/posts\/99978"}],"collection":[{"href":"https:\/\/www.bibula.com\/index.php?rest_route=\/wp\/v2\/posts"}],"about":[{"href":"https:\/\/www.bibula.com\/index.php?rest_route=\/wp\/v2\/types\/post"}],"author":[{"embeddable":true,"href":"https:\/\/www.bibula.com\/index.php?rest_route=\/wp\/v2\/users\/1"}],"replies":[{"embeddable":true,"href":"https:\/\/www.bibula.com\/index.php?rest_route=%2Fwp%2Fv2%2Fcomments&post=99978"}],"version-history":[{"count":0,"href":"https:\/\/www.bibula.com\/index.php?rest_route=\/wp\/v2\/posts\/99978\/revisions"}],"wp:attachment":[{"href":"https:\/\/www.bibula.com\/index.php?rest_route=%2Fwp%2Fv2%2Fmedia&parent=99978"}],"wp:term":[{"taxonomy":"category","embeddable":true,"href":"https:\/\/www.bibula.com\/index.php?rest_route=%2Fwp%2Fv2%2Fcategories&post=99978"},{"taxonomy":"post_tag","embeddable":true,"href":"https:\/\/www.bibula.com\/index.php?rest_route=%2Fwp%2Fv2%2Ftags&post=99978"}],"curies":[{"name":"wp","href":"https:\/\/api.w.org\/{rel}","templated":true}]}}