{"id":99941,"date":"2018-02-19T12:51:18","date_gmt":"2018-02-19T17:51:18","guid":{"rendered":"http:\/\/www.bibula.com\/?p=99941"},"modified":"2018-02-19T12:51:18","modified_gmt":"2018-02-19T17:51:18","slug":"zydowscy-sprawcy-prawda-ktora-oburzyla-izrael","status":"publish","type":"post","link":"https:\/\/www.bibula.com\/?p=99941","title":{"rendered":"\u201e\u017bydowscy sprawcy&#8221;. Prawda, kt\u00f3ra oburzy\u0142a Izrael"},"content":{"rendered":"<p><strong>W\u0142adze Izraela oraz \u017bydzi w diasporze, w tym w Polsce, s\u0105 oburzeni s\u0142owami Mateusza Morawieckiego o \u201e\u017cydowskich sprawcach\u201d. Najwi\u0119kszym problemem ca\u0142ej sprawy nie jest jednak zaognienie relacji z Tel Awiwem, ale to, \u017ce wzburzenie wywo\u0142a\u0142y s\u0142owa prawdy.<\/strong><\/p>\r\n<p><img fetchpriority=\"high\" decoding=\"async\" class=\"aligncenter\" src=\"http:\/\/www.pch24.pl\/images\/min_mid_big\/big\/58376.jpg?r=1519058662\" alt=\"\u201e\u017bydowscy sprawcy\u201d. Prawda, kt\u00f3ra oburzy\u0142a Izrael\" width=\"600\" height=\"345\"><\/p>\r\n<p style=\"text-align: center;\"><em>\u017bydowscy policjanci w getcie warszawskim, maj 1941.<\/em><br>\r\n Bundesarchiv, Bild 101I-134-0792-28 \/ Knobloch, Ludwig \/ CC-BY-SA 3.0 [CC BY-SA 3.0 de (https:\/\/creativecommons.org\/licenses\/by-sa\/3.0\/de\/deed.en)], via Wikimedia Commons<\/p>\r\n<p>Uczestnicz\u0105cy w Konferencji Bezpiecze\u0144stwa w Monachium Mateusz Morawiecki zosta\u0142 zapytany przez izraelskiego dziennikarza, czy w my\u015bl nowelizacji ustawy o IPN opowiadanie o losach jego rodziny, kt\u00f3r\u0105 Polacy wydali Gestapo, b\u0119dzie karane. &#8211; <em>Oczywi\u015bcie nie b\u0119dzie to karane (\u2026) je\u015bli kto\u015b powie, \u017ce byli polscy sprawcy Holokaustu. Tak jak byli \u017cydowscy sprawcy, tak jak byli rosyjscy sprawcy, czy ukrai\u0144scy. Nie tylko niemieccy<\/em> &#8211; odpowiedzia\u0142 polski premier.<\/p>\r\n<p>S\u0142owa wywo\u0142a\u0142y pot\u0119\u017cn\u0105 burz\u0119. Bardzo krytycznie odni\u00f3s\u0142 si\u0119 do nich m.in. premier Benjamin Netanjahu. Oburzyli si\u0119 \u017bydzi w Izraelu oraz \u017cydowskie organizacje mi\u0119dzynarodowe. Wypowied\u017a Mateusza Morawieckiego oburzy\u0142a ca\u0142y \u015bwiat &#8211; od izraelskiego MSZ, przez dzia\u0142aj\u0105cy nad Wis\u0142\u0105 Zwi\u0105zek Gmin \u017bydowskich po Jonnego Danielsa i \u201eGazet\u0119 Wyborcz\u0105\u201d.<\/p>\r\n<p>Tymczasem udzia\u0142 \u017byd\u00f3w w niemieckim przemy\u015ble Holokaustu jest najzwyklejszym pod s\u0142o\u0144cem faktem. Faktem niepodlegaj\u0105cym \u017cadnej historycznej dyskusji. Tak jak nikt powa\u017cny nie podaje w w\u0105tpliwo\u015b\u0107 istnienia Polskiego Pa\u0144stwa Podziemnego, zorganizowanego ludob\u00f3jstwa dokonanego przez III Rzesz\u0119 czy eksterminacji polskich elit przez Sowiet\u00f3w i ich hitlerowskich sojusznik\u00f3w, tak nikt nie powinien zaprzecza\u0107, \u017ce zachowa\u0144 niegodnych dopuszczali si\u0119 i niekt\u00f3rzy Polacy i &nbsp;poszczeg\u00f3lni \u017bydzi.<\/p>\r\n<p>Mo\u017cna by w tym miejscu wyliczy\u0107 r\u00f3wnolegle haniebne czyny dokonane w trakcie II Wojny \u015awiatowej przez przedstawicieli poszczeg\u00f3lnych nacji i by\u0142aby to lista d\u0142uga. Jednak trwaj\u0105ca zorganizowana akcja szkalowania Polak\u00f3w i furia, z jak\u0105 \u015brodowiska \u017cydowskie pr\u00f3buj\u0105 zaprzeczy\u0107 s\u0142owom premiera Morawieckiego poprzez deprecjonowanie jego wypowiedzi, wymaga by przypomnie\u0107 pokr\u00f3tce histori\u0119 \u017cydowskiej kolaboracji. I to nie kolaboracji \u017byd\u00f3w z komunistycznym Zwi\u0105zkiem Sowieckim na Kresach (\u015bwiadkowie m\u00f3wi\u0105 o kpinach pod adresem dopiero co upad\u0142ej polskiej pa\u0144stwowo\u015bci typu: \u201echcieli\u015bcie Polsk\u0119 bez \u017byd\u00f3w, a macie \u017byd\u00f3w bez Polski\u201d czy \u201eJu\u017c si\u0119 wasza zasrana Polska sko\u0144czy\u0142a\u201d), ale kolaboracji z Niemcami.<\/p>\r\n<p>To bowiem nie kto inny jak \u017bydzi witali, czy to w \u0141odzi czy w Pabianicach, hitlerowski Wehrmacht ukwieconymi bramami oraz chlebem i sol\u0105, wychodz\u0105c z b\u0142\u0119dnego za\u0142o\u017cenia, \u017ce zaakceptowanie nowych warunk\u00f3w pozwoli im na bezpieczne funkcjonowanie. O ile jednak sytuacja z wrze\u015bnia roku 1939 mo\u017ce by\u0107 t\u0142umaczona pr\u00f3b\u0105 u\u0142o\u017cenia relacji z okupantem, to kilka miesi\u0119cy p\u00f3\u017aniej nikt ju\u017c nie m\u00f3g\u0142 mie\u0107 w\u0105tpliwo\u015bci, jak zajadle anty\u017cydowski charakter ma niemiecki re\u017cim.<\/p>\r\n<p>Tymczasem i po 1939 roku nie brakowa\u0142o \u017byd\u00f3w kolaboruj\u0105cych z aparatem niemieckiej opresji. Aparatem nastawionym wprost na eksterminacj\u0119 ludno\u015bci uznawanej za rasowo gorsz\u0105, do kt\u00f3rej to kategorii wesp\u00f3\u0142 z \u017bydami zaliczyli hitlerowcy przecie\u017c i nas, Polak\u00f3w.<\/p>\r\n<p>Mimo tego znalaz\u0142o si\u0119 wielu \u017byd\u00f3w gotowych aktywnie w\u0142\u0105cza\u0107 si\u0119 w zbrodnie na w\u0142asnych rodakach, a cz\u0119sto nawet krewnych i ukochanych. Owiana z\u0142\u0105 s\u0142aw\u0105 \u017cydowska policja (J\u00fcdischer Ordnungsdienst) czy Judenraty nie rekrutowa\u0142y si\u0119 przecie\u017c z Niemc\u00f3w. Obie instytucje pos\u0142usznie wykonywa\u0142y polecenia okupanta dotycz\u0105ce dostarczania robotnik\u00f3w, przekazywania kontrybucji, organizowania wysy\u0142ek ludzi do oboz\u00f3w pracy, a potem oboz\u00f3w zag\u0142ady.<\/p>\r\n<p>W g\u0142o\u015bnej pracy \u201eEichmann w Jerozolimie\u201d Hannah Arendt wprost oskar\u017cy\u0142a Judenraty o udzia\u0142 w zag\u0142adzie \u017byd\u00f3w. Bez \u017cydowskich kolaborant\u00f3w zarz\u0105dzanie gettami by\u0142oby trudniejsze, za\u015b mordowanie ludzi na masow\u0105 skal\u0119 przebiega\u0142oby znacznie wolniej, co oznacza\u0142oby mniejsz\u0105 skal\u0119 ludob\u00f3jstwa &#8211; zauwa\u017ca w swoim tek\u015bcie na uwarzamrze.pl dr hab. Leszek Pietrzak przypominaj\u0105c tak ponur\u0105 person\u0119 \u017cydowskiej kolaboracji jak szef \u0142\u00f3dzkiego getta Chaim Rumkowski oraz innych: \u201eMoj\u017cesz Meryn z Sosnowca, Efraim Barsz z Bia\u0142egostoku, Jakub Gens z Wilna czy J\u00f3zef Parnas ze Lwowa. Oni i ich Judenraty byli wsp\u00f3\u0142sprawcami \u017cydowskiej Zag\u0142ady\u201d &#8211; stwierdza historyk.<\/p>\r\n<p>Brutalno\u015bci\u0105 i pod\u0142o\u015bci\u0105 cechowa\u0142a si\u0119 r\u00f3wnie\u017c policja \u017cydowska, znacznie liczniejsza ni\u017c Judenraty. \u201eBy\u0142a najsprawniejszym narz\u0119dziem w r\u0119kach Niemc\u00f3w. Tylko w warszawskim getcie s\u0142u\u017cb\u0119 pe\u0142ni\u0142o oko\u0142o 2500 \u017cydowskich policjant\u00f3w. W drugim co do wielko\u015bci getcie, \u0142\u00f3dzkim, by\u0142o ich 1200, w getcie lwowskim za\u015b prawie 500. W skali ca\u0142ej okupowanej przez Niemc\u00f3w Polski mog\u0142o to by\u0107 nawet kilkadziesi\u0105t tysi\u0119cy ludzi. Na co dzie\u0144 cz\u0142onkowie \u017bydowskiej S\u0142u\u017cby Porz\u0105dkowej dokonywali rekwizycji, \u0142apanek i kierowali tysi\u0105ce \u017byd\u00f3w do transport\u00f3w \u015bmierci. Robili to z gorliwo\u015bci\u0105 i bezwzgl\u0119dno\u015bci\u0105\u201d &#8211; pisze Pietrzak cytuj\u0105c Barucha Goldsteina, wsp\u00f3\u0142organizatora przedwojennych boj\u00f3wek Bundu: \u201eka\u017cdego dnia, by uratowa\u0107 w\u0142asn\u0105 sk\u00f3r\u0119, ka\u017cdy policjant \u017cydowski przyprowadza\u0142 siedem os\u00f3b, aby je po\u015bwi\u0119ci\u0107 na o\u0142tarzu dyskryminacji. Przyprowadza\u0142 ze sob\u0105 kogokolwiek, m\u00f3g\u0142 schwyta\u0107 &#8211; przyjaci\u00f3\u0142, krewnych, nawet cz\u0142onk\u00f3w najbli\u017cszej rodziny\u201d.<\/p>\r\n<p>J\u00f3zef Szery\u0144ski, pierwszy nadkomisarz \u017bydowskiej S\u0142u\u017cby Porz\u0105dkowej w warszawskim getcie, osobi\u015bcie bra\u0142 udzia\u0142 w selekcji ludzi do transport\u00f3w do Treblinki. Jego zast\u0119pca, Jakub Lejkin, wyci\u0105ga\u0142 rodak\u00f3w z kryj\u00f3wek. Anatol Chari, \u017cydowski policjant z \u0141odzi, wepchn\u0105\u0142 do transportu narzeczon\u0105. Calek Perechodnik z Otwocka umie\u015bci\u0142 w transporcie do obozu \u017con\u0119 i dwuletni\u0105 c\u00f3rk\u0119.<\/p>\r\n<p>\u017bydzi wsp\u00f3\u0142pracowali tak\u017ce z Gestapo. Niekt\u00f3rzy korzystali nawet z takich przywilej\u00f3w jak przepustki umo\u017cliwiaj\u0105ce podr\u00f3\u017cowanie po ca\u0142ej Generalnej Guberni. \u201eCzy mogli zerwa\u0107 si\u0119 z niemieckiej smyczy? Mogli, mieli nawet tak\u0105 mo\u017cliwo\u015b\u0107, b\u0119d\u0105c poza murami getta, jednak takich pr\u00f3b nie podejmowali. Dlatego w\u0142a\u015bnie ich zdrada by\u0142a na znacznie wy\u017cszym poziomie\u201d &#8211; czytamy na uwazamrze.pl.<\/p>\r\n<p>Zamiast korzystaj\u0105c z tego przywileju uciec Niemcom, zha\u0144bili si\u0119 donosami i dekonspirowaniem rodak\u00f3w zaanga\u017cowanych w ruch oporu. Niekt\u00f3rzy z \u017cydowskich agent\u00f3w Gestapo oferowali wsp\u00f3\u0142braciom \u201epomoc\u201d i mo\u017cliwo\u015b\u0107 zagranicznej ucieczki w zamian za pot\u0119\u017cne kwoty. By\u0142y to jednak pu\u0142apki, przy pomocy kt\u00f3rej dekonspirowano dla niemieckich s\u0142u\u017cb \u017byd\u00f3w przebywaj\u0105cych poza gettami. W Warszawie sko\u0144czy\u0142o si\u0119 to \u015bmierci\u0105 dla nawet 2,5 tys. os\u00f3b.<\/p>\r\n<p>Oczywi\u015bcie nie wszyscy \u017bydzi byli tacy. Nie wszyscy w roku 1939 witali sowiet\u00f3w politycznym zaanga\u017cowaniem, a hitlerowc\u00f3w kwiatami. Byli i tacy, kt\u00f3rzy inaczej podchodzili do rozpoczynaj\u0105cej si\u0119 okupacji, nie mieli z\u0142udnych nadziei na u\u0142o\u017cenie relacji z Niemcami i to w Wojsku Polskim widzieli jedyn\u0105 nadziej\u0119 na ratunek swojego \u017cycia.<\/p>\r\n<p>Podobnie i w kolejnych latach okupacji &#8211; dzia\u0142ali zar\u00f3wno sady\u015bci oraz agenci jak i ruch oporu. II Wojna \u015awiatowa w przypadku \u017byd\u00f3w, tak jak i Polak\u00f3w, ujawni\u0142a persony pod\u0142e, a dla innych sta\u0142a si\u0119 okazj\u0105 do zaprezentowania heroizmu.<\/p>\r\n<p>Wsp\u00f3\u0142czesny Izrael i \u015brodowiska \u017cydowskie zdaj\u0105 si\u0119 pami\u0119ta\u0107 tylko o tym, co daje podstawy do dumy lub martyrologii. Niestety historia nie jest czarno-bia\u0142a, o czym to Polakom stale si\u0119 przypomina. Nie spos\u00f3b wskaza\u0107 narodu sk\u0142adaj\u0105cego si\u0119 wy\u0142\u0105cznie z wzorc\u00f3w do na\u015bladowania, czy samych tylko szumowin. Z tym oczywistym faktem nie godzi si\u0119 jednak wsp\u00f3\u0142czesne pa\u0144stwo i \u015brodowiska \u017cydowskie &#8211; st\u0105d furia po s\u0142owach premiera Morawieckiego.<\/p>\r\n<p>Niestety jednak i zastosowana przez wsp\u00f3\u0142czesnych \u017byd\u00f3w linia obrony daleka jest od historycznej uczciwo\u015bci. Jak bowiem wyt\u0142umaczy\u0107 fakt, \u017ce pr\u00f3buje t\u0142umaczy\u0107 si\u0119 haniebn\u0105 kolaboracj\u0119 \u017byd\u00f3w ich zagro\u017ceniem \u017cycia, ale takiej w\u0105tpliwej logiki nie akceptuje si\u0119 wobec Polak\u00f3w &#8211; r\u00f3wnie\u017c \u015bmiertelnie zagro\u017conych przez okupant\u00f3w?<\/p>\r\n<p>Niedostatkami i wypaczeniami w edukacji historycznej? Z\u0142\u0105 wol\u0105? Interesem politycznym? A mo\u017ce g\u0142\u0119bokimi r\u00f3\u017cnicami cywilizacyjnymi i haggad\u0105 &#8211; \u017cydowskim, innym ni\u017c \u0142aci\u0144skie, podej\u015bciem do historii?<\/p>\r\n<p><em><strong>Micha\u0142 Wa\u0142ach<\/strong><\/em><\/p>","protected":false},"excerpt":{"rendered":"W\u0142adze Izraela oraz \u017bydzi w diasporze, w tym w Polsce, s\u0105 oburzeni s\u0142owami Mateusza Morawieckiego o \u201e\u017cydowskich sprawcach\u201d. Najwi\u0119kszym problemem ca\u0142ej sprawy nie jest jednak zaognienie relacji z Tel Awiwem, ale to, \u017ce wzburzenie wywo\u0142a\u0142y s\u0142owa prawdy. \u017bydowscy policjanci w getcie warszawskim, maj 1941. Bundesarchiv, Bild 101I-134-0792-28 \/ Knobloch, Ludwig \/ CC-BY-SA 3.0 [CC BY-SA [&hellip;]","protected":false},"author":1,"featured_media":0,"comment_status":"closed","ping_status":"closed","sticky":false,"template":"","format":"standard","meta":{"_acf_changed":false,"_monsterinsights_skip_tracking":false,"_monsterinsights_sitenote_active":false,"_monsterinsights_sitenote_note":"","_monsterinsights_sitenote_category":0,"ngg_post_thumbnail":0,"footnotes":"","_wp_rev_ctl_limit":""},"categories":[9],"tags":[65,22,197,59],"acf":[],"_links":{"self":[{"href":"https:\/\/www.bibula.com\/index.php?rest_route=\/wp\/v2\/posts\/99941"}],"collection":[{"href":"https:\/\/www.bibula.com\/index.php?rest_route=\/wp\/v2\/posts"}],"about":[{"href":"https:\/\/www.bibula.com\/index.php?rest_route=\/wp\/v2\/types\/post"}],"author":[{"embeddable":true,"href":"https:\/\/www.bibula.com\/index.php?rest_route=\/wp\/v2\/users\/1"}],"replies":[{"embeddable":true,"href":"https:\/\/www.bibula.com\/index.php?rest_route=%2Fwp%2Fv2%2Fcomments&post=99941"}],"version-history":[{"count":0,"href":"https:\/\/www.bibula.com\/index.php?rest_route=\/wp\/v2\/posts\/99941\/revisions"}],"wp:attachment":[{"href":"https:\/\/www.bibula.com\/index.php?rest_route=%2Fwp%2Fv2%2Fmedia&parent=99941"}],"wp:term":[{"taxonomy":"category","embeddable":true,"href":"https:\/\/www.bibula.com\/index.php?rest_route=%2Fwp%2Fv2%2Fcategories&post=99941"},{"taxonomy":"post_tag","embeddable":true,"href":"https:\/\/www.bibula.com\/index.php?rest_route=%2Fwp%2Fv2%2Ftags&post=99941"}],"curies":[{"name":"wp","href":"https:\/\/api.w.org\/{rel}","templated":true}]}}