{"id":999,"date":"2007-05-10T00:00:00","date_gmt":"2007-05-10T00:00:00","guid":{"rendered":""},"modified":"-0001-11-30T00:00:00","modified_gmt":"-0001-11-30T04:00:00","slug":"","status":"publish","type":"post","link":"https:\/\/www.bibula.com\/?p=999","title":{"rendered":"Razwiedka tworzy &#8222;\u017byw\u0105 Cerkiew&#8221;? &#8211; <em>Stanis\u0142aw Michalkiewicz<\/em>"},"content":{"rendered":"<p>Media donios\u0142y, \u017ce medialna grupa ITI kupi\u0142a 49% udzia\u0142\u00f3w &bdquo;<em>Tygodnika Powszechnego<\/em>&rdquo;. W rzeczywisto\u015bci sprawa jest troch\u0119 bardziej skomplikowana, bo &bdquo;<em>TP<\/em>&rdquo; jest wydawany przez sp\u00f3\u0142k\u0119 Tygodnik Powszechny, kt\u00f3rej jedynym w\u0142a\u015bcicielem od 2002 roku by\u0142a Fundacja &bdquo;<em>Tygodnika Powszechnego<\/em>&rdquo;.<br \/>\r\n  <img decoding=\"async\" src=\"http:\/\/www.michalkiewicz.pl\/img\/spacja.gif\" alt=\"\" height=\"15\" width=\"1\" \/><br \/>\r\n  Tworz\u0105 j\u0105 dotychczasowi udzia\u0142owcy sp\u00f3\u0142ki &bdquo;<em>Tygodnik Powszechny<\/em>&rdquo;, Spo\u0142eczny Instytut Wydawniczy &bdquo;<em>Znak<\/em>&rdquo;, francuska kompania Bayard Presse wydaj\u0105ca m.in. dziennik &bdquo;<em>La Croix<\/em>&rdquo;  oraz dwa stowarzyszenia: Malesherbes Solidarite i Europe Presse  Solidarite. Wygl\u0105da na to, \u017ce grupa ITI kupi\u0142a 49% udzia\u0142\u00f3w w sp\u00f3\u0142ce  Tygodnik Powszechny.<br \/>\r\n  <img decoding=\"async\" src=\"http:\/\/www.michalkiewicz.pl\/img\/spacja.gif\" alt=\"\" height=\"15\" width=\"1\" \/><br \/>\r\n  Grupa ITI, to znaczy &ndash; International Trading and Investment Holdings SA  Luxemburg powsta\u0142a w roku 1984, kiedy to dwaj jej za\u0142o\u017cyciele: Jan  Wejchert i Mariusz Walter otrzymali od \u00f3wczesnych w\u0142adz koncesj\u0119 na  import elektroniki i rozprowadzanie kaset video.<br \/>\r\n  <img decoding=\"async\" src=\"http:\/\/www.michalkiewicz.pl\/img\/spacja.gif\" alt=\"\" height=\"15\" width=\"1\" \/><br \/>\r\n  Z r\u00f3\u017cnych powod\u00f3w, o kt\u00f3rych pisa\u0142em kiedy\u015b w &bdquo;<em>Najwy\u017cszym Czasie<\/em>&rdquo; [artyku\u0142 <a class=\"content_sz\" href =\"http:\/\/www.michalkiewicz.pl\/ncz_07-10-2006.php\" title=\"Ci\u0105g dalszy...\"><u>W mrocznych pocz\u0105tkach &ndash; po omacku<\/u><\/a> przyp. webmaster] podejrzewam, \u017ce firma ta, podobnie zreszt\u0105, jak wiele  innych, zosta\u0142a za\u0142o\u017cona przy udziale wywiadu wojskowego i jego  pieni\u0119dzy w ramach przygotowa\u0144 nomenklatury do transformacji ustrojowej.<br \/>\r\n  <img decoding=\"async\" src=\"http:\/\/www.michalkiewicz.pl\/img\/spacja.gif\" alt=\"\" height=\"15\" width=\"1\" \/><br \/>\r\n  Obecnie grupa ITI jest w\u0142a\u015bcicielem m.in. telewizji TVN, portalu internetowego &bdquo;<em>Onet<\/em>&rdquo; i sieci kin &bdquo;<em>Multikino<\/em>&rdquo;,  kontroluj\u0105c w ten spos\u00f3b spory segment rynku medialnego i rozrywkowego.  W kampanii wyborczej 2005 roku i p\u00f3\u017aniej, w\u0142a\u015bciwie a\u017c do dnia  dzisiejszego, media grupy ITI bardzo aktywnie zwalcza\u0142y PiS, wspieraj\u0105c  jednocze\u015bnie Platform\u0119 Obywatelsk\u0105.<br \/>\r\n  <img decoding=\"async\" src=\"http:\/\/www.michalkiewicz.pl\/img\/spacja.gif\" alt=\"\" height=\"15\" width=\"1\" \/><br \/>\r\n  Obecnie coraz mocniej anga\u017cuj\u0105 si\u0119 w przygotowanie triumfalnego powrotu  na polityczn\u0105 scen\u0119 Aleksandra Kwa\u015bniewskiego na czele Ruchu Obrony  Zdobyczy III Rzeczypospolitej. Prezydentem ITI jest Jan Wejchert,  wiceprezydentami &ndash; Mariusz Walter i Bruno Valsangiacomo, za\u015b prezesem i  dyrektorem generalnym &ndash; Wojciech Kostrzewa.<br \/>\r\n  <img decoding=\"async\" src=\"http:\/\/www.michalkiewicz.pl\/img\/spacja.gif\" alt=\"\" height=\"15\" width=\"1\" \/><br \/>\r\n  Ten urodzony w 1960 roku biznesmen najpierw &bdquo;<em>studiowa\u0142 prawo<\/em>&rdquo; w Warszawie, by sko\u0144czy\u0107 ekonomi\u0119 w Niemczech i zaraz po sko\u0144czeniu, jako 29-letni absolwent &ndash; &bdquo;<em>doradza\u0107<\/em>&rdquo; wicepremierowi i profesorowi Leszkowi Balcerowiczowi.<br \/>\r\n  <img decoding=\"async\" src=\"http:\/\/www.michalkiewicz.pl\/img\/spacja.gif\" alt=\"\" height=\"15\" width=\"1\" \/><br \/>\r\n  Czy mia\u0142 mu &bdquo;<em>doradza\u0107<\/em>&rdquo;  , czy te\u017c go pilnowa\u0107, \u017ceby robi\u0142 to, co mu tam razwiedka kaza\u0142a &ndash; tego  ju\u017c si\u0119 pewnie nie dowiemy, bo Trybuna\u0142 Konstytucyjny pewnie i tym  razem nie dopu\u015bci do dzia\u0142ania &bdquo;<em>bankowej<\/em>&rdquo; komisji \u015bledczej.  Wprawdzie pan Kostrzewa ju\u017c raz przed ni\u0105 stan\u0105\u0142, ale dowiedzieli\u015bmy  si\u0119 tylko, \u017ce ma r\u00f3wnie\u017c obywatelstwo niemieckie.<br \/>\r\n  <img decoding=\"async\" src=\"http:\/\/www.michalkiewicz.pl\/img\/spacja.gif\" alt=\"\" height=\"15\" width=\"1\" \/><br \/>\r\n  Kupno udzia\u0142\u00f3w w &bdquo;<em>Tygodniu Powszechnym<\/em>&rdquo;  pokazuje, \u017ce ITI zamierza zaj\u0105\u0107 si\u0119 polskim katolicyzmem. Wcze\u015bniej  bowiem zatrudni\u0142a ks. Sow\u0119 i Szymona Ho\u0142owni\u0119, kt\u00f3rzy maj\u0105 uruchomi\u0107  tam redakcj\u0119 katolick\u0105.<br \/>\r\n  <img decoding=\"async\" src=\"http:\/\/www.michalkiewicz.pl\/img\/spacja.gif\" alt=\"\" height=\"15\" width=\"1\" \/><br \/>\r\n  Mo\u017cna powiedzie\u0107, \u017ce najwy\u017cszy czas, bo skoro Niemcy wyznaczy\u0142y w  Deklaracji Berli\u0144skiej rok 2009 na przyj\u0119cie konstytucji Unii  Europejskiej, to jest to ostatni dzwonek, \u017ceby zaj\u0105\u0107 si\u0119 wreszcie  polskim katolicyzmem. Mo\u017cna powiedzie\u0107, \u017ce od dw\u00f3ch lat sprawia on  wra\u017cenie pozostawionego samopas, a i przedtem nie wygl\u0105da\u0142 dobrze,  zw\u0142aszcza z punktu widzenia standard\u00f3w europejskich.<br \/>\r\n  <img decoding=\"async\" src=\"http:\/\/www.michalkiewicz.pl\/img\/spacja.gif\" alt=\"\" height=\"15\" width=\"1\" \/><br \/>\r\n  Wiadomo, \u017ce wed\u0142ug tych standard\u00f3w katolicyzm na by\u0107 &bdquo;<em>otwarty<\/em>&rdquo;,  zw\u0142aszcza na sygna\u0142y p\u0142yn\u0105ce z razwiedki i rue Cadet w Pary\u017cu, gdzie ma  siedzib\u0119 Wielki Wsch\u00f3d Francji, co wymaga porzucenia archaicznej,  sztywnej pryncypialno\u015bci, z tym idiotycznym &bdquo;<em>tak-tak, nie-nie<\/em>&rdquo;.<br \/>\r\n  <img decoding=\"async\" src=\"http:\/\/www.michalkiewicz.pl\/img\/spacja.gif\" alt=\"\" height=\"15\" width=\"1\" \/><br \/>\r\n  Ju\u017c tam w TVN przewielebny ks. Sowa z panem red. Ho\u0142owni\u0105 zadbaj\u0105 o to,  jak si\u0119 nale\u017cy, ale, ma si\u0119 rozumie\u0107, raczej dla mas, to znaczy na  poziomie &bdquo;<em>Kiepskich<\/em>&rdquo;, podczas gdy &bdquo;<em>Tygodnik<\/em>&rdquo; jest potrzebny  gwoli transmisji po\u017c\u0105danych tre\u015bci dla elity, czyli na poziomie &bdquo;<em>Kasi i Tomka<\/em>&rdquo;. Wielu czytelnik\u00f3w  wyra\u017ca\u0142o w\u0105tpliwo\u015bci, czy zakup tak du\u017cego udzia\u0142u w sp\u00f3\u0142ce nie zagrozi aby s\u0142awnej niezale\u017cno\u015bci &bdquo;<em>Tygodnika Powszechnego<\/em>&rdquo;, czy b\u0119dzie on m\u00f3g\u0142 na przyk\u0142ad wydrukowa\u0107 krytyczn\u0105 recenzj\u0119 seriali &bdquo;<em>M jak mi\u0142o\u015b\u0107<\/em>&rdquo;.<br \/>\r\n  <img decoding=\"async\" src=\"http:\/\/www.michalkiewicz.pl\/img\/spacja.gif\" alt=\"\" height=\"15\" width=\"1\" \/><br \/>\r\n  Oczywi\u015bcie nie ma obawy; serial b\u0119dzie m\u00f3g\u0142 &bdquo;<em>Tygodnik<\/em>&rdquo;  krytykowa\u0107, ile dusza zapragnie, oczywi\u015bcie w granicach rozs\u0105dku, za\u015b  s\u0142awnej niezale\u017cno\u015bci nic nie jest w stanie zagrozi\u0107, bo na jej stra\u017cy  stoi statut Fundacji TP, kt\u00f3ry w paragrafie 9 pkt e) wyra\u017anie stanowi,  \u017ce jednym z cel\u00f3w Fundacji jest &bdquo;<em>promowanie modelu integracji europejskiej opartego na judeochrze\u015bcija\u0144skich warto\u015bciach kultury europejskiej<\/em>&rdquo;.<br \/>\r\n  <img decoding=\"async\" src=\"http:\/\/www.michalkiewicz.pl\/img\/spacja.gif\" alt=\"\" height=\"15\" width=\"1\" \/><br \/>\r\n  Kiedy\u015b, gdy ca\u0142y ob\u00f3z socjalistyczny, ze Zwi\u0105zkiem Radzieckim na czele,  by\u0142 zaanga\u017cowany w walk\u0119 narod\u00f3w arabskich z ameryka\u0144skim  imperializmem, <em>razwiedka<\/em> zwalcza\u0142a r\u00f3wnie\u017c &bdquo;<em>judeochrze\u015bcija\u0144stwo<\/em>&rdquo;, ale dzisiaj sytuacja si\u0119 zmieni\u0142a i &bdquo;<em>judeochrze\u015bcija\u0144stwo<\/em>&rdquo;  jest nawet zalecane, w odr\u00f3\u017cnieniu od chrze\u015bcija\u0144stwa zwyczajnego,  kt\u00f3re po staremu nadal wzbudza nieufno\u015b\u0107, zw\u0142aszcza europejs\u00f3w,  promuj\u0105cych model integracji.<br \/>\r\n  <img decoding=\"async\" src=\"http:\/\/www.michalkiewicz.pl\/img\/spacja.gif\" alt=\"\" height=\"15\" width=\"1\" \/><br \/>\r\n  Poniewa\u017c nie tylko integracja, ale r\u00f3wnie\u017c przemys\u0142 rozrywkowy wymagaj\u0105  jasnych i pogodnych sytuacji, dlatego te\u017c nie ulega w\u0105tpliwo\u015bci, \u017ce  tylko patrze\u0107, jak w \u015blad za tymi posuni\u0119ciami ITI w sferze &bdquo;<em>bazy<\/em>&rdquo;, pojawi\u0105 si\u0119 r\u00f3wnie\u017c po\u017c\u0105dane zmiany w &bdquo;<em>nadbudowie<\/em>&rdquo; w postaci &bdquo;<em>\u017bywej Cerkwi<\/em>&rdquo;.<br \/>\r\n  <img decoding=\"async\" src=\"http:\/\/www.michalkiewicz.pl\/img\/spacja.gif\" alt=\"\" height=\"15\" width=\"1\" \/><br \/>\r\n\u017bywa Cerkiew, jak wiadomo, powsta\u0142a dzi\u0119ki wyeliminowaniu z Cerkwi  Prawos\u0142awnej duchownych nie potrafi\u0105cych zrozumie\u0107 dziejowych  konieczno\u015bci, wynikaj\u0105cych z rewolucji pa\u017adziernikowej i leninowskich  norm \u017cycia partyjnego. Pozosta\u0142a cz\u0119\u015b\u0107, wsparta przez oddelegowanych na  ten odcinek czekist\u00f3w, dokona\u0142a przebudowy Cerkwi w duchu otwarto\u015bci na  nowe idee, przez co tak bardzo j\u0105 o\u017cywi\u0142a, \u017ce a\u017c trzeba by\u0142o zaznaczy\u0107  to w nomenklaturze.<br \/>\r\n<img decoding=\"async\" src=\"http:\/\/www.michalkiewicz.pl\/img\/spacja.gif\" alt=\"\" height=\"15\" width=\"1\" \/><br \/>\r\nI tak, jak przed laty &bdquo;<em>\u017bywa Cerkiew<\/em>&rdquo;  wspiera\u0142a ka\u017cd\u0105 post\u0119pow\u0105 przemian\u0119, r\u00f3wnie\u017c nowe jej wcielenie wesprze  tworz\u0105cy si\u0119 Ruch Obrony Zdobyczy III Rzeczypospolitej na odcinku  moralno\u015bci. Ju\u017c tam czeki\u015bci t\u0119 ci\u0105g\u0142o\u015b\u0107 zagwarantuj\u0105.<br \/>\r\n<br \/>\r\n<br \/>\r\n<img decoding=\"async\" src=\"http:\/\/www.michalkiewicz.pl\/img\/kwad.gif\" alt=\"\" height=\"12\" width=\"6\" \/> <em>Stanis\u0142aw Michalkiewicz<\/em><br \/>\r\n&nbsp;&nbsp;www.michalkiewicz.pl<\/p>\r\n<p><img decoding=\"async\" src=\"http:\/\/www.michalkiewicz.pl\/img\/spacja.gif\" alt=\"\" height=\"5\" width=\"1\" \/><em>Komentarz &nbsp;&middot;&nbsp; &bdquo;Nasz Dziennik&rdquo; &nbsp;&middot;&nbsp; 6 maja 2007 &nbsp;|&nbsp; www.michalkiewicz.pl<\/em><\/p>\r\n\r\n","protected":false},"excerpt":{"rendered":"Media donios\u0142y, \u017ce medialna grupa ITI kupi\u0142a 49% udzia\u0142\u00f3w &bdquo;Tygodnika Powszechnego&rdquo;. W rzeczywisto\u015bci sprawa jest troch\u0119 bardziej skomplikowana, bo &bdquo;TP&rdquo; jest wydawany przez sp\u00f3\u0142k\u0119 Tygodnik Powszechny, kt\u00f3rej jedynym w\u0142a\u015bcicielem od 2002 roku by\u0142a Fundacja &bdquo;Tygodnika Powszechnego&rdquo;. Tworz\u0105 j\u0105 dotychczasowi udzia\u0142owcy sp\u00f3\u0142ki &bdquo;Tygodnik Powszechny&rdquo;, Spo\u0142eczny Instytut Wydawniczy &bdquo;Znak&rdquo;, francuska kompania Bayard Presse wydaj\u0105ca m.in. dziennik &bdquo;La [&hellip;]","protected":false},"author":1,"featured_media":0,"comment_status":"closed","ping_status":"open","sticky":false,"template":"","format":"standard","meta":{"_acf_changed":false,"_monsterinsights_skip_tracking":false,"_monsterinsights_sitenote_active":false,"_monsterinsights_sitenote_note":"","_monsterinsights_sitenote_category":0,"ngg_post_thumbnail":0,"footnotes":"","_wp_rev_ctl_limit":""},"categories":[9],"tags":[34],"acf":[],"_links":{"self":[{"href":"https:\/\/www.bibula.com\/index.php?rest_route=\/wp\/v2\/posts\/999"}],"collection":[{"href":"https:\/\/www.bibula.com\/index.php?rest_route=\/wp\/v2\/posts"}],"about":[{"href":"https:\/\/www.bibula.com\/index.php?rest_route=\/wp\/v2\/types\/post"}],"author":[{"embeddable":true,"href":"https:\/\/www.bibula.com\/index.php?rest_route=\/wp\/v2\/users\/1"}],"replies":[{"embeddable":true,"href":"https:\/\/www.bibula.com\/index.php?rest_route=%2Fwp%2Fv2%2Fcomments&post=999"}],"version-history":[{"count":0,"href":"https:\/\/www.bibula.com\/index.php?rest_route=\/wp\/v2\/posts\/999\/revisions"}],"wp:attachment":[{"href":"https:\/\/www.bibula.com\/index.php?rest_route=%2Fwp%2Fv2%2Fmedia&parent=999"}],"wp:term":[{"taxonomy":"category","embeddable":true,"href":"https:\/\/www.bibula.com\/index.php?rest_route=%2Fwp%2Fv2%2Fcategories&post=999"},{"taxonomy":"post_tag","embeddable":true,"href":"https:\/\/www.bibula.com\/index.php?rest_route=%2Fwp%2Fv2%2Ftags&post=999"}],"curies":[{"name":"wp","href":"https:\/\/api.w.org\/{rel}","templated":true}]}}