{"id":99871,"date":"2018-02-16T11:23:31","date_gmt":"2018-02-16T16:23:31","guid":{"rendered":"http:\/\/www.bibula.com\/?p=99871"},"modified":"2018-02-16T11:23:31","modified_gmt":"2018-02-16T16:23:31","slug":"imperium-kulczykow-wyroslo-w-lesie","status":"publish","type":"post","link":"https:\/\/www.bibula.com\/?p=99871","title":{"rendered":"Imperium Kulczyk\u00f3w wyros\u0142o w lesie"},"content":{"rendered":"<p><strong>Jan Kulczyk zaczyna\u0142 interes od zbierania grzyb\u00f3w i jag\u00f3d. Sko\u0144czy\u0142 jako w\u0142a\u015bciciel ogromnego maj\u0105tku, zdobytego dzi\u0119ki przychylno\u015bci polityk\u00f3w<\/strong><\/p>\r\n<p>Maj\u0105tki najbogatszych obecnie ludzi mia\u0142y pocz\u0105tek w latach 80-tych. Dobrym przyk\u0142adem jest Jan Kulczyk, kt\u00f3ry z rozbrajaj\u0105c\u0105 szczero\u015bci\u0105 przyzna\u0142 w 2004 r. przed komisj\u0105 \u015bledcza ds. prywatyzacji Orlenu, ze pierwszy milion dosta\u0142 od ojca.<\/p>\r\n<p><span id=\"more-69019\"><\/span>Wiadomo, \u017ce ojciec Jana Kulczyka, Henryk, mieszka\u0142 w RFN. Poprzez syna sprowadza\u0142 do Niemiec jagody i grzyby. M\u0142ody Kulczyk by\u0142 te\u017c wtedy w\u0142a\u015bcicielem firmy produkuj\u0105cej w Polsce past\u0119 czyszcz\u0105c\u0105 BHP. Jego interesy przyspieszy\u0142y, kiedy w 1988 r. podpisa\u0142 umow\u0119 z Volkswagenem, na mocy kt\u00f3rej mia\u0142 wprowadzi\u0107 t\u0119 mark\u0119 na rynek polski. <span class=\"pullquote\">Trudno nie oprze\u0107 si\u0119 pytaniu, jak m\u0142ody w\u00f3wczas przedsi\u0119biorca dosta\u0142 tak intratn\u0105 umow\u0119?<\/span><\/p>\r\n<p>Potem pojawi\u0142a si\u0119 przychylno\u015b\u0107 ze strony w\u0142adz. Kulczyk dzi\u0119ki znajomo\u015bci z \u00f3wczesnym wiceministrem handlu wewn\u0119trznego Andrzejem Malinowskim (dzisiaj prezydent Pracodawc\u00f3w Rzeczpospolitej Polski) dosta\u0142 rz\u0105dowy kontrakt na 3 tys. samochod\u00f3w za 150 mln z\u0142 dla MSW w 1991 roku.<\/p>\r\n<p>Do tej pory kontrowersje budzi tzw. prywatyzacja TP SA rozpocz\u0119ta za rz\u0105d\u00f3w SLD, a doko\u0144czona za rz\u0105d\u00f3w AWS. Kulczyk w toku negocjacji z rz\u0105dem ustali\u0142, \u017ce w ramach sprzedawanych 35 proc. akcji przejmie blisko 13,6 proc., tak aby sami tylko Francuzi nie mieli pakietu kontrolnego nad TP SA. Kulczyk nie wyjawi\u0142 jednak sk\u0105d we\u017amie pieni\u0105dze na zakup wspomnianego pakietu.<\/p>\r\n<p>Jan Kulczyk obj\u0105\u0142 akcje TP SA , ale finansowanie tego zakupu zorganizowali w mi\u0119dzynarodowych bankach Francuzi. Najprawdopodobniej wi\u0119c nie wy\u0142o\u017cy\u0142 nawet z\u0142ot\u00f3wki.<\/p>\r\n<p>Ostatecznie Kulczyk sprzeda\u0142 France Telecom posiadane przez siebie akcje TP SA w 2005 roku. Zgodnie z umow\u0105 Francuzi otrzymali nie tylko 13,6 proc. akcji, ale r\u00f3wnie\u017c wzi\u0119li na siebie sp\u0142at\u0119 zaci\u0105gni\u0119tego przez polskiego biznesmena kredytu. W zamian Kulczyk zainkasowa\u0142 od France Telecom 40 mln euro na czysto wy\u0142\u0105cznie za po\u015brednictwo plus kilkadziesi\u0105t milion\u00f3w z\u0142otych w formie dywidendy. France Telecom potrzebowa\u0142 bowiem \u201epolskiego wk\u0142adu\u201d w ofercie, aby wygra\u0107 z zainteresowanymi zakupem TP SA zagranicznymi koncernami.<\/p>\r\n<p>W 1993 r. Kulczyk zaanga\u017cowa\u0142 si\u0119 te\u017c w prywatyzacj\u0119 Browar\u00f3w Wielkopolskich, aby dwa lata p\u00f3\u017aniej pozyska\u0107 partnera strategicznego South African Breweries International (SABI, p\u00f3\u017aniejszy SABMiller), a rok p\u00f3\u017aniej nast\u0119puje zakup wi\u0119kszo\u015bciowego pakietu akcji przez partnera strategicznego South African Breweries International. Browar\u00f3w Tyskich G\u00f3rny \u015al\u0105sk. W 1999 r. powstaje Kompania Piwowarska z fuzji Browar\u00f3w Wielkopolskich i \u015al\u0105skich.<\/p>\r\n<p>Ciekawe w\u0105tki wysz\u0142y te\u017c przy okazji komisji \u015bledczej ds. Orlenu. W trakcie posiedzenia komisji, kt\u00f3rej zadaniem by\u0142o wyja\u015bnienie afery wybuch\u0142ej 21 pa\u017adziernika 2004 r., ujawniono notatki Agencji Wywiadu, w kt\u00f3rych opisane zosta\u0142o spotkanie Jana Kulczyka z W\u0142adimirem A\u0142ganowem w lipcu 2003 w Wiedniu, podczas kt\u00f3rego polski biznesmen podobno mia\u0142 powo\u0142ywa\u0107 si\u0119 na swoje wp\u0142ywy u prezydenta Aleksandra Kwa\u015bniewskiego w sprawie korzystnej dla Rosjan prywatyzacji Rafinerii Gda\u0144skiej.<\/p>\r\n<p>W\u0142adimir A\u0142ganow by\u0142 dobrze znanym w Polsce agentem rosyjskiego wywiadu. <em>[To on wp\u0119dzi\u0142 Polsk\u0119 do NATO i do Unii oraz sprzeda\u0142 polski maj\u0105tek narodowy za 100% warto\u015bci &#8211; admin]<\/em><\/p>\r\n<ul>\r\n\t<li>Czytaj tak\u017ce: <a href=\"http:\/\/wgospodarce.pl\/informacje\/46226-prywatyzacja-ciech-to-najwieksza-afera-rzadow-po-psl\" rel=\"nofollow\">http:\/\/wgospodarce.pl\/informacje\/46226-prywatyzacja-ciech-to-najwieksza-afera-rzadow-po-psl<\/a><\/li>\r\n<\/ul>\r\n<p>Szcz\u0119\u015bcie opu\u015bci\u0142o Kulczyk\u00f3w dopiero teraz. Dzi\u015b dosz\u0142o do zatrzyma\u0144 w sprawie nieprawid\u0142owo\u015bci przy prywatyzacji Ciechu. Nie bez znaczenia jest r\u00f3wnie\u017c nakaz Komisji Europejskiej, na mocy kt\u00f3rego Autostrada Wielkopolska ma zwr\u00f3ci\u0107 895 mln z\u0142. Zdaniem Brukseli operator odcinka A2 otrzyma\u0142 nadmiern\u0105 rekompensat\u0119 z tytu\u0142u zmiany ustawy o autostradach p\u0142atnych.<\/p>\r\n<ul>\r\n\t<li>Czytaj tak\u017ce: <a href=\"http:\/\/wgospodarce.pl\/informacje\/46237-sypie-sie-imperium-jana-kulczyka\" rel=\"nofollow\">http:\/\/wgospodarce.pl\/informacje\/46237-sypie-sie-imperium-jana-kulczyka<\/a><\/li>\r\n<\/ul>\r\n<p>Wreszcie rz\u0105dz\u0105cy zainteresowali si\u0119 tak\u017ce horrendalnymi op\u0142atami, jakie nak\u0142ada Autostrada Wielkopolska na polskich kierowc\u00f3w. Wczoraj minister sprawiedliwo\u015bci zarz\u0105dzi\u0142 \u015bledztwo, kt\u00f3re dotyczy wyja\u015bnienia okoliczno\u015bci w jakich dosz\u0142o do przyznania na 40 lat sp\u00f3\u0142ce Autostrada Wielkopolska koncesji, kt\u00f3ra daje jej prawo do nieograniczonego podwy\u017cszania op\u0142at za przejazd zbudowan\u0105 autostrad\u0105.<\/p>\r\n<p><em><a href=\"http:\/\/wgospodarce.pl\/informacje\/46247-imperium-kulczykow-wyroslo-w-lesie\" target=\"_blank\" rel=\"noopener\">http:\/\/wgospodarce.pl<\/a><\/em><\/p>\r\n<p><em>Co tu nadzwyczajnego?<\/em><br>\r\n <em>By\u0142y prezydent III RP, Lech W., dorobi\u0142 si\u0119 wygranymi w totolotka i rozwi\u0105zywaniem krzy\u017c\u00f3wek, to niby dlaczego Kulczyk nie m\u00f3g\u0142 zosta\u0107 miliarderem zbieraj\u0105c ma\u015blaki?<\/em><br>\r\n <em>Admin<\/em><\/p>\r\n<p class=\"zrodlo\">Za: <a href=\"https:\/\/marucha.wordpress.com\/2018\/02\/16\/imperium-kulczykow-wyroslo-w-lesie\/\">Dziennik gajowego Maruchy (2018-02-16)<\/a><\/p>","protected":false},"excerpt":{"rendered":"Jan Kulczyk zaczyna\u0142 interes od zbierania grzyb\u00f3w i jag\u00f3d. Sko\u0144czy\u0142 jako w\u0142a\u015bciciel ogromnego maj\u0105tku, zdobytego dzi\u0119ki przychylno\u015bci polityk\u00f3w Maj\u0105tki najbogatszych obecnie ludzi mia\u0142y pocz\u0105tek w latach 80-tych. Dobrym przyk\u0142adem jest Jan Kulczyk, kt\u00f3ry z rozbrajaj\u0105c\u0105 szczero\u015bci\u0105 przyzna\u0142 w 2004 r. przed komisj\u0105 \u015bledcza ds. prywatyzacji Orlenu, ze pierwszy milion dosta\u0142 od ojca. Wiadomo, \u017ce ojciec [&hellip;]","protected":false},"author":1,"featured_media":0,"comment_status":"closed","ping_status":"closed","sticky":false,"template":"","format":"standard","meta":{"_acf_changed":false,"_monsterinsights_skip_tracking":false,"_monsterinsights_sitenote_active":false,"_monsterinsights_sitenote_note":"","_monsterinsights_sitenote_category":0,"ngg_post_thumbnail":0,"footnotes":"","_wp_rev_ctl_limit":""},"categories":[8],"tags":[114,92,52,81,36],"acf":[],"_links":{"self":[{"href":"https:\/\/www.bibula.com\/index.php?rest_route=\/wp\/v2\/posts\/99871"}],"collection":[{"href":"https:\/\/www.bibula.com\/index.php?rest_route=\/wp\/v2\/posts"}],"about":[{"href":"https:\/\/www.bibula.com\/index.php?rest_route=\/wp\/v2\/types\/post"}],"author":[{"embeddable":true,"href":"https:\/\/www.bibula.com\/index.php?rest_route=\/wp\/v2\/users\/1"}],"replies":[{"embeddable":true,"href":"https:\/\/www.bibula.com\/index.php?rest_route=%2Fwp%2Fv2%2Fcomments&post=99871"}],"version-history":[{"count":0,"href":"https:\/\/www.bibula.com\/index.php?rest_route=\/wp\/v2\/posts\/99871\/revisions"}],"wp:attachment":[{"href":"https:\/\/www.bibula.com\/index.php?rest_route=%2Fwp%2Fv2%2Fmedia&parent=99871"}],"wp:term":[{"taxonomy":"category","embeddable":true,"href":"https:\/\/www.bibula.com\/index.php?rest_route=%2Fwp%2Fv2%2Fcategories&post=99871"},{"taxonomy":"post_tag","embeddable":true,"href":"https:\/\/www.bibula.com\/index.php?rest_route=%2Fwp%2Fv2%2Ftags&post=99871"}],"curies":[{"name":"wp","href":"https:\/\/api.w.org\/{rel}","templated":true}]}}