{"id":9984,"date":"2009-06-04T09:04:52","date_gmt":"2009-06-04T14:04:52","guid":{"rendered":"http:\/\/www.bibula.com\/?p=9984"},"modified":"2009-06-04T12:11:00","modified_gmt":"2009-06-04T17:11:00","slug":"szczere-wyznanie-rabina-przedstawiciela-chasydow-moralnosc-to-katastrofalny-wynalazek-ludzkosci","status":"publish","type":"post","link":"https:\/\/www.bibula.com\/?p=9984","title":{"rendered":"Szczere wyznanie chasydzkiego rabina: moralno\u015b\u0107 to katastrofalny wynalazek ludzko\u015bci"},"content":{"rendered":"<p><strong><em>&#8222;Jedyn\u0105 drog\u0105 prowadzenia wojny w spos\u00f3b moralny jest droga \u017cydowska: niszczy\u0107 miejsca \u015bwi\u0119te. Zabija\u0107 m\u0119\u017cczyzn, kobiety i dzieci.&#8221;<\/em><\/strong><\/p>\r\n\r\n<p>&#8222;Jak \u017bydzi powinni traktowa\u0107 swoich arabskich s\u0105siad\u00f3w?&#8221; &#8211; takie pytanie zada\u0142 \u017cydowski miesi\u0119cznik <em>Moment<\/em> kilku prominentnym rabinom, przedstawicielom g\u0142\u00f3wnych od\u0142am\u00f3w judaizmu. Odpowiedzi by\u0142y mniej lub bardziej ogl\u0119dne i wypolerowane, jednak przedstawiciel chasydzkich \u017byd\u00f3w, rabin Manis Friedman zas\u0142yn\u0105\u0142 swoj\u0105 szczero\u015bci\u0105.<\/p>\r\n\r\n<p>Szczero\u015b\u0107 wypowiedzi wywo\u0142a\u0142a szok ze strony \u015brodowiska \u017cydowskiego i wyzwoli\u0142a fal\u0119 krytyki, na kt\u00f3r\u0105 rabin natychmiast zmuszony zosta\u0142 wyda\u0107 stosowne o\u015bwiadczenie. Stwierdza w nim, \u017ce &#8222;odpowied\u017a by\u0142a myl\u0105ca&#8221; i dodaje, \u017ce by\u0142a to &#8222;jego prywatna wypowied\u017a&#8221; oraz oczywi\u015bcie, \u017ce &#8222;nie reprezentuje ona oficjalnego stanowiska ruchu lub organizacji&#8221;. Po seansie szczero\u015bci rabin Friedman pr\u00f3buje teraz udowodni\u0107, \u017ce wypowiadaj\u0105c si\u0119 we wp\u0142ywowym miesi\u0119czniku jako przedstawiciel swojego od\u0142amu ruchu \u017cydowskiego i podpisuj\u0105c swoj\u0105 wypowied\u017a imieniem, nazwiskiem i nazw\u0105 instytucji, kt\u00f3r\u0105 reprezentuje, m\u00f3wi\u0142 jedynie sam za siebie i \u017ce jego opinia nie ma \u017cadnego zwi\u0105zku z ruchem Chasyd\u00f3w.<\/p>\r\n\r\n<p>A jest przed czym si\u0119 broni\u0107. Rabin Friedman napisa\u0142 bowiem &#8211; oto pe\u0142ny cytat:<\/p>\r\n\r\n\r\n<blockquote><p>Nie wierz\u0119 w zachodni\u0105 moralno\u015b\u0107, to jest to, \u017ce nie wolno zabija\u0107 cywil\u00f3w i dzieci, \u017ce nie wolno niszczy\u0107 miejsc \u015bwi\u0119tych, \u017ce nie wolno prowadzi\u0107 walk podczas okres\u00f3w \u015bwi\u0105tecznych, \u017ce nie wolno bombardowa\u0107 cmentarzy, \u017ce nie wolno strzela\u0107 dop\u00f3ki samemu nie jest najpierw ostrzelanym &#8211; nie wierz\u0119, \u017ce to wszystko jest niemoralne.<\/p>\r\n\r\n<p>Jedyn\u0105 drog\u0105 prowadzenia wojny w spos\u00f3b moralny jest droga \u017cydowska: niszczy\u0107 miejsca \u015bwi\u0119te. Zabija\u0107 m\u0119\u017cczyzn, kobiety i dzieci (oraz byd\u0142o).<\/p>\r\n\r\n<p>Pierwszy premier Izraela, kt\u00f3ry zadecyduje, \u017ce b\u0119dzie post\u0119powa\u0142 tak jak m\u00f3wi Stary Testament [<em>czytaj: Tora, a czytaj bardziej dok\u0142adnie: chodzi o Talmud<\/em> &#8211; Red.], wreszcie przyniesie pok\u00f3j Bliskiemu Wschodowi. Doprowadzi to, po pierwsze do tego, \u017ce Arabowie przestan\u0105 u\u017cywa\u0107 dzieci jako tarcze, po drugie, zaprzestan\u0105 uprowadzania, wiedz\u0105c \u017ce nie ul\u0119kniemy si\u0119, po trzecie, ze zniszczonymi miejscami \u015bwi\u0119tymi, przestan\u0105 wierzy\u0107, i\u017c B\u00f3g jest po ich stronie. W rezultacie: nie b\u0119dzie ofiar w\u015br\u00f3d cywil\u00f3w, nie b\u0119dzie dzieci w polu ognia, nie b\u0119dzie fa\u0142szywego sensu sprawiedliwo\u015bci &#8211; w sumie, nie b\u0119dzie wojny.<\/p>\r\n\r\n<p>Zero tolerancji dla rzucaj\u0105cych kamienie, dla wystrzeliwanych rakiet, dla uprowadzania dzieci, b\u0119dzie oznacza\u0142o, \u017ce pa\u0144stwo osi\u0105gn\u0119\u0142o swoj\u0105 suwerenno\u015b\u0107. Je\u015bli b\u0119dziemy \u017cyli warto\u015bciami Tory, staniemy si\u0119 \u015bwiat\u0142em-latarniami dla innych narod\u00f3w, kt\u00f3re cierpi\u0105 z powodu katastrofalnej moralno\u015bci jako wynalazku ludzko\u015bci.<\/p>\r\n\r\n<p><em>Rabin Manis Friedman<br \/>\r\n Bais Chana Institute of Jewish Studies<br \/>\r\n St. Paul, MN<\/em><\/p>\r\n\r\n<p>(Miesi\u0119cznik <em>The Moment<\/em> &#8211; maj\/czerwiec 2009)<\/p><\/blockquote>\r\n\r\n\r\n<p><br class=\"spacer_\" \/><\/p>\r\n\r\n<p>Rabin Friedman nale\u017cy do mesjanistycznego ruchu \u017byd\u00f3w chasydzkich. Przedstawiciele tego ruchu znani s\u0105 m.in. jako ci, kt\u00f3rzy je\u017cd\u017c\u0105c po \u015bwiecie spiskuj\u0105 i judaizuj\u0105 spo\u0142ecze\u0144stwa. Znani s\u0105 r\u00f3wnie\u017c z akcji zapalania Menor w miejscach publicznych, co jest planem kampanii judaizacji. W Polsce menory zapalane s\u0105 ju\u017c od kilku lat w oknie Pa\u0142acu Prezydenckiego RP. Zwyczaj wprowadzi\u0142 prezydent RP Lech Kaczy\u0144ski.<\/p>\r\n\r\n<p>W 2007 roku &#8222;Pierwsz\u0105 \u015bwieczk\u0119 zapalili prezydent Lech Kaczy\u0144ski z \u017con\u0105 Mari\u0105. Kolejne \u015bwieczki zapalili: naczelny rabin Polski Michael Schudrich, <strong>metropolita warszawski abp Kazimierz Nycz<\/strong>, przewodnicz\u0105cy Gminy  Wyznaniowej \u017bydowskiej Piotr Kadlcik, <strong>kapelan prezydenta ks. pra\u0142at  Roman Indrzejczyk<\/strong>, ambasador Izraela w Polsce Dawid Peleg oraz przedstawiciele spo\u0142eczno\u015bci \u017cydowskiej, w\u015br\u00f3d nich dzieci. Nast\u0119pnie rabin odm\u00f3wi\u0142 b\u0142ogos\u0142awie\u0144stwo.&#8221;<\/p>\r\n\r\n<p>W Sejmie RP \u015bwieczki na Menorach zapalili wicemarsza\u0142ek Jaros\u0142aw Kalinowski (PSL) wraz z rabinem S.B. Stambler, a wicepremier Waldemar Pawlak (PSL) i prezydent Warszawy, Hanna Gronkiewicz-Waltz (PO) wraz z ambasadorem Izraela, Davidem Peleg i by\u0142ym ambasadorem, Szymonem Weissem &#8211; zapalili \u015bwieczki na menorze ustawionej przed Pa\u0142acem Kultury (dawniej: imienia J\u00f3zefa Stalina).<\/p>\r\n\r\n<p>Prezydent RP Lech Kaczy\u0144kski \u017cyczy\u0142 z okazji Chanuki \u017bydom mieszkaj\u0105cym w Izraelu i w diasporze, w tym w Polsce, &#8222;pokoju i spokoju\u201d.<\/p>\r\n\r\n<p>Prezydent Kaczy\u0144ski otrzyma\u0142 te\u017c specjalny prezent &#8211; mezuz\u0119, kt\u00f3r\u0105 by\u0107 mo\u017ce wkr\u00f3tce zawiesi sobie na drzwiach, na\u015bladuj\u0105c tym samym wielu innych polityk\u00f3w, w tym <a class=\"content_sz\" href=\"..\/..\/?p=01295\" target=\"_blank\">Gubernatora Florydy<\/a>.<\/p>\r\n\r\n<p>Czym jest <strong>sekta Chabad-Lubavitch<\/strong> i ca\u0142y skupiaj\u0105cy si\u0119 w nim jak w soczewce \u017cydowski fanatyzm religijny z ob\u0142\u0105kan\u0105 rasistowsk\u0105 ideologi\u0105? W najbardziej poczytnym pi\u015bmie \u017cydowskim wydawanym w Stanach Zjednoczonych &#8211; <em>Jewish Week<\/em> (wydanie z 26 kwietnia 1996), rabin Yitzhak Ginsburg z sekty Chabad-Lubavitch powiedzia\u0142 szczerze czym kieruje si\u0119 ten rasistowski ruch:<\/p>\r\n\r\n<p><strong>&#8222;Dusze nie-\u017byd\u00f3w (<em>gentiles<\/em>) s\u0105 kompletnie innego i ni\u017cszego rz\u0119du. S\u0105 one ca\u0142kowicie diabelskie i nie maj\u0105 jakichkolwiek warto\u015bci i mo\u017cliwo\u015bci odkupie\u0144czych. [..] Je\u015bli pojedyncza kom\u00f3rka pochodz\u0105ca z cia\u0142a \u017byda posiada w sobie bosko\u015b\u0107, jest cz\u0119\u015bci\u0105 Boga, to ka\u017cdy \u0142a\u0144cuch DNA [z kom\u00f3rki cia\u0142a \u017byda] jest cz\u0119\u015bci\u0105 Boga. Wobec tego, w \u017cydowskim DNA jest co\u015b specjalnego.[&#8230;]<\/strong><\/p>\r\n\r\n<p><strong> Je\u015bli \u017byd potrzebuje w\u0105troby, czy mo\u017cna wzi\u0105\u0107 j\u0105 od przechodz\u0105cego obok nie-\u017byda, aby ocali\u0107 \u017byda? Tora prawdopodobnie by na to pozwoli\u0142a [bowiem] \u017cycie \u017byda ma niesko\u0144czon\u0105 warto\u015b\u0107. Jest co\u015b niesko\u0144czenie bardziej \u015bwi\u0119tego i unikalnego w \u017cyciu \u017byda ni\u017c w \u017cyciu nie-\u017byda\u201d.<\/strong><\/p>\r\n\r\n<p>Obok mn\u00f3stwa przyk\u0142ad\u00f3w z Talmudu &#8211; najbardziej rasistowskiej ksi\u0119gi spisanej ludzk\u0105 r\u0119k\u0105,  ukazuj\u0105cej pych\u0119  grupy <em>\u00c3\u0153bermensch<\/em> &#8211; za\u0142o\u017cyciele ruchu Chabad-Lubavitch, okre\u015blanej dzi\u015b jako &#8222;najwi\u0119ksza na \u015bwiecie \u017cydowska organizacja edukacyjna\u201d, rozwijaj\u0105 te my\u015bli. Oto rabin Shenur Zalman nazywa nie tylko chrze\u015bcijan, ale i nie-chrze\u015bcijan, czyli wszystkich opr\u00f3cz \u017byd\u00f3w: &#8222;\u015bmieciami, odpadkami Boga\u201d (\u201d<em>supernal refuse<\/em>&#8222;) &#8211; oczywi\u015bcie w najgorszym znaczeniu tego okre\u015blenia. Cytowany powy\u017cej rabin Ginsburg nie wymy\u015bla zatem nic nowego, a jedynie powtarza s\u0142owa rabina Zalmana.<strong> &#8222;Materia\u0142, z kt\u00f3rego stworzono nie-\u017byd\u00f3w pochodzi z odpad\u00f3w boskich. W rzeczywisto\u015bci, oni sami pochodz\u0105 ze \u015bmieci (odpad\u00f3w), a to \u017ce jest ich znacznie wi\u0119cej ni\u017c \u017byd\u00f3w, jest potwierdzeniem tego, gdy\u017c przecie\u017c ilo\u015b\u0107 odpad\u00f3w jest zawsze wi\u0119ksza ni\u017c liczba ziaren. [&#8230;] Wszyscy \u017bydzi s\u0105 naturalnie dobrzy, a nie-\u017bydzi &#8211; naturalnie niedobrzy.\u201d<\/strong><\/p>\r\n\r\n<p>Wypowied\u017a rabina Manis Friedmana nie odbiega wi\u0119c od cel\u00f3w, wizji i programu ruchu chasydzkiego, lecz jest jedynie najszczersz\u0105 jego kwintesencj\u0105.<\/p>\r\n\r\n<p><br class=\"spacer_\" \/><\/p>\r\n\r\n\r\n<blockquote><p><strong>ZOB. R\u00d3WNIE\u017b:<\/strong><\/p>\r\n\r\n\r\n<ul>\r\n\t\t<li> <a title=\" Judaizacja spo\u0142ecze\u0144stwa nabiera tempa: udzia\u0142 s\u0119dziego federalnego Antonin Scalia w debacie o prawie talmudycznym\" rel=\"bookmark\" href=\"..\/..\/?p=6148\">Judaizacja spo\u0142ecze\u0144stwa nabiera tempa: udzia\u0142 s\u0119dziego federalnego Antonin Scalia w debacie o prawie talmudycznym<\/a><\/li>\r\n\t\t<li><a title=\" Abp Nycz: \"Dzie\u0144 Judaizmu znalaz\u0142 trwa\u0142e miejsce w ko\u015bcielnym kalendarzu\u201d\" rel=\"bookmark\" href=\"..\/..\/?p=5661\">Abp Nycz: &#8222;Dzie\u0144 Judaizmu znalaz\u0142 trwa\u0142e miejsce w ko\u015bcielnym kalendarzu\u201d<\/a><\/li>\r\n\t\t<li><a title=\" Narastaj\u0105cy problem polskich &lt;em&gt;Marranos&lt;\/em&gt;\" rel=\"bookmark\" href=\"..\/..\/?p=2944\">Narastaj\u0105cy problem polskich <em>Marranos<\/em><\/a><\/li>\r\n\t\t<li><a title=\" Narastaj\u0105cy problem polskich &lt;em&gt;Marranos&lt;\/em&gt;\" rel=\"bookmark\" href=\"..\/..\/?p=2944\"><em><\/em><\/a><a title=\" W\u0142adze Uzbekistanu cofn\u0119\u0142y rejestracj\u0119 chasydzkiej sekty Chabad-Lubavitch\" rel=\"bookmark\" href=\"..\/..\/?p=1964\">W\u0142adze Uzbekistanu cofn\u0119\u0142y rejestracj\u0119 chasydzkiej sekty Chabad-Lubavitch<\/a><\/li>\r\n\t\t<li><a title=\" Chasydzki rabin wraz z synem nara\u017cali zdrowie mieszka\u0144c\u00f3w, oszukiwali w\u0142adze - zap\u0142ac\u0105 p\u00f3\u0142 miliona dolar\u00f3w kary\" rel=\"bookmark\" href=\"..\/..\/?p=1738\">Chasydzki rabin wraz z synem nara\u017cali zdrowie mieszka\u0144c\u00f3w, oszukiwali w\u0142adze &#8211; zap\u0142ac\u0105 p\u00f3\u0142 miliona dolar\u00f3w kary<\/a><\/li>\r\n\t\t<li><a title=\" Walki wewn\u0119trzne w chasydzkiej sekcie Chabad-Lubavitch o swojego \"Mesjasza\"\" rel=\"bookmark\" href=\"..\/..\/?p=1529\">Walki wewn\u0119trzne w chasydzkiej sekcie Chabad-Lubavitch o swojego &#8222;Mesjasza&#8221;<\/a><\/li>\r\n\t\t<li><a title=\" Menora p\u0142onie przed Bia\u0142ym Domem, w Berlinie, Moskwie i w polskim Sejmie, u Prezydenta R.P. oraz na ulicach Warszawy\u2026\" rel=\"bookmark\" href=\"..\/..\/?p=1451\">Menora p\u0142onie przed Bia\u0142ym Domem, w Berlinie, Moskwie i w polskim Sejmie, u Prezydenta R.P. oraz na ulicach Warszawy\u2026<\/a><\/li>\r\n<\/ul>\r\n<\/blockquote>","protected":false},"excerpt":{"rendered":"&#8222;Jedyn\u0105 drog\u0105 prowadzenia wojny w spos\u00f3b moralny jest droga \u017cydowska: niszczy\u0107 miejsca \u015bwi\u0119te. Zabija\u0107 m\u0119\u017cczyzn, kobiety i dzieci.&#8221; &#8222;Jak \u017bydzi powinni traktowa\u0107 swoich arabskich s\u0105siad\u00f3w?&#8221; &#8211; takie pytanie zada\u0142 \u017cydowski miesi\u0119cznik Moment kilku prominentnym rabinom, przedstawicielom g\u0142\u00f3wnych od\u0142am\u00f3w judaizmu. Odpowiedzi by\u0142y mniej lub bardziej ogl\u0119dne i wypolerowane, jednak przedstawiciel chasydzkich \u017byd\u00f3w, rabin Manis Friedman zas\u0142yn\u0105\u0142 [&hellip;]","protected":false},"author":1,"featured_media":0,"comment_status":"closed","ping_status":"closed","sticky":false,"template":"","format":"standard","meta":{"_acf_changed":false,"_monsterinsights_skip_tracking":false,"_monsterinsights_sitenote_active":false,"_monsterinsights_sitenote_note":"","_monsterinsights_sitenote_category":0,"ngg_post_thumbnail":0,"footnotes":"","_wp_rev_ctl_limit":""},"categories":[6],"tags":[55],"acf":[],"_links":{"self":[{"href":"https:\/\/www.bibula.com\/index.php?rest_route=\/wp\/v2\/posts\/9984"}],"collection":[{"href":"https:\/\/www.bibula.com\/index.php?rest_route=\/wp\/v2\/posts"}],"about":[{"href":"https:\/\/www.bibula.com\/index.php?rest_route=\/wp\/v2\/types\/post"}],"author":[{"embeddable":true,"href":"https:\/\/www.bibula.com\/index.php?rest_route=\/wp\/v2\/users\/1"}],"replies":[{"embeddable":true,"href":"https:\/\/www.bibula.com\/index.php?rest_route=%2Fwp%2Fv2%2Fcomments&post=9984"}],"version-history":[{"count":0,"href":"https:\/\/www.bibula.com\/index.php?rest_route=\/wp\/v2\/posts\/9984\/revisions"}],"wp:attachment":[{"href":"https:\/\/www.bibula.com\/index.php?rest_route=%2Fwp%2Fv2%2Fmedia&parent=9984"}],"wp:term":[{"taxonomy":"category","embeddable":true,"href":"https:\/\/www.bibula.com\/index.php?rest_route=%2Fwp%2Fv2%2Fcategories&post=9984"},{"taxonomy":"post_tag","embeddable":true,"href":"https:\/\/www.bibula.com\/index.php?rest_route=%2Fwp%2Fv2%2Ftags&post=9984"}],"curies":[{"name":"wp","href":"https:\/\/api.w.org\/{rel}","templated":true}]}}