{"id":99590,"date":"2018-02-03T15:30:40","date_gmt":"2018-02-03T20:30:40","guid":{"rendered":"http:\/\/www.bibula.com\/?p=99590"},"modified":"2018-02-03T19:38:21","modified_gmt":"2018-02-04T00:38:21","slug":"maklowicz-zapowiada-emigracje-atmosfera-jest-duszna-nie-do-zniesienia","status":"publish","type":"post","link":"https:\/\/www.bibula.com\/?p=99590","title":{"rendered":"Mak\u0142owicz zapowiada emigracj\u0119. \u201eAtmosfera jest duszna, nie do zniesienia&#8221;"},"content":{"rendered":"<p><strong>Robert Mak\u0142owicz do\u0142\u0105czy\u0142 do grona niezadowolonych z sytuacji panuj\u0105cej w Polsce. Szkoda.<\/strong><\/p>\r\n<p><img decoding=\"async\" class=\"alignleft size-large\" style=\"border: 0px none; margin: 10px;\" src=\"https:\/\/parezja.pl\/wp-content\/uploads\/2018\/02\/Robert_Maklowicz_2014.jpg\" align=\"left\" width=\"300\">\u201eMia\u0142em wiele zastrze\u017ce\u0144 do tego, co si\u0119 tu dzia\u0142o po 1989 roku, ale atmosfera teraz wydaje mi si\u0119 wyj\u0105tkowo duszna. Nobilitowanie kiboli i narodowc\u00f3w na prawdziwych patriot\u00f3w jest rzecz\u0105 nie do zniesienia dla cz\u0142owieka my\u015bl\u0105cego, dla cz\u0142owieka, kt\u00f3ry wie, \u017ce kuchnia jest systemem naczy\u0144 po\u0142\u0105czonych. I ta epatacja wszystkim, co narodowe\u2026 Naprawd\u0119, to tak jakby\u015bmy mieli zachwiane poczucie w\u0142asnej warto\u015bci. Ja go nie mam\u201d &#8211; powiedzia\u0142 Robert Mak\u0142owicz.<\/p>\r\n<p><span id=\"more-68800\"><\/span>\u201eJeste\u015bmy narodem ch\u0142opskim, kt\u00f3ry udaje nar\u00f3d szlachecki. M\u00f3wimy do siebie per \u2018pan\u2019, \u2018pani\u2019, czego poza Czechami \u017caden nar\u00f3d s\u0142owia\u0144ski nie robi. Goethe powiedzia\u0142 kiedy\u015b, \u017ce architektura jest jak zastyg\u0142a muzyka. Zatem mamy nadmiar disco polo w przestrzeni miejskiej i te wszystkie sielskie pseudo dworki\u201d &#8211; stwierdzi\u0142.<\/p>\r\n<p>Kucharz i podr\u00f3\u017cnik przyzna\u0142, \u017ce rozwa\u017ca wyjazd na sta\u0142e do Chorwacji. \u201eCoraz bardziej jestem sk\u0142onny to zrobi\u0107, bo coraz mniej mi si\u0119 podoba atmosfera panuj\u0105ca w naszym kraju. Nie chodzi mi o to, kto rz\u0105dzi. W og\u00f3le nie o to chodzi! Mia\u0142em wiele zastrze\u017ce\u0144 do tego, co si\u0119 tu dzia\u0142o po 1989 roku, ale atmosfera teraz wydaje mi si\u0119 wyj\u0105tkowo duszna\u201d &#8211; podkre\u015bli\u0142.<\/p>\r\n<p><em><a href=\"https:\/\/parezja.pl\/maklowicz-zapowiada-emigracje-atmosfera-duszna-zniesienia\/\" target=\"_blank\" rel=\"noopener\">https:\/\/parezja.pl\/<\/a><\/em><\/p>\r\n<p><em>Une wszystkie strasz\u0105, \u017ce wyjad\u0105 z Polski\u2026. i zostaj\u0105. Bo gdzie unym b\u0119dzie tak dobrze, jak w Polin?<\/em><br>\r\n <em>A tak przy okazji &#8211; patrzajta ludziska, jak to si\u0119 poczuwa do bycia narodem ch\u0142opskim\u2026<\/em><br>\r\n <em>Admin<\/em><\/p>\r\n<p class=\"zrodlo\">Za: <a href=\"https:\/\/marucha.wordpress.com\/2018\/02\/03\/maklowicz-zapowiada-emigracje-atmosfera-jest-duszna-nie-do-zniesienia\/\">Dziennik gajowego Maruchy (2018-02-03)<\/a><\/p>\r\n<h4>&nbsp;<\/h4>\r\n<hr style=\"background-color: #000000; border-width: 0; color: #000000; height: 2px; line-height: 0; text-align: center; width: 100%;\">\r\n<h4>&nbsp;<\/h4>\r\n<blockquote>\r\n<p><strong>KOMENTARZ <em>BIBU\u0141Y<\/em><\/strong>: Przestraszy\u0142 si\u0119 Mak\u0142owicz (wszak, nie &#8222;pan Mak\u0142owicz&#8221;, bo nie podoba mu si\u0119 takie tytu\u0142owanie) dzisiejszych atak\u00f3w \u017cydowskich na Polsk\u0119, czy te\u017c ju\u017c wcze\u015bniej by\u0142o mu jako\u015b &#8222;duszno&#8221; w tej Polsce? Je\u015bli to drugie, to jako\u015b nie s\u0142ycha\u0107 by\u0142o jego g\u0142osu wobec rozgrabiania Polski przez zaraz\u0119 zewn\u0119trzn\u0105 i wewn\u0119trzn\u0105 &#8211; wola\u0142 robi\u0107 zrazy i \u017cy\u0107 na \u015bwieczniku celebryty. Je\u015bli nie podoba si\u0119 Mak\u0142owiczowi to co narodowe w Polsce, to z pewno\u015bci\u0105 i z Chorwacji ucieknie, gdy tylko zrozumie, \u017ce to te\u017c dumny nar\u00f3d. W ko\u0144cu wyl\u0105duje&#8230; no w\u0142a\u015bnie, ciekawe gdzie nie b\u0119dzie mu duszno?<\/p>\r\n<\/blockquote>\r\n<h4>&nbsp;<\/h4>\r\n<hr style=\"background-color: #000000; border-width: 0; color: #000000; height: 2px; line-height: 0; text-align: center; width: 100%;\">\r\n<h4>&nbsp;<\/h4>","protected":false},"excerpt":{"rendered":"Robert Mak\u0142owicz do\u0142\u0105czy\u0142 do grona niezadowolonych z sytuacji panuj\u0105cej w Polsce. Szkoda. \u201eMia\u0142em wiele zastrze\u017ce\u0144 do tego, co si\u0119 tu dzia\u0142o po 1989 roku, ale atmosfera teraz wydaje mi si\u0119 wyj\u0105tkowo duszna. Nobilitowanie kiboli i narodowc\u00f3w na prawdziwych patriot\u00f3w jest rzecz\u0105 nie do zniesienia dla cz\u0142owieka my\u015bl\u0105cego, dla cz\u0142owieka, kt\u00f3ry wie, \u017ce kuchnia jest systemem [&hellip;]","protected":false},"author":1,"featured_media":0,"comment_status":"closed","ping_status":"closed","sticky":false,"template":"","format":"standard","meta":{"_acf_changed":false,"_monsterinsights_skip_tracking":false,"_monsterinsights_sitenote_active":false,"_monsterinsights_sitenote_note":"","_monsterinsights_sitenote_category":0,"ngg_post_thumbnail":0,"footnotes":"","_wp_rev_ctl_limit":""},"categories":[12],"tags":[65,98],"acf":[],"_links":{"self":[{"href":"https:\/\/www.bibula.com\/index.php?rest_route=\/wp\/v2\/posts\/99590"}],"collection":[{"href":"https:\/\/www.bibula.com\/index.php?rest_route=\/wp\/v2\/posts"}],"about":[{"href":"https:\/\/www.bibula.com\/index.php?rest_route=\/wp\/v2\/types\/post"}],"author":[{"embeddable":true,"href":"https:\/\/www.bibula.com\/index.php?rest_route=\/wp\/v2\/users\/1"}],"replies":[{"embeddable":true,"href":"https:\/\/www.bibula.com\/index.php?rest_route=%2Fwp%2Fv2%2Fcomments&post=99590"}],"version-history":[{"count":0,"href":"https:\/\/www.bibula.com\/index.php?rest_route=\/wp\/v2\/posts\/99590\/revisions"}],"wp:attachment":[{"href":"https:\/\/www.bibula.com\/index.php?rest_route=%2Fwp%2Fv2%2Fmedia&parent=99590"}],"wp:term":[{"taxonomy":"category","embeddable":true,"href":"https:\/\/www.bibula.com\/index.php?rest_route=%2Fwp%2Fv2%2Fcategories&post=99590"},{"taxonomy":"post_tag","embeddable":true,"href":"https:\/\/www.bibula.com\/index.php?rest_route=%2Fwp%2Fv2%2Ftags&post=99590"}],"curies":[{"name":"wp","href":"https:\/\/api.w.org\/{rel}","templated":true}]}}