{"id":99584,"date":"2018-02-03T12:25:55","date_gmt":"2018-02-03T17:25:55","guid":{"rendered":"http:\/\/www.bibula.com\/?p=99584"},"modified":"2018-02-03T12:25:55","modified_gmt":"2018-02-03T17:25:55","slug":"zespol-ds-zwalczania-antysemityzmu-kongresu-usa-chce-by-prezydent-duda-zawetowal-ustawe","status":"publish","type":"post","link":"https:\/\/www.bibula.com\/?p=99584","title":{"rendered":"Zesp\u00f3\u0142 ds. Zwalczania Antysemityzmu Kongresu USA chce, by prezydent Duda zawetowa\u0142 ustaw\u0119"},"content":{"rendered":"<header id=\"main-content-header\"><\/header>\r\n<div id=\"content\">\r\n<article id=\"node-9612\" class=\"node node-info article odd node-full ia-c clearfix\" role=\"article\">\r\n<header class=\"node-header\"><\/header>\r\n<div class=\"node-content\">\r\n<div class=\"field field-name-body field-type-text-with-summary field-label-hidden view-mode-full\">\r\n<div class=\"field-items\">\r\n<div class=\"field-item even\">\r\n<p>Ponadpartyjny <strong>Zesp\u00f3\u0142 ds. Zwalczania Antysemityzmu Kongresu USA (Congressional Anti-Semitism Task Force) <\/strong>wys\u0142a\u0142 list do Andrzeja Dudy, w kt\u00f3rym kongresmeni apeluj\u0105, by g\u0142owa pa\u0144stwa polskiego zawetowa\u0142a nowelizacj\u0119 ustawy o IPN.<\/p>\r\n<blockquote>\r\n<p>Jeste\u015bmy <strong>zaniepokojeni <\/strong>uchwalon\u0105 niedawno przez Sejm i oczekuj\u0105cej na rozpatrzenie przez Senat ustaw\u0105, kt\u00f3ra przewiduje karanie za doniesienia o polskim wsp\u00f3\u0142udziale w nazistowskich zbrodniach przeciw \u017bydom podczas okupacji Polski w czasie II wojny \u015bwiatowej<\/p>\r\n<p>Jeste\u015bmy <strong>g\u0142\u0119boko zaniepokojeni<\/strong>, poniewa\u017c mo\u017ce mie\u0107 to <strong>wp\u0142yw na dialog, stypendia i odpowiedzialno\u015b\u0107 w Polsce za Holokaust<\/strong>. Dodatkowo niepokoj\u0105cy jest fakt, \u017ce ustawa zosta\u0142a przeg\u0142osowana w dniu Mi\u0119dzynarodowej Pami\u0119ci o Holokau\u015bcie, dniu, w kt\u00f3rym ca\u0142y \u015bwiat m\u00f3wi o okropno\u015bci Holokaustu i zapewnia, \u017ce takie sytuacji si\u0119 ju\u017c nigdy nie powt\u00f3rz\u0105<\/p>\r\n<p>Musimy jednak wzi\u0105\u0107 pod uwag\u0119 liczne, udokumentowane przypadki Polak\u00f3w, kt\u00f3rzy po\u015brednio lub bezpo\u015brednio <strong>pomagali nazistom w zabijaniu \u017byd\u00f3w<\/strong>. Uznawanie za niezgodne z prawem ka\u017cdego przypadku m\u00f3wienia o tym, by\u0142oby <strong>niesprawiedliwo\u015bci\u0105<\/strong><\/p>\r\n<p><strong>Wolno\u015b\u0107 s\u0142owa<\/strong> i otwarta debata to si\u0142a nap\u0119dowa wszystkich demokratycznych pa\u0144stw, szczeg\u00f3lnie w przypadku kwestii, z kt\u00f3rymi trudno si\u0119 pogodzi\u0107<\/p>\r\n<p>Mamy nadziej\u0119, \u017ce prezydent opowie si\u0119 przeciwko tej ustawie i <strong>zawetuje j\u0105<\/strong>. Oczekujemy na zaanga\u017cowanie i odpowied\u017a.<\/p>\r\n<\/blockquote>\r\n<p>Nita Lowey (D-NY), Chris Smith (R-NJ), Eliot Engel (D-NY), Ileana Ros-Lehtinen (R-FL), Ted Deutch (D-FL), Kay Granger (R-TX), Marc Veasey (D-TX) i Peter Roskam (R-IL) &#8211; wsp\u00f3\u0142przewodnicz\u0105cy zespo\u0142u.<\/p>\r\n<p><img fetchpriority=\"high\" decoding=\"async\" class=\"aligncenter\" src=\"http:\/\/www.prawica.net\/sites\/default\/files\/congress-poland-jews1.png\" alt=\"congress-poland-jews1.png\" width=\"599\" height=\"775\"><\/p>\r\n<p><img decoding=\"async\" class=\"aligncenter\" src=\"http:\/\/www.prawica.net\/sites\/default\/files\/congress-poland-jews2.png\" alt=\"congress-poland-jews2.png\" width=\"599\" height=\"776\"><\/p>\r\n<blockquote>\r\n<p>Dear President Duda,<\/p>\r\n<p>As Co-Chairs of the Bipartisan Taskforce for Combating Anti-Semitism, we are alarmed by legislation recently passed by the Sejm and awaiting consideration by the Senate that would criminalize references to Polish complicity in Nazi war crimes against Jews during the occupation of Poland during World War II.<\/p>\r\n<p>We are deeply concerned that this legislation could have a chilling effect on dialogue, scholarship, and accountability in Poland about the Holocaust, should this legislation become law. Additionally, it is highly troubling that this law was passed on International Holocaust Remembrance Day, a day on which the world speaks openly about the horrors of the Holocaust to ensure such atrocities never happens again.<\/p>\r\n<p>As we all know, Poland suffered terribly under the brutal occupation by Nazi Germany from 1939 to 1945. In this time, Poland\u2019s population was devastated through the murder of almost two million non-Jewish and three million Jewish Poles. Thousands of Polish citizens risked their lives to save Jews during this period, and more than 6,600 have been rightfully recognized as &#8222;Righteous Among the Nations\u201d by Yad Vashem.<\/p>\r\n<p>But, we must acknowledge the numerous documented instances of Poles aiding the Nazis, directly and indirectly, in the murder of innocent Jews. To criminalize anyone who acknowledges this reality would be an injustice. A focus on education, not criminalization, about inaccurate and harmful speech would be more beneficial in resolving this critical issue.<\/p>\r\n<p>Free speech and open debate are the lifeblood of all democratic countries, especially relating to issues that are the most difficult to reconcile. With rising anti-Semitism throughout Europe, the region is strengthened by Poland\u2019s leadership on Holocaust research, such as the work of the Museum of the History of Polish Jews. Passing this legislation is inconsistent with this admirable legacy.<\/p>\r\n<p>Therefore, we hope that you will speak out against this bill and veto it should it come to your desk. We look forward to engaging with you on this important issue and look forward to your response.<\/p>\r\n<p>Sincerely,&nbsp;<\/p>\r\n<\/blockquote>\r\n<center><img decoding=\"async\" src=\"https:\/\/teddeutch.house.gov\/uploadedphotos\/highresolution\/91174550-31ea-4ae1-a085-80d51d6c7e42.jpg\" alt=\"USA Congress\"><\/center>\r\n<p>Szef gabinetu prezydenta <strong>Krzysztof Szczerski<\/strong> odpowiedzia\u0142 na list kongresmen\u00f3w USA:<\/p>\r\n<blockquote>\r\n<p>Nie mo\u017cemy zgodzi\u0107 si\u0119 na&nbsp;oskar\u017canie Pa\u0144stwa Polskiego lub Narodu Polskiego jako ca\u0142o\u015bci o&nbsp;odpowiedzialno\u015b\u0107 b\u0105d\u017a wsp\u00f3\u0142odpowiedzialno\u015b\u0107 za&nbsp;Zag\u0142ad\u0119 \u017byd\u00f3w w&nbsp;czasie II&nbsp;wojny \u015bwiatowej. Takie insynuacje s\u0105&nbsp;negowaniem prawdy&nbsp;o&nbsp;Holokau\u015bcie<\/p>\r\n<p>Setki Polak\u00f3w straci\u0142o \u017cycie za&nbsp;niesienie pomocy swoim \u017cydowskim&nbsp;wsp\u00f3\u0142obywatelom.<\/p>\r\n<p>Nikt maj\u0105cy elementarn\u0105 wiedz\u0119 o&nbsp;historii nie zaprzecza, \u017ce&nbsp;w&nbsp;czasie II&nbsp;wojny \u015bwiatowej zdarza\u0142y si\u0119 przypadki haniebnych zachowa\u0144 Polak\u00f3w wobec \u017byd\u00f3w. Pot\u0119piamy takie czyny i&nbsp;nie zamierzamy ich wymazywa\u0107 z&nbsp;naszej przesz\u0142o\u015bci. Jednak w&nbsp;przeciwie\u0144stwie do&nbsp;innych kraj\u00f3w europejskich, kt\u00f3rych rz\u0105dy wsp\u00f3\u0142pracowa\u0142y z&nbsp;nazistowskimi Niemcami, takie dzia\u0142ania nigdy nie by\u0142y elementem oficjalnej polityki Rz\u0105du RP&nbsp;na&nbsp;uchod\u017astwie. Polska w&nbsp;\u017caden spos\u00f3b nie kolaborowa\u0142a z&nbsp;Niemcami. Wr\u0119cz przeciwnie, Polskie Pa\u0144stwo Podziemne usi\u0142owa\u0142o kara\u0107 wszelkie przejawy prze\u015bladowania ludno\u015bci \u017cydowskiej. Dlatego nie mo\u017cemy zgodzi\u0107 si\u0119 na&nbsp;oskar\u017canie Pa\u0144stwa Polskiego lub Narodu Polskiego jako ca\u0142o\u015bci o&nbsp;odpowiedzialno\u015b\u0107 b\u0105d\u017a wsp\u00f3\u0142odpowiedzialno\u015b\u0107 za&nbsp;Zag\u0142ad\u0119 \u017byd\u00f3w w&nbsp;czasie II&nbsp;wojny \u015bwiatowej. Takie insynuacje s\u0105&nbsp;negowaniem prawdy&nbsp;o&nbsp;Holokau\u015bcie<\/p>\r\n<p>Jeste\u015bmy \u015bwiadomi naszych zobowi\u0105za\u0144 jako depozytariusza pami\u0119ci o&nbsp;Zag\u0142adzie. To&nbsp;bowiem na&nbsp;okupowanym polskim terytorium dzia\u0142a\u0142y niemieckie obozy \u015bmierci. Nar\u00f3d polski by\u0142 pierwszym \u015bwiadkiem tej niewyobra\u017calnej tragedii. Pomagaj\u0105c naszym \u017cydowskim s\u0105siadom alarmowali\u015bmy \u015bwiat o&nbsp;okrucie\u0144stwach pope\u0142nianych przez niemieckich nazist\u00f3w, kiedy mo\u017cna by\u0142o jeszcze dzia\u0142a\u0107 na&nbsp;rzecz ich zatrzymania. Pozostajemy wierni obowi\u0105zkowi g\u0142oszenia prawdy&nbsp;o&nbsp;Zag\u0142adzi<\/p>\r\n<p>Prezydent Rzeczypospolitej Polskiej Andrzej Duda konsekwentnie pot\u0119pia wszelkie przejawy antysemityzmu i&nbsp;nienawi\u015bci etnicznej lub&nbsp;rasowej<\/p>\r\n<p>Niestety, ka\u017cdego roku rejestrujemy jednak setki przypadk\u00f3w stosowania znies\u0142awiaj\u0105cego j\u0119zyka, w&nbsp;tym okre\u015blenia \u201epolskie obozy \u015bmierci\u201d. Te&nbsp;fa\u0142szywe stwierdzenia nie mog\u0105 by\u0107 akceptowane. Nie obronimy prawdy, je\u015bli nie b\u0119dziemy walczy\u0107&nbsp;z&nbsp;k\u0142amstwem.<\/p>\r\n<\/blockquote>\r\n<section class=\"field field-name-field-link field-type-link-field field-label-inline clearfix view-mode-full\">\r\n<p class=\"field-label\">\u017ar\u00f3d\u0142o:&nbsp;<\/p>\r\n<div class=\"field-items\">\r\n<div class=\"field-item even\"><a class=\"ext\" href=\"https:\/\/teddeutch.house.gov\/news\/email\/show.aspx?ID=WWIDJWTXSZENZRUGNMB4PZLTTY\">teddeutch.house.gov<span class=\"ext\"><span class=\"element-invisible\"> (link zewn\u0119trzny)<\/span><\/span><\/a>\r\n<div class=\"field-item odd\"><a class=\"ext\" href=\"https:\/\/wpolityce.pl\/polityka\/379702-szczerski-odpowiedzial-na-list-kongresmenow-usa-nie-mozemy-zgodzic-sie-na-oskarzanie-polski-o-wspolodpowiedzialnosc-za-zaglade-zydow\">wpolityce.pl<span class=\"ext\"><span class=\"element-invisible\"> (link zewn\u0119trzny)<\/span><\/span><\/a><\/div>\r\n<\/div>\r\n<\/div>\r\n<\/section>\r\n<\/div>\r\n<\/div>\r\n<\/div>\r\n<\/div>\r\n<\/article>\r\n<\/div>\r\n<p>&nbsp;<\/p>\r\n<p>&nbsp;<\/p>\r\n<p>&nbsp;<\/p>","protected":false},"excerpt":{"rendered":"Ponadpartyjny Zesp\u00f3\u0142 ds. Zwalczania Antysemityzmu Kongresu USA (Congressional Anti-Semitism Task Force) wys\u0142a\u0142 list do Andrzeja Dudy, w kt\u00f3rym kongresmeni apeluj\u0105, by g\u0142owa pa\u0144stwa polskiego zawetowa\u0142a nowelizacj\u0119 ustawy o IPN. Jeste\u015bmy zaniepokojeni uchwalon\u0105 niedawno przez Sejm i oczekuj\u0105cej na rozpatrzenie przez Senat ustaw\u0105, kt\u00f3ra przewiduje karanie za doniesienia o polskim wsp\u00f3\u0142udziale w nazistowskich zbrodniach przeciw \u017bydom [&hellip;]","protected":false},"author":1,"featured_media":0,"comment_status":"closed","ping_status":"closed","sticky":false,"template":"","format":"standard","meta":{"_acf_changed":false,"_monsterinsights_skip_tracking":false,"_monsterinsights_sitenote_active":false,"_monsterinsights_sitenote_note":"","_monsterinsights_sitenote_category":0,"ngg_post_thumbnail":0,"footnotes":"","_wp_rev_ctl_limit":""},"categories":[7],"tags":[349,65,22,98,53,221],"acf":[],"_links":{"self":[{"href":"https:\/\/www.bibula.com\/index.php?rest_route=\/wp\/v2\/posts\/99584"}],"collection":[{"href":"https:\/\/www.bibula.com\/index.php?rest_route=\/wp\/v2\/posts"}],"about":[{"href":"https:\/\/www.bibula.com\/index.php?rest_route=\/wp\/v2\/types\/post"}],"author":[{"embeddable":true,"href":"https:\/\/www.bibula.com\/index.php?rest_route=\/wp\/v2\/users\/1"}],"replies":[{"embeddable":true,"href":"https:\/\/www.bibula.com\/index.php?rest_route=%2Fwp%2Fv2%2Fcomments&post=99584"}],"version-history":[{"count":0,"href":"https:\/\/www.bibula.com\/index.php?rest_route=\/wp\/v2\/posts\/99584\/revisions"}],"wp:attachment":[{"href":"https:\/\/www.bibula.com\/index.php?rest_route=%2Fwp%2Fv2%2Fmedia&parent=99584"}],"wp:term":[{"taxonomy":"category","embeddable":true,"href":"https:\/\/www.bibula.com\/index.php?rest_route=%2Fwp%2Fv2%2Fcategories&post=99584"},{"taxonomy":"post_tag","embeddable":true,"href":"https:\/\/www.bibula.com\/index.php?rest_route=%2Fwp%2Fv2%2Ftags&post=99584"}],"curies":[{"name":"wp","href":"https:\/\/api.w.org\/{rel}","templated":true}]}}