{"id":99305,"date":"2018-01-23T11:03:45","date_gmt":"2018-01-23T16:03:45","guid":{"rendered":"http:\/\/www.bibula.com\/?p=99305"},"modified":"2018-01-23T11:03:45","modified_gmt":"2018-01-23T16:03:45","slug":"justitzmord-w-swietle-jupiterow-stanislaw-michalkiewicz","status":"publish","type":"post","link":"https:\/\/www.bibula.com\/?p=99305","title":{"rendered":"Justitzmord w \u015bwietle jupiter\u00f3w &#8211; <em>Stanis\u0142aw Michalkiewicz<\/em>"},"content":{"rendered":"<p>Za czas\u00f3w I Rzeczypospolitej nadz\u00f3r nad praworz\u0105dno\u015bci\u0105 w Polsce roztoczy\u0142a imperatorowa Katarzyna, ujmuj\u0105c si\u0119 za rozmaitymi grupami uznanymi za pokrzywdzone. Od tamtej pory mija 250 lat, ale kontynuacja okazuje si\u0119 silniejsza, ni\u017c zmiany. Bo zmiany oczywi\u015bcie s\u0105, mi\u0119dzy innymi w postaci nieoczekiwanej zmiany miejsc. Wtedy Katarzyna rezydowa\u0142a w Petersburgu, a Fryderyk &#8211; w Berlinie, a konkretnie &#8211; w Poczdamie, a teraz odwrotnie &#8211; Katarzyna rezyduje w Berlinie, a Fryderyk w Moskwie. Te\u017c z pewnymi zmianami, bo wsp\u00f3\u0142czesna Katarzyna nie nazywa si\u0119 Katarzyna, tylko Aniela, a Fryderyk te\u017c nie nazywa si\u0119 Fryderyk, tylko W\u0142odzimierz &#8211; ale poza tym wszystko si\u0119 zgadza. Katarzyna, to znaczy oczywi\u015bcie Aniela, kt\u00f3r\u0105 nazywam Nasz\u0105 Z\u0142ot\u0105 Pani\u0105, bardzo interesuje si\u0119 praworz\u0105dno\u015bci\u0105 w Polsce, powierzaj\u0105c niemieckim owczarkom misje tarmoszenia naszej biednej Ojczyzny za nogawki pod pretekstem troski o praworz\u0105dno\u015b\u0107. Owczarki korzystaj\u0105 z pomocy rozmaitych folksdojcz\u00f3w i jurgieltnik\u00f3w &#8211; mi\u0119dzy innymi &#8211; Wielce Czcigodnej R\u00f3\u017cy Thun grafini Hohenstein czy mo\u017ce Handehoch &#8211; bo trudno mi zapami\u0119ta\u0107 te germa\u0144skie nazwiska. Wielce Czcigodna jest nee Wo\u017aniakowska ze s\u0142awnej \u015bwi\u0119tej rodziny krakowskiej, jednej z tych, kt\u00f3re za komuny dalekowzroczni Niemcy futrowali rozmaitymi ja\u0142mu\u017cnami i zapomogami &#8211; a to z jakich\u015b fundacji, a to od biskupa &#8211; bo na pieni\u0105dzach oczywi\u015bcie nie by\u0142o napisane, \u017ce pochodz\u0105, dajmy na to, od BND. Jak tam by\u0142o, tak tam by\u0142o &#8211; ale jakkolwiek by nie by\u0142o, to dzi\u0119ki temu lepiej rozumiemy przyczyny, dla kt\u00f3rych nasza Wielce Czcigodna jest szczeg\u00f3lnie wyczulona na ochron\u0119 praworz\u0105dno\u015bci w Polsce i w wypowiedziach dla niemieckich medi\u00f3w, pryncypialnie i bezlito\u015bnie ch\u0142oszcze wszelkie uchybienia, wskazane przez niemieckich owczark\u00f3w. Ofukn\u0105\u0142 j\u0105 za to Wielce Czcigodny Ryszard Czarnecki, kt\u00f3ry zosta\u0142 z kolei pryncypialnie ofukni\u0119ty przez innych Wielce Czcigodnych filut\u00f3w, mi\u0119dzy innymi przez Guya (nigdy nie wiem, czy to imi\u0119 trzeba wymawia\u0107 przez \u201e<i>G<\/i>\u201d, czy jednak raczej przez \u201e<i>H<\/i>\u201d nieme) Verhofstadta, przed kt\u00f3rymi Wielce Czcigodna poskar\u017cy\u0142a si\u0119 na swoj\u0105 krzywd\u0119.<\/p>\r\n<p>Podobnie na swoj\u0105 krzywd\u0119 poskar\u017cy\u0142a si\u0119 do niezawis\u0142ego s\u0105du w Warszawie pani Dorota Wellman na pana Jacka Piekar\u0119, \u017ce niby naruszy\u0142 jej osobiste dobra. Pan Jacek Piekara napisa\u0142 co nast\u0119puje: \u201e<i>Do aborcji potrzebne jest zap\u0142odnienie&#8230; Do zap\u0142odnienia potrzebny jest seks. Dobrze wiedzie\u0107, \u017ce Dorocie Wellman nie grozi aborcja<\/i>\u201d. &#8211; i za to zosta\u0142 przez jeszcze niezawis\u0142y warszawski S\u0105d Okr\u0119gowy, kt\u00f3ry &#8211; jak twierdzi pan Piekara &#8211; wysy\u0142a\u0142 mu zawiadomienia o rozprawie na nieaktualny adres, w nast\u0119pstwie czego o wyroku, na podstawie kt\u00f3rego zostanie wyszlamowany na p\u00f3\u0142 miliona z\u0142otych (ma przeprosi\u0107 pani\u0105 Wellman m.in. na \u0142amach \u201e<i>Gazety Wyborczej<\/i>\u201d, a redakcyjny Judenrat ju\u017c tam pewnie dopilnuje, \u017ceby go to drogo kosztowa\u0142o), dowiedzia\u0142 si\u0119 dopiero od komornika. Je\u015bli tak rzeczywi\u015bcie by\u0142o, to nie da si\u0119 ukry\u0107, \u017ce za spraw\u0105 niezwis\u0142ych jeszcze s\u0119dzi\u00f3w, kt\u00f3rzy dla przydania sobie powagi przebieraj\u0105 si\u0119 w \u201e<i>\u015bmieszne \u015bredniowieczne \u0142achy<\/i>\u201d, praworz\u0105dno\u015b\u0107 w naszym nieszcz\u0119\u015bliwym kraju rzeczywi\u015bcie zesz\u0142a na psy. Rzecz w tym, \u017ce na podstawie Mi\u0119dzynarodowego Paktu Praw Obywatelskich i Politycznych, kt\u00f3ry Polska w 1977 roku ratyfikowa\u0142a, a mi\u0119dzy innymi ja, jako uczestnik Ruchu Obrony Praw Cz\u0142owieka i Obywatela, wraz z innymi uczestnikami, domaga\u0142em si\u0119 opublikowania tekstu tych Pakt\u00f3w (bo by\u0142 jeszcze Pakt Praw Gospodarczych, Socjalnych i Kulturalnych) w \u201e<i>Dzienniku Ustaw<\/i>\u201d PRL, \u017ceby obywatele mogli si\u0119 na nie powo\u0142ywa\u0107, obna\u017caj\u0105c w ten spos\u00f3b bezprawno\u015b\u0107 dzia\u0142a\u0144 partii i bezpieczniak\u00f3w. W art. 14 pkt 3 lit d) stwierdza si\u0119 tam, \u017ce \u201e<i>ka\u017cda osoba oskar\u017cona o pope\u0142nienie przest\u0119pstwa &#8230; ma prawo do obecno\u015bci na rozprawie, bronienia si\u0119 osobi\u015bcie&#8230;<\/i>\u201d &#8211; itd. &#8211; a w art. 19 &#8211; \u017ce ka\u017cdy cz\u0142owiek ma prawo do swobodnego wyra\u017cania opinii; prawo to obejmuje (\u2026) swobod\u0119 rozpowszechniania wszelkich informacji i pogl\u0105d\u00f3w. Wreszcie art. 45 konstytucji, na kt\u00f3r\u0105 dzisiaj tak skwapliwie powo\u0142uj\u0105 si\u0119 cz\u0142onkowie ubeckich dynastii, a kt\u00f3ra mo\u017ce by\u0107 stosowana \u201e<i>bezpo\u015brednio<\/i>\u201d, stanowi, \u017ce ka\u017cdy ma prawo do sprawiedliwego i jawnego rozpatrzenia sprawy &#8211; r\u00f3wnie\u017c cywilnej &#8211; przez w\u0142a\u015bciwy, niezale\u017cny, bezstronny i niezawis\u0142y s\u0105d. \u201e<i>Jawne rozpatrzenie sprawy<\/i>\u201d wymaga obecno\u015bci na niej oskar\u017conego lub pozwanego &#8211; bo c\u00f3\u017c to by by\u0142a za \u201e<i>jawno\u015b\u0107<\/i>\u201d, gdyby na rozprawie by\u0142 tylko oskar\u017cyciel pub pow\u00f3d cywilny? Zatem je\u015bli pan Piekara m\u00f3wi prawd\u0119, to S\u0105d Okr\u0119gowy w Warszawie zlekcewa\u017cy\u0142 podstawowe gwarancje procesowe, z jakich korzysta skar\u017cony czy pozwany, w w spos\u00f3b zawiniony, bo prawid\u0142owe zawiadomienie uczestnika o post\u0119powaniu spoczywa na s\u0105dzie, kt\u00f3remu mi\u0119dzy innymi za to w\u0142a\u015bnie Rzeczpospolita p\u0142aci. Dlaczego niezawis\u0142y jeszcze S\u0105d Okr\u0119gowy w Warszawie to zrobi\u0142 &#8211; tego oczywi\u015bcie nie wiem, ale obserwuj\u0105c narastaj\u0105ce polityczne zacietrzewienie w \u015brodowisku \u201e<i>kasty<\/i>\u201d, co to niedawno jeszcze \u201e<i>sra\u0107 chodzi\u0142a za cha\u0142up\u0119<\/i>\u201d, nie wykluczam, \u017ce dlatego, i\u017c w stosunku do pani Wellman m\u00f3g\u0142 poczu\u0107 \u201e<i>siostrzan\u0105<\/i>\u201d wsp\u00f3lnot\u0119 los\u00f3w, co oczywi\u015bcie podwa\u017ca\u0142oby zaufanie do jego bezstronno\u015bci.<\/p>\r\n<p>Ale niezale\u017cnie od tych uchybie\u0144 natury procesowej wyrok nie mo\u017ce nie budzi\u0107 zdumienia, czy wr\u0119cz zgorszenia r\u00f3wnie\u017c od strony merytorycznej. Pan Piekara w swoim wpisie przypomnia\u0142 oczywist\u0105 rzecz, \u017ce do aborcji potrzebne jest zap\u0142odnienie. Nawet gdyby chodzi\u0142o o zap\u0142odnienie w szklance, na kt\u00f3re snobuj\u0105 si\u0119 ostatnio damy z towarzystwa (\u201e<i>m\u00f3j syn urodzi\u0142 si\u0119 z plemnika Rodryga Podkowy z pierwszej wyprawy krzy\u017cowej, a z czego tw\u00f3j, ty garkot\u0142uku?<\/i>\u201d), to tak czy owak bez zap\u0142odnienia si\u0119 nie obejdzie. Do zap\u0142odnienia w zasadzie seks te\u017c jest potrzebny, bo mimo wszystko zap\u0142odnienie w szklance nale\u017cy do wyj\u0105tk\u00f3w, chyba, \u017ce \u201e<i>siostry<\/i>\u201d doprowadz\u0105 do uchwalenia ustawy wymagaj\u0105cej zgody na ka\u017cdorazowe wsp\u00f3\u0142\u017cycie w formie aktu notarialnego i monitorowania jego przebiegu przez specjalnego inspektora, kt\u00f3ry sprawdza\u0142by, czy odbywa si\u0119 ono zgodnie ze spisanymi warunkami. Wtedy zap\u0142odnienie w szklance mo\u017ce si\u0119 sta\u0107 regu\u0142\u0105, a przy okazji wzro\u015bnie popyt na nadmuchiwane lalki, z kt\u00f3rymi nie b\u0119dzie tyle ceregieli, przynajmniej na razie. Jak dot\u0105d pan Piekara wypowiedzia\u0142 opinie oczywiste, kt\u00f3re w prawniczym \u017cargonie okre\u015blane s\u0105 mianem \u201e<i>notoryjno\u015bci powszechnej<\/i>\u201d. I dopiero na tym tle dwuznacznie mo\u017ce zabrzmie\u0107 wyra\u017cenie przeze\u0144 rado\u015bci, ze pani Wellman aborcja nie grozi. Mo\u017cna to bowiem rozumie\u0107 &#8211; po pierwsze &#8211; w taki spos\u00f3b, \u017ce pani Dorota Wellman, jako zygota wyro\u015bni\u0119ta, nie mo\u017ce by\u0107 wyabortowana. To jest rzecz oczywista, na co zreszt\u0105 zwr\u00f3ci\u0142 uwag\u0119 prezydent USA Ronald Reagan, zauwa\u017caj\u0105c, \u017ce legalizacji aborcji domagaj\u0105 si\u0119 wy\u0142\u0105cznie osoby, kt\u00f3rym ona ju\u017c nie zagra\u017ca. Albo &#8211; po drugie &#8211; \u017ce pani Wellman jest w tym wieku, \u017ce zap\u0142odniona by\u0107 ju\u017c nie mo\u017ce, a wi\u0119c nie grozi jej tak\u017ce aborcja. Pani Wellman urodzi\u0142a si\u0119 w roku 1961, wi\u0119c spostrze\u017cenie pana Piekary mo\u017ce nie by\u0107 pozbawione podstaw, jako \u017ce menopauza pojawia si\u0119 u kobiet mi\u0119dzy 45, a 55 rokiem \u017cycia. By\u0107 mo\u017ce zdarzaj\u0105 si\u0119 wyj\u0105tki, ale taka okoliczno\u015b\u0107 powinna by\u0107 przez S\u0105d Okr\u0119gowy w Warszawie wyja\u015bniona ponad wszelk\u0105 w\u0105tpliwo\u015b\u0107, zgodnie z zasad\u0105 actori incumbit probatio, co si\u0119 wyk\u0142ada, \u017ce pow\u00f3d powinien udowodni\u0107 okoliczno\u015bci, na kt\u00f3rych opiera roszczenie &#8211; a wi\u0119c &#8211; \u017ce pani Dorota Wellman, mimo swego wieku, mo\u017ce jeszcze by\u0107 aborcj\u0105 zagro\u017cona. Obawiam si\u0119 jednak, \u017ce taki dow\u00f3d nie zosta\u0142 przeprowadzony, a w tej sytuacji wyrok S\u0105du Okr\u0119gowego w Warszawie nosi wszelkie znamiona partactwa, co z kolei uzasadnia podejrzenia, \u017ce kuracja przeczyszczaj\u0105ca w niezawis\u0142ych s\u0105dach jest jak najbardziej uzasadniona.<\/p>\r\n<p><strong><em>Stanis\u0142aw Michalkiewicz<\/em><\/strong><\/p>\r\n<p>Felieton &nbsp;<b>\u2022<\/b>&nbsp; serwis \u201ePrawy.pl\u201d (prawy.pl) &nbsp;<b>\u2022<\/b>&nbsp; 22 stycznia 2018<\/p>","protected":false},"excerpt":{"rendered":"Za czas\u00f3w I Rzeczypospolitej nadz\u00f3r nad praworz\u0105dno\u015bci\u0105 w Polsce roztoczy\u0142a imperatorowa Katarzyna, ujmuj\u0105c si\u0119 za rozmaitymi grupami uznanymi za pokrzywdzone. Od tamtej pory mija 250 lat, ale kontynuacja okazuje si\u0119 silniejsza, ni\u017c zmiany. Bo zmiany oczywi\u015bcie s\u0105, mi\u0119dzy innymi w postaci nieoczekiwanej zmiany miejsc. Wtedy Katarzyna rezydowa\u0142a w Petersburgu, a Fryderyk &#8211; w Berlinie, a [&hellip;]","protected":false},"author":1,"featured_media":0,"comment_status":"closed","ping_status":"closed","sticky":false,"template":"","format":"standard","meta":{"_acf_changed":false,"_monsterinsights_skip_tracking":false,"_monsterinsights_sitenote_active":false,"_monsterinsights_sitenote_note":"","_monsterinsights_sitenote_category":0,"ngg_post_thumbnail":0,"footnotes":"","_wp_rev_ctl_limit":""},"categories":[9],"tags":[94,23,156,98,34],"acf":[],"_links":{"self":[{"href":"https:\/\/www.bibula.com\/index.php?rest_route=\/wp\/v2\/posts\/99305"}],"collection":[{"href":"https:\/\/www.bibula.com\/index.php?rest_route=\/wp\/v2\/posts"}],"about":[{"href":"https:\/\/www.bibula.com\/index.php?rest_route=\/wp\/v2\/types\/post"}],"author":[{"embeddable":true,"href":"https:\/\/www.bibula.com\/index.php?rest_route=\/wp\/v2\/users\/1"}],"replies":[{"embeddable":true,"href":"https:\/\/www.bibula.com\/index.php?rest_route=%2Fwp%2Fv2%2Fcomments&post=99305"}],"version-history":[{"count":0,"href":"https:\/\/www.bibula.com\/index.php?rest_route=\/wp\/v2\/posts\/99305\/revisions"}],"wp:attachment":[{"href":"https:\/\/www.bibula.com\/index.php?rest_route=%2Fwp%2Fv2%2Fmedia&parent=99305"}],"wp:term":[{"taxonomy":"category","embeddable":true,"href":"https:\/\/www.bibula.com\/index.php?rest_route=%2Fwp%2Fv2%2Fcategories&post=99305"},{"taxonomy":"post_tag","embeddable":true,"href":"https:\/\/www.bibula.com\/index.php?rest_route=%2Fwp%2Fv2%2Ftags&post=99305"}],"curies":[{"name":"wp","href":"https:\/\/api.w.org\/{rel}","templated":true}]}}