{"id":99238,"date":"2018-01-18T11:59:18","date_gmt":"2018-01-18T16:59:18","guid":{"rendered":"http:\/\/www.bibula.com\/?p=99238"},"modified":"2018-01-18T11:59:18","modified_gmt":"2018-01-18T16:59:18","slug":"interwencja-ws-ksiazki-szkalujacej-polakow","status":"publish","type":"post","link":"https:\/\/www.bibula.com\/?p=99238","title":{"rendered":"Interwencja ws. ksi\u0105\u017cki szkaluj\u0105cej Polak\u00f3w"},"content":{"rendered":"<p><strong>Interwencja w sprawie ksi\u0105\u017cki &#8222;Tutsis Du Rwanda Et Juifs De Pologne. Victimes De La M\u00c3\u00aame Haine?\u201d<\/strong><\/p>\r\n<p>Zostali\u015bmy poinformowani o nowej ksi\u0105\u017cce jaka ukaza\u0142a si\u0119 w j\u0119zyku francuskim: <em>Tutsis Du Rwanda Et Juifs De Pologne. Victimes De La M\u00c3\u00aame Haine?<\/em> (\u201eTutsi z Rwandy i \u017bydzi z Polski. Ofiary takiej samej nienawi\u015bci?\u201d) autorstwa Sidi N\u2019Diaye. Ju\u017c sam tytu\u0142 jest niepokoj\u0105cy, recenzje za\u015b nie pozostawiaj\u0105 w\u0105tpliwo\u015bci: ksi\u0105\u017cka por\u00f3wnuje ludob\u00f3jstwo w Rwandzie z mordami polskich ch\u0142op\u00f3w na \u017bydach. Podj\u0119li\u015bmy interwencj\u0119. Przygotowali\u015bmy list, kt\u00f3ry wys\u0142ali\u015bmy zar\u00f3wno do autora, jak i wydawnictwa. Czekamy na odpowied\u017a.<\/p>\r\n<p style=\"padding-left: 30px;\">Warszawa, 15.01.2018 r.<\/p>\r\n<p style=\"padding-left: 30px;\">Sidi N\u2019Diaye<br>\r\n Wydawnictwo Le Bord de l\u2019eau<\/p>\r\n<p style=\"padding-left: 30px;\">Ze zdumieniem i niedowierzaniem przyj\u0119li\u015bmy informacj\u0119 o publikacji ksi\u0105\u017cki Tutsis Du Rwanda Et Juifs De Pologne. Victimes De La M\u00c3\u00aame Haine? (\u201eTutsi z Rwandy i \u017bydzi z Polski. Ofiary takiej samej nienawi\u015bci?\u201d) autorstwa Sidi N\u2019Diaye, kt\u00f3rej g\u0142\u00f3wna teza stawia znak r\u00f3wno\u015bci pomi\u0119dzy ludob\u00f3jstwem Tutsi w Rwandzie a mordami \u017byd\u00f3w przez Polak\u00f3w(!) w okupowanej przez Niemc\u00f3w Polsce.<\/p>\r\n<p style=\"padding-left: 30px;\">70 lat po straszliwej wojnie w autorzy przekraczaj\u0105 kolejne granice, aby w\u0105tpliwymi spostrze\u017ceniami przyci\u0105gn\u0105\u0107 czytelnika do swoich opracowa\u0144. Badanie znanych fakt\u00f3w z historii Polski z okresu II wojny \u015bwiatowej nie jest ju\u017c atrakcyjne &#8211; napa\u015b\u0107 totalitarnych pot\u0119g na bezbronny kraj; zdrada sojusznik\u00f3w &#8211; Francji i Wielkiej Brytanii; oboj\u0119tno\u015b\u0107 \u015bwiata na holocaust \u017byd\u00f3w w czasie II wojny \u015bwiatowej. Zadziwiaj\u0105cym efektem tych intelektualnych dywagacji jest fakt, \u017ce prawdziwi sprawcy &#8211; Niemcy w s\u0142u\u017cbie III Rzeszy schodz\u0105 na dalszy plan, natomiast ich ofiary Polacy i \u017bydzi s\u0105 sobie przeciwstawiani.<\/p>\r\n<p style=\"padding-left: 30px;\">Chcemy zwr\u00f3ci\u0107 uwag\u0119 tak\u017ce na kilka innych fakt\u00f3w.<\/p>\r\n<p style=\"padding-left: 30px;\">Rwanda nie zosta\u0142a napadni\u0119ta przez inny kraj, kt\u00f3ry spustoszy\u0142 jej terytorium, a nast\u0119pnie przeprowadza\u0142 planow\u0105 eksterminacj\u0119 grup spo\u0142ecznych. Polska tak.<\/p>\r\n<p style=\"padding-left: 30px;\">W Rwandzie nie by\u0142o pa\u0144stwa podziemnego, kt\u00f3rego wyspecjalizowane agendy jak organizacja \u0179egota ratowa\u0142y swoich obywateli zagro\u017conych eksterminacj\u0105 ze wzgl\u0119du na swoje pochodzenie etniczne.<\/p>\r\n<p style=\"padding-left: 30px;\">Mo\u017cna znale\u017a\u0107 podobie\u0144stwa jednak maj\u0105 one wyd\u017awi\u0119k negatywny &#8211; podobnie jak w Polsce tak i w Rwandzie \u015bwiat biernie przypatrywa\u0142 si\u0119 trwaj\u0105cemu ludob\u00f3jstwu. W przypadku Rwandy spo\u0142eczno\u015b\u0107 mi\u0119dzynarodowa ba\u0142a si\u0119 interweniowa\u0107, natomiast w Polsce &#8211; nie wierzy\u0142a lub nie chcia\u0142a wierzy\u0107 w to, co si\u0119 dzieje. A Polacy nara\u017cali \u017cycie, aby obudzi\u0107 sumienie \u015bwiata. Warto prze\u015bledzi\u0107 biografie chocia\u017cby Jana Karskiego, kt\u00f3ry bezskutecznie zabiega\u0142 w\u015br\u00f3d spo\u0142eczno\u015bci mi\u0119dzynarodowej o pomoc i wsparcie dla eksterminowanych Polak\u00f3w \u017cydowskiego pochodzenia; pu\u0142kownika Witolda Pileckiego, kt\u00f3ry przedosta\u0142 si\u0119 do niemieckiego obozu koncentracyjnego Auschwitz, aby za\u0142o\u017cy\u0107 w nim ruch oporu i zdoby\u0107 informacje o rzeczywistej sytuacji w obozie; czy Ireny Sendlerowej ratuj\u0105cej tysi\u0105ce dzieci \u017cydowskiego pochodzenia. Takich bohater\u00f3w by\u0142o znacznie wi\u0119cej.<\/p>\r\n<p style=\"padding-left: 30px;\">Na ziemiach polskich w czasie II wojny \u015bwiatowej mia\u0142y miejsce wydarzenia przywodz\u0105ce na my\u015bl sytuacj\u0119 w Rwandzie. Jednak nie tam, gdzie szuka ich autor ksi\u0105\u017cki. Por\u00f3wna\u0144 mo\u017cemy szuka\u0107 na kresach wschodnich. Tam ponad 100 000 Polak\u00f3w zgin\u0119\u0142o w nieludzkich, niewyobra\u017calnych cierpieniach zgotowanych przez Ukrai\u0144c\u00f3w. Na Wo\u0142yniu i pozosta\u0142ych wojew\u00f3dztwach \u00f3wczesnej RP ukrai\u0144ski s\u0105siad zabija\u0142 polskiego s\u0105siada. O ile o masakrze w Rwandzie wie ca\u0142y \u015bwiat, tak cierpienia polskich ofiar na Wo\u0142yniu nie istniej\u0105 w \u015bwiadomo\u015bci zachodniej opinii publicznej. Nie tylko nie zosta\u0142y w jakikolwiek spos\u00f3b zado\u015b\u0107uczynione, ale te\u017c przez dziesi\u0105tki lat by\u0142y ukrywane, a na ich temat milczano.<\/p>\r\n<p style=\"padding-left: 30px;\">W naszej opinii, autor przeni\u00f3s\u0142 na nowy nieznany poziom sztuk\u0119 formu\u0142owania wniosk\u00f3w na podstawie odosobnionych i uog\u00f3lnionych zdarze\u0144.<\/p>\r\n<p style=\"padding-left: 30px;\">Przypominamy autorowi, i\u017c Polska by\u0142a jedynym krajem bez rz\u0105du kolaboracyjnego, kt\u00f3rego Pa\u0144stwo podziemne nak\u0142ada\u0142o kar\u0119 \u015bmierci za wsp\u00f3\u0142prac\u0119 z niemieckim okupantem, w tym denucjacj\u0119 \u017byd\u00f3w i ukrywaj\u0105cych ich Polak\u00f3w. Legalny polski rz\u0105d na uchod\u017actwie i kierowane przez niego polskie pa\u0144stwo podziemne podj\u0119\u0142o szereg dzia\u0142a\u0144 w kwestii ratowania skazanych na zag\u0142ad\u0119 \u017byd\u00f3w. Polska by\u0142a jedynym krajem okupowanej Europy, gdzie za pomoc i ukrywanie \u017byd\u00f3w grozi\u0142a kara \u015bmierci pomagaj\u0105cemu i jego rodzinie. A mimo tego, to w\u0142a\u015bnie w\u015br\u00f3d Polak\u00f3w najwi\u0119cej jest sprawiedliwych w\u015br\u00f3d narod\u00f3w \u015bwiata\u2026<\/p>\r\n<p style=\"padding-left: 30px;\"><a href=\"http:\/\/www.anti-defamation.pl\/rdiplad\/aktualnosci\/2215\/\"><span style=\"text-decoration: underline;\">Czytaj wi\u0119cej&nbsp;<\/span><\/a><\/p>\r\n<p style=\"padding-left: 30px;\">Nie zgadzamy si\u0119 na takie przedstawianie historii. Wzywamy do dog\u0142\u0119bnego zapoznania si\u0119 z histori\u0105 Polski okresu II wojny \u015bwiatowej i podj\u0119cie refleksji na temat por\u00f3wna\u0144, kt\u00f3re Pan poczyni\u0142. W razie potrzeby s\u0142u\u017cymy pomocn\u0105 literatur\u0105 przedmiotu.<\/p>\r\n<p style=\"padding-left: 30px;\">Reduta Dobrego Imienia<br>\r\n Polska Liga przeciw Znies\u0142awieniom<\/p>\r\n<p class=\"zrodlo\">Za: <a href=\"http:\/\/isakowicz.pl\/interwencja-ws-ksiazki-szkalujacej-polakow\/\">Rozmy\u015blania w blogu &#8211; isakowicz.pl (17 stycznia 2018)<\/a><\/p>\r\n<h4>&nbsp;<\/h4>\r\n<hr style=\"background-color: #000000; border-width: 0; color: #000000; height: 2px; line-height: 0; text-align: center; width: 100%;\">\r\n<h4>&nbsp;<\/h4>\r\n<blockquote>\r\n<p><strong>KOMENTARZ <em>BIBU\u0141Y<\/em><\/strong>: &#8222;Polska Liga przeciwko Znies\u0142awieniom&#8221;, to organizacja, kt\u00f3ra pr\u00f3buje broni\u0107 dobrego imienia Polski i Polak\u00f3w, lecz czyni to w spos\u00f3b wielce dyskusyjny, bowiem stosuje te same metody znane z repertuaru \u017cydowskiej organizacji o podobnej nazwie, czyli usi\u0142uj\u0105c broni\u0107, sama stosuje manipulacje, by\u0107 mo\u017ce nawet nie zdaj\u0105c sobie w pe\u0142ni z tego sprawy.<\/p>\r\n<p>We\u017amy takie zdanie: &#8222;<em>Warto prze\u015bledzi\u0107 biografie chocia\u017cby Jana Karskiego, kt\u00f3ry bezskutecznie zabiega\u0142 w\u015br\u00f3d spo\u0142eczno\u015bci mi\u0119dzynarodowej o pomoc i wsparcie dla eksterminowanych Polak\u00f3w \u017cydowskiego pochodzenia; pu\u0142kownika Witolda Pileckiego, kt\u00f3ry przedosta\u0142 si\u0119 do niemieckiego obozu koncentracyjnego Auschwitz, aby za\u0142o\u017cy\u0107 w nim ruch oporu i zdoby\u0107 informacje o rzeczywistej sytuacji w obozie <\/em>[&#8230;]<em> Takich bohater\u00f3w by\u0142o znacznie wi\u0119cej.<\/em>&#8222;<\/p>\r\n<p>O &#8222;bohaterze&#8221; Janie Karskim, pisali\u015bmy wielokrotnie (np. <a href=\"http:\/\/www.bibula.com\/?p=74397\"><span style=\"text-decoration: underline;\">tutaj<\/span><\/a> i <span style=\"text-decoration: underline;\"><a href=\"http:\/\/www.bibula.com\/?p=74394\">tutaj<\/a><\/span>). Lepiej by\u0142oby przywo\u0142ywa\u0107 inne przyk\u0142ady ni\u017c powo\u0142ywa\u0107 si\u0119 na tego typu &#8222;autorytety&#8221;. Natomiast o w\u0105tpliwo\u015bciach wok\u00f3\u0142 &#8222;Raportu Witolda Pileckiego&#8221;, r\u00f3wnie\u017c pisali\u015bmy, lecz jako\u015b nikt nie raczy\u0142 ustosunkowa\u0107 si\u0119 do otwartych pyta\u0144. Przypomnijmy zatem jeden z naszych Komentarzy i&#8230; cierpliwie czekamy na merytoryczne odpowiedzi.<\/p>\r\n<p style=\"padding-left: 30px;\"><em>Przypominamy nasz Komentarz i Apel w sprawie rtm. Pileckiego, zamieszczony ju\u017c kilka lat temu. Niestety, przez ca\u0142y ten czas nikt nie pr\u00f3bowa\u0142 w jakikolwiek spos\u00f3b &#8211; merytoryczny czy jakikolwiek inny &#8211; ustosunkowa\u0107 si\u0119 do niego. <strong>Panuje zgodne milczenie tzw. badaczy<\/strong>, historyk\u00f3w i publicyst\u00f3w wobec &#8222;Raport\u00f3w Pileckiego\u201d, kt\u00f3re &#8211; cytat z Wikipedii: &#8222;Obok raport\u00f3w Karskiego s\u0105 pierwszym \u017ar\u00f3d\u0142em na temat Holokaustu na \u015bwiecie\u201d. W\u0142a\u015bnie, zastanawiaj\u0105ca jest zgodno\u015b\u0107 braku zainteresowania tematem, by\u0107 mo\u017ce w\u0142a\u015bnie dlatego, \u017ce chodzi o boja\u017a\u0144 przed oskar\u017ceniami o negowanie [tzw.] Holokaustu, a tak\u017ce boja\u017a\u0144 o naruszenie podstaw mitu o rtm. Pileckim. Tak, mitu, bowiem Jego pi\u0119kna, \u015bwietlana posta\u0107 nie by\u0142aby dzisiaj tak promowana, gdyby &#8211; swoimi Raportami, a dok\u0142adnie: niekt\u00f3rymi w\u0105tpliwymi fragmentami powojennego Raportu &#8211; nie wpisywa\u0142a si\u0119 w kanony Religii Holokaustu.<br>\r\n <\/em><\/p>\r\n<p style=\"padding-left: 30px;\">\u015awietlana posta\u0107 rotmistrza Pileckiego nie powinna budzi\u0107 w\u0105tpliwo\u015bci, jednak takowe niestety pojawiaj\u0105 si\u0119 przy lekturze trzeciego Raportu, przypisywanego w\u0142a\u015bnie jemu. Badaczom historii nieobarczonym skaz\u0105 ideologii i religii Holokaustu, polecamy baczniejsze przyjrzenie si\u0119 i szczeg\u00f3\u0142ow\u0105 analiz\u0119 por\u00f3wnawcz\u0105 w\u0142a\u015bnie trzeciego Raportu, z innymi zapiskami Rotmistrza i tak\u017ce z pierwszym Raportem (&#8222;W\u201d) i drugim Raportem (&#8222;S\u201d). Niestety, ostatni, trzeci Raport &#8211; a w\u0142a\u015bnie ten jest nag\u0142o\u015bniony &#8211; powsta\u0142 dopiero <strong>po 1945 roku<\/strong> (cho\u0107 dok\u0142adna data nie jest znana; co ciekawe, w Polsce ten Raport <strong>opublikowano dopiero w 2000 roku<\/strong>).<\/p>\r\n<p style=\"padding-left: 30px;\">Same orygina\u0142y Raport\u00f3w maj\u0105 znajdowa\u0107 si\u0119 w Archiwum Studium Polski Podziemnej w Londynie, niestety, nigdzie nie s\u0105 dost\u0119pne skany b\u0105d\u017a kompletne szczeg\u00f3\u0142owe zdj\u0119cia tych Raport\u00f3w. Tym trudniejsze jest prowadzenie jakichkolwiek bada\u0144, \u017ce za kopie jednego raportu Archiwum w Londynie \u017c\u0105da sobie kilkaset dolar\u00f3w (sami to spawdzili\u015bmy!). Dlaczego, po tylu latach po wojnie, nie udost\u0119pniono tych raport\u00f3w, trudno w pe\u0142ni zrozumie\u0107 bez przyj\u0119cia za\u0142o\u017cenia, \u017ce by\u0107 mo\u017ce chodzi tak\u017ce o to aby odstraszy\u0107 ewentualnych dociekliwych badaczy. Przy okazji, <strong>Apel do Archiwum w Londynie<\/strong>: prosimy o upublicznienie w Internecie skan\u00f3w wszystkich Raport\u00f3w. No, chyba \u017ce jakie\u015b wzgl\u0119dy pozamerytoryczne wchodz\u0105 w gr\u0119\u2026<\/p>\r\n<p style=\"padding-left: 30px;\">Polecamy przyjrzenie si\u0119 pod tym k\u0105tem w\u0142a\u015bnie trzeciemu Raportowi, w kt\u00f3rym niestety <strong>mno\u017c\u0105 si\u0119 nonsensy o \u017cyciu obozowym<\/strong>, np. o szczeg\u00f3\u0142ach gazowania \u017byd\u00f3w. Dziwne, \u017ce pisane w czasie wojny Raporty (kt\u00f3re s\u0105 kr\u00f3tkie) nie zawieraj\u0105 tych historii, lecz dopiero 100-stronicowy Raport <strong>powojenny<\/strong> zawiera szczeg\u00f3\u0142y, kt\u00f3rych walory jako\u015b zbie\u017cne s\u0105 z \u00f3wczesn\u0105 powojenn\u0105 propagand\u0105 sowieck\u0105, a p\u00f3\u017aniej syjonistyczn\u0105. Nale\u017cy podkre\u015bli\u0107, \u017ce w powszechnej \u015bwiadomo\u015bci istnieje okre\u015blenie &#8222;Raport Pileckiego\u201d, lecz uto\u017csamiany jest on z raportem powojennym, a nie z raportami (suchymi i kr\u00f3tkimi) powsta\u0142ymi podczas wojny. Najcz\u0119\u015bciej jednak publicy\u015bci (i niestety historycy) zlewaj\u0105 te raporty w jak\u0105\u015b jedn\u0105 ca\u0142o\u015b\u0107, zniekszta\u0142caj\u0105c obraz historii.<\/p>\r\n<p style=\"padding-left: 30px;\">A m\u00f3wi\u0105c o propagandzie sowieckiej przypomnijmy, \u017ce twierdzi\u0142a ona i wmawia\u0142a spo\u0142ecze\u0144stwom przez wiele powojennych lat, \u017ce np. w Majdanku zgin\u0119\u0142o p\u00f3\u0142tora miliona ludzi (co mia\u0142o stanowi\u0107 efekt&nbsp; &#8222;<em>dog\u0142\u0119bnych bada\u0144 komisji naukowc\u00f3w radzieckich<\/em>\u201d- cytat z wydawanych po wojnie ksi\u0105\u017cek, rozpowszechnianych w milionowych nak\u0142adach); \u017ce w KL Auschwitz &#8211; nawet 10 milion\u00f3w; \u017ce w Treblince &#8211; 3 miliony (dzisiaj dowodzi si\u0119 od 80 tysi\u0119cy do maksymalnie 250 tysi\u0119cy), a w Sobiborze &#8211; 350 tysi\u0119cy (dzisiaj dowodzi si\u0119 15 tysi\u0119cy ofiar).<\/p>\r\n<p style=\"padding-left: 30px;\">Powstaje zatem pytanie, <strong>czy aby ta wspania\u0142a posta\u0107 rotmistrza Pileckiego nie zosta\u0142a perfidnie wykorzystana przez komunist\u00f3w aby uwiarygodni\u0107 powojenn\u0105 propagand\u0119 sowieck\u0105<\/strong>, przypisuj\u0105c mu &#8211; ju\u017c po wojnie &#8211; trzeci Raport, <strong>b\u0105d\u017a dodaj\u0105c do\u0144 pikantne szczeg\u00f3\u0142y zgodne z \u00f3wczesn\u0105 narracj\u0105 propagandy<\/strong>. Naukowcy, badacze, historycy &#8211; polecamy rzetelne zaj\u0119cie si\u0119 tym tematem!<\/p>\r\n<p style=\"padding-left: 30px;\">A jakby przy okazji, oraz w zwi\u0105zku z &#8222;Raportem Pileckiego\u201d, zwracamy si\u0119 do Czytelnik\u00f3w o wskazanie nam jakiegokolwiek dokumentu pochodz\u0105cego z czas\u00f3w wojny, w tym jakiegokolwiek dokumentu s\u0142u\u017cb wywiadowczych Aliant\u00f3w, w kt\u00f3rym mowa jest o masowym gazowaniu wi\u0119\u017ani\u00f3w w niemieckich obozach koncentracyjnych. Trudne zadanie, prawda? No, chyba, \u017ce b\u0119dzie to\u2026 &#8222;Raport Pileckiego\u201d\u2026 powsta\u0142y po wojnie, na kt\u00f3ry powo\u0142uj\u0105 si\u0119 niekt\u00f3rzy osobnicy nazywaj\u0105cy si\u0119 historykami, kt\u00f3rych sta\u0107 jedynie na wzajemne i bezkrytyczne cytowanie siebie, koleg\u00f3w i niesprawdzonych dokument\u00f3w.<\/p>\r\n<\/blockquote>\r\n<h4>&nbsp;<\/h4>\r\n<hr style=\"background-color: #000000; border-width: 0; color: #000000; height: 2px; line-height: 0; text-align: center; width: 100%;\">\r\n<h4>&nbsp;<\/h4>","protected":false},"excerpt":{"rendered":"Interwencja w sprawie ksi\u0105\u017cki &#8222;Tutsis Du Rwanda Et Juifs De Pologne. Victimes De La M\u00c3\u00aame Haine?\u201d Zostali\u015bmy poinformowani o nowej ksi\u0105\u017cce jaka ukaza\u0142a si\u0119 w j\u0119zyku francuskim: Tutsis Du Rwanda Et Juifs De Pologne. Victimes De La M\u00c3\u00aame Haine? (\u201eTutsi z Rwandy i \u017bydzi z Polski. Ofiary takiej samej nienawi\u015bci?\u201d) autorstwa Sidi N\u2019Diaye. Ju\u017c sam [&hellip;]","protected":false},"author":1,"featured_media":0,"comment_status":"closed","ping_status":"closed","sticky":false,"template":"","format":"standard","meta":{"_acf_changed":false,"_monsterinsights_skip_tracking":false,"_monsterinsights_sitenote_active":false,"_monsterinsights_sitenote_note":"","_monsterinsights_sitenote_category":0,"ngg_post_thumbnail":0,"footnotes":"","_wp_rev_ctl_limit":""},"categories":[6],"tags":[165,65,22,20],"acf":[],"_links":{"self":[{"href":"https:\/\/www.bibula.com\/index.php?rest_route=\/wp\/v2\/posts\/99238"}],"collection":[{"href":"https:\/\/www.bibula.com\/index.php?rest_route=\/wp\/v2\/posts"}],"about":[{"href":"https:\/\/www.bibula.com\/index.php?rest_route=\/wp\/v2\/types\/post"}],"author":[{"embeddable":true,"href":"https:\/\/www.bibula.com\/index.php?rest_route=\/wp\/v2\/users\/1"}],"replies":[{"embeddable":true,"href":"https:\/\/www.bibula.com\/index.php?rest_route=%2Fwp%2Fv2%2Fcomments&post=99238"}],"version-history":[{"count":0,"href":"https:\/\/www.bibula.com\/index.php?rest_route=\/wp\/v2\/posts\/99238\/revisions"}],"wp:attachment":[{"href":"https:\/\/www.bibula.com\/index.php?rest_route=%2Fwp%2Fv2%2Fmedia&parent=99238"}],"wp:term":[{"taxonomy":"category","embeddable":true,"href":"https:\/\/www.bibula.com\/index.php?rest_route=%2Fwp%2Fv2%2Fcategories&post=99238"},{"taxonomy":"post_tag","embeddable":true,"href":"https:\/\/www.bibula.com\/index.php?rest_route=%2Fwp%2Fv2%2Ftags&post=99238"}],"curies":[{"name":"wp","href":"https:\/\/api.w.org\/{rel}","templated":true}]}}