{"id":98767,"date":"2017-12-19T12:12:55","date_gmt":"2017-12-19T17:12:55","guid":{"rendered":"http:\/\/www.bibula.com\/?p=98767"},"modified":"2020-09-19T11:45:36","modified_gmt":"2020-09-19T15:45:36","slug":"papiez-oglosil-heroicznosc-kardynala-stefana-wyszynskiego","status":"publish","type":"post","link":"https:\/\/www.bibula.com\/?p=98767","title":{"rendered":"Papie\u017c og\u0142osi\u0142 heroiczno\u015b\u0107 kardyna\u0142a Stefana Wyszy\u0144skiego"},"content":{"rendered":"<p><strong>Papie\u017c Franciszek podpisa\u0142 dekret o heroiczno\u015bci cn\u00f3t kard. Stefana Wyszy\u0144skiego &#8211; poda\u0142o Biuro Prasowe Stolicy Apostolskiej. Od tej chwili Prymasowi Tysi\u0105clecia przys\u0142uguje oficjalnie tytu\u0142 \u201eCzcigodny S\u0142uga Bo\u017cy\u201d. Do beatyfikacji niezb\u0119dny jest ju\u017c tylko cud za wstawiennictwem kard. Wyszy\u0144skiego.<\/strong><\/p>\r\n<p>12 grudnia br. podczas sesji zwyczajnej kardyna\u0142owie i biskupi z Kongregacji Spraw Kanonizacyjnych wyrazili pozytywn\u0105 opini\u0119 o heroiczno\u015bci cn\u00f3t kard Wyszy\u0144skiego. W ten spos\u00f3b zako\u0144czy\u0142y si\u0119 prace Kongregacji Spraw Kanonizacyjnych nad \u201ePositio super virtutibus\u201d.<\/p>\r\n<p>3-tomowe \u201ePositio\u201d zosta\u0142o opracowane pod kierunkiem postulatora procesu ks. prof. Zbigniewa Sucheckiego, a w listopadzie 2016 r. kard. Kazimierz Nycz z\u0142o\u017cy\u0142 je w watyka\u0144skiej kongregacji. Materia\u0142y te by\u0142y podstaw\u0105 prac r\u00f3\u017cnych komisji w toku procesu beatyfikacyjnego na etapie watyka\u0144skim.<\/p>\r\n<p>O tym, \u017ce papieska decyzja mo\u017ce zosta\u0107 og\u0142oszona jeszcze przed Bo\u017cym Narodzeniem m\u00f3wi\u0142 kilkana\u015bcie dni temu kard. Kazimierz Nycz. Metropolita warszawski przypomnia\u0142, \u017ce proces beatyfikacyjny Prymasa sk\u0142ada si\u0119, tak jak ka\u017cdy proces w Rzymie, z dw\u00f3ch cz\u0119\u015bci. Jedna cz\u0119\u015b\u0107 to jest opracowanie \u201ePositio\u201d i przygotowanie tzw. dekretu o heroiczno\u015bci cn\u00f3t. &#8211; <em>Jeste\u015bmy bardzo blisko ko\u0144ca i jestem przekonany, \u017ce w tej dziedzinie mo\u017cemy si\u0119 nawet spodziewa\u0107 jakiego\u015b prezentu na Gwiazdk\u0119<\/em> &#8211; powiedzia\u0142 kard. Nycz.<\/p>\r\n<p>T\u0142umaczy\u0142 te\u017c, \u017ce momencie, kiedy Papie\u017c og\u0142osi heroiczno\u015b\u0107 cn\u00f3t zaczyna si\u0119 opracowywanie sprawy cudu za wstawiennictwem kard. Wyszy\u0144skiego. &#8211; <em>Potrzebna jest modlitwa, czas, spok\u00f3j<\/em> &#8211; m\u00f3wi\u0142 metropolita warszawski dodaj\u0105c, \u017ce je\u015bli za wstawiennictwem Prymasa wydarzy si\u0119 jaki\u015b cud, w\u00f3wczas \u201ete dwie drogi si\u0119 zejd\u0105 i wtedy jest beatyfikacja\u201d.<\/p>\r\n<p>Proces beatyfikacyjny Prymasa Tysi\u0105clecia na etapie diecezjalnym rozpocz\u0105\u0142 si\u0119 20 maja 1983 r. a zako\u0144czy\u0142 6 lutego 2001 r. Akta zebrane w toku procesu &#8211; w sumie 37 tom\u00f3w &#8211; wraz za\u0142\u0105cznikami (ksi\u0105\u017ckami, artyku\u0142ami autorstwa kandydata na o\u0142tarze) zosta\u0142y przekazane do watyka\u0144skiej Kongregacji Spraw Kanonizacyjnych.<\/p>\r\n<p>28 maja 2013 r. podczas uroczysto\u015bci w bazylice \u015bw. Jana Chrzciciela w Szczecinie zamkni\u0119to diecezjalny proces o domniemanym uzdrowieniu m\u0142odej osoby za przyczyn\u0105 S\u0142ugi Bo\u017cego kard. Stefana Wyszy\u0144skiego. Dokumentacja trafi\u0142a do Watykanu.<\/p>\r\n<p>26 kwietnia 2016 r. odby\u0142o si\u0119 posiedzenie Komisji Teolog\u00f3w &#8211; konsultor\u00f3w pod kierunkiem promotora wiary. Spotkanie s\u0142u\u017cy\u0142o dyskusji nad \u201ePositio super virtutibus\u201d, czyli dokumentacj\u0105 o heroiczno\u015bci cn\u00f3t Prymasa Polski.<\/p>\r\n<p>Trzytomowy zbi\u00f3r materia\u0142\u00f3w z\u0142o\u017cy\u0142 w listopadzie ub. roku w Watykanie kard. Kazimierz Nycz. Dokumentacja ta bierze pod uwag\u0119 cnoty teologalne: wiar\u0119, nadziej\u0119 i mi\u0142o\u015b\u0107; kardynalne &#8211; roztropno\u015b\u0107, sprawiedliwo\u015b\u0107, m\u0119stwo, umiarkowanie oraz moralne &#8211; czysto\u015b\u0107, ub\u00f3stwo, pos\u0142usze\u0144stwo i pokor\u0119.<\/p>\r\n<p>Do beatyfikacji niezb\u0119dny jest ju\u017c tylko cud za wstawiennictwem kard. Wyszy\u0144skiego. W tej chwili prace Kongregacji Spraw Kanonizacyjnych skupi\u0105 si\u0119 na stwierdzeniu cudu za przyczyn\u0105 kandydata na o\u0142tarze. Wed\u0142ug procedury, dopiero po zako\u0144czeniu tego etapu zostanie wyznaczona data beatyfikacji.<\/p>\r\n<p>W przypadku kard. Wyszy\u0144skiego obecnie trwa watyka\u0144ska procedura badania domniemanego cudu za jego przyczyn\u0105. Je\u015bli zostanie potwierdzona jego autentyczno\u015b\u0107, najpierw przez komisj\u0119 lekarzy, a nast\u0119pnie kardyna\u0142\u00f3w, w\u00f3wczas papie\u017c zdecyduje o beatyfikacji i wyznaczy jej dat\u0119.<\/p>\r\n<p>Stefan Wyszy\u0144ski urodzi\u0142 si\u0119 w 3 sierpnia 1901 r. w miejscowo\u015bci Zuzela nad Bugiem. Po uko\u0144czeniu gimnazjum w Warszawie i \u0141om\u017cy wst\u0105pi\u0142 do Seminarium Duchownego we W\u0142oc\u0142awku, gdzie 3 sierpnia 1924 roku zosta\u0142 wy\u015bwi\u0119cony na kap\u0142ana. Po czterech latach studi\u00f3w na Katolickim Uniwersytecie Lubelskim na Wydziale Prawa Kanonicznego i Nauk Spo\u0142ecznych uzyska\u0142 stopie\u0144 doktora.<\/p>\r\n<p>Podczas II wojny \u015bwiatowej jako znany profesor by\u0142 poszukiwany przez Niemc\u00f3w. Ukrywa\u0142 si\u0119 m.in. we Wrociszewie i w za\u0142o\u017conym przez matk\u0119 El\u017cbiet\u0119 Czack\u0105 zak\u0142adzie dla ociemnia\u0142ych w Laskach pod Warszaw\u0105.<\/p>\r\n<p>W okresie Powstania Warszawskiego ks. Wyszy\u0144ski pe\u0142ni\u0142 obowi\u0105zki kapelana grupy \u201eKampinos\u201d AK.<\/p>\r\n<p>W 1946 r. papie\u017c Pius XII mianowa\u0142 ks. prof. Wyszy\u0144skiego biskupem, ordynariuszem lubelskim. 22 pa\u017adziernika 1948 r. zosta\u0142 mianowany arcybiskupem Gniezna i Warszawy oraz Prymasem Polski.<\/p>\r\n<p>W coraz bardziej narastaj\u0105cej konfrontacji z re\u017cimem komunistycznym, Prymas Wyszy\u0144ski podj\u0105\u0142 decyzj\u0119 zawarcia \u201ePorozumienia\u201d, kt\u00f3re zosta\u0142o podpisane 14 lutego 1950 r. przez przedstawicieli Episkopatu i w\u0142adz pa\u0144stwowych.<\/p>\r\n<p>12 stycznia 1953 r. abp Wyszy\u0144ski zosta\u0142 kardyna\u0142em. Osiem miesi\u0119cy p\u00f3\u017aniej, 25 wrze\u015bnia 1953 r. zosta\u0142 aresztowany i internowany. Przebywa\u0142 kolejno w Rywa\u0142dzie Kr\u00f3lewskim ko\u0142o Grudzi\u0105dza, w Stoczku Warmi\u0144skim, w Prudniku ko\u0142o Opola i w Koma\u0144czy w Bieszczadach.<\/p>\r\n<p>W ostatnim miejscu internowania napisa\u0142 tekst odnowionych \u015alub\u00f3w Narodu, wyg\u0142oszonych nast\u0119pnie na Jasnej G\u00f3rze 26 sierpnia 1956 r. jako Jasnog\u00f3rskie \u015aluby Narodu. 26 pa\u017adziernika 1956 r. Prymas wr\u00f3ci\u0142 do Warszawy z internowania. W latach 1957-65 prowadzi\u0142 Wielk\u0105 Nowenn\u0119 przed Jubileuszem Tysi\u0105clecia Chrztu Polski.<\/p>\r\n<p>W latach sze\u015b\u0107dziesi\u0105tych czynnie uczestniczy\u0142 w pracach Soboru Watyka\u0144skiego II.<\/p>\r\n<p>KAI<\/p>\r\n<p>TK<\/p>\r\n<p class=\"zrodlo\">Za: <a href=\"http:\/\/www.pch24.pl\/papiez-oglosil-heroicznosc-kardynala-stefana-wyszynskiego-,56961,i.html\">PoloniaChristiana &#8211; pch24.pl (2017-12-19)<\/a><\/p>\r\n<h4>\u00a0<\/h4>\r\n<hr style=\"background-color: #000000; border-width: 0; color: #000000; height: 2px; line-height: 0; text-align: center; width: 100%;\" \/>\r\n<h4>\u00a0<\/h4>\r\n<blockquote>\r\n<p><strong>KOMENTARZ <em>BIBU\u0141Y<\/em><\/strong>: Pomimo niew\u0105tpliwych wielkich osi\u0105gni\u0119\u0107 ks. kard. Stefana Wyszy\u0144skiego, jeden jedyny fakt powinien stanowi\u0107 wielki, najwi\u0119kszy znak zapytania w procesie beatyfikacyjnym, a mianowicie<strong> jego aktywna postawa wobec wprowadzania w Polsce <em>Novus Ordo<\/em><\/strong>. Nie s\u0105 znane \u017cadne informacje dotycz\u0105ce cho\u0107by minimalnego oporu ks. kardyna\u0142a Wyszy\u0144skiego wobec narzucania nowych wytycznych, tak bardzo zniekszta\u0142caj\u0105cych katolicyzm i wywracaj\u0105cych do g\u00f3ry nogami esencj\u0119 ka\u017cdego kap\u0142ana &#8211; Msz\u0119 \u015bwi\u0119t\u0105. Nie ulega w\u0105tpliwo\u015bci, \u017ce tak szybkie wprowadzenie tej zgubnej zmiany dokona\u0142o si\u0119 pod wp\u0142ywem liberalnych hierarch\u00f3w, w tym Karola Wojty\u0142y, ale przecie\u017c kardyna\u0142 Wyszy\u0144ski mia\u0142 decyduj\u0105cy g\u0142os i ca\u0142y czas wielk\u0105 w\u0142adz\u0119 i powa\u017canie.<\/p>\r\n<p>Jest doprawdy niezrozumia\u0142e, \u017ce kap\u0142ani, kt\u00f3rzy byli od dziecka wychowani, potem ukszta\u0142towani w tomistycznych seminariach, stali si\u0119 biskupami i kardyna\u0142ami (a kard. Wyszy\u0144ski by\u0142 kardyna\u0142em od prawie 20 lat podczas wprowadzania <em>Novus Ordo<\/em>!), kt\u00f3rzy uczestniczyli b\u0105d\u017a sami odprawiali Msze \u015bwi\u0119te Wszechczas\u00f3w w nie\u015bmiertelnym tradycyjnym rycie (a \u0142atwo obliczy\u0107, \u017ce kard. Wyszy\u0144ski do momentu wprowadzenia <em>Novus Ordo<\/em> odprawi\u0142 w swym \u017cyciu oko\u0142o 20 tysi\u0119cy Mszy \u015bwi\u0119tych!), nagle &#8211; tak zupe\u0142nie nagle, z dnia na dzie\u0144, jakby nigdy nic &#8211; strz\u0105sn\u0119li z siebie ten &#8222;baga\u017c historii&#8221; i zacz\u0119li wyst\u0119py aktorskie odwr\u00f3ceni do Boga. To jakie\u015b niepoj\u0119te, jak mo\u017cna by\u0142o bez \u017cadnych opor\u00f3w &#8211; nawet przyjmuj\u0105c naciski z Watykanu &#8211; zapomnie\u0107 o kilkudziesi\u0119cioletniej praktyce, liturgii i nade wszystko, katolicko\u015bci najpi\u0119kniej wyra\u017conej w\u0142a\u015bnie w Mszy \u015bwi\u0119tej Wszechczas\u00f3w. Niestety, nie ma \u017cadnych, ale to \u017cadnych wspomnie\u0144, notatek, biografii \u015bwiadcz\u0105cych o tym, \u017ce hierarchowie w Polsce, w tym przede wszystkim kard. Wyszy\u0144ski, wyra\u017cali swoje obawy, celowo przesuwali terminy wprowadzenia tej zgubnej zmiany, czy zacz\u0119li np. kwestionowa\u0107 prawne podstawy promulgacji Nowej Mszy przez Paw\u0142a VI &#8211; a by\u0142y i dalej s\u0105 powody do dyskusji &#8211; czy wprowadzali z oporami, stopniowo&#8230; Nic, absolutnie nic, tylko \u015blepe, bierne i t\u0119pe pos\u0142usze\u0144stwo i sprzeniewierzenie si\u0119 ca\u0142ej Tradycji.<\/p>\r\n<p>Teraz przysz\u0142a kolej na szybkie znalezienie cud\u00f3w. Jako\u015b dziwnie si\u0119 sk\u0142ada, \u017ce Pan B\u00f3g upodoba\u0142 sobie w\u0142a\u015bnie posoborowych hierarch\u00f3w i papie\u017cy w czynieniu cud\u00f3w, zupe\u0142nie nie zwa\u017caj\u0105c na ich odst\u0119pstwa. Czy\u017cby B\u00f3g zapomnia\u0142 o wyst\u0119pkach i zdradach posoborowych hierarch\u00f3w, sam odwr\u00f3ci\u0142 si\u0119 od tego co obiecywa\u0142, czy te\u017c\u2026<br \/>\r\n\u2026 a mo\u017ce kieruje tym wszystkim jaki\u015b podst\u0119pny posoborowy &#8222;duch\u201d, kt\u00f3ry czyni wszystko aby odwr\u00f3ci\u0107 zapisan\u0105 pi\u0119kn\u0105 kart\u0119 historii Ko\u015bcio\u0142a ok\u0142amuj\u0105c wiernych?\u2026<\/p>\r\n<p><em>Tertium non datur<\/em><\/p>\r\n<\/blockquote>\r\n<h4>\u00a0<\/h4>\r\n<hr style=\"background-color: #000000; border-width: 0; color: #000000; height: 2px; line-height: 0; text-align: center; width: 100%;\" \/>\r\n<h4>\u00a0<\/h4>","protected":false},"excerpt":{"rendered":"Papie\u017c Franciszek podpisa\u0142 dekret o heroiczno\u015bci cn\u00f3t kard. Stefana Wyszy\u0144skiego &#8211; poda\u0142o Biuro Prasowe Stolicy Apostolskiej. Od tej chwili Prymasowi Tysi\u0105clecia przys\u0142uguje oficjalnie tytu\u0142 \u201eCzcigodny S\u0142uga Bo\u017cy\u201d. Do beatyfikacji niezb\u0119dny jest ju\u017c tylko cud za wstawiennictwem kard. Wyszy\u0144skiego. 12 grudnia br. podczas sesji zwyczajnej kardyna\u0142owie i biskupi z Kongregacji Spraw Kanonizacyjnych wyrazili pozytywn\u0105 opini\u0119 o [&hellip;]","protected":false},"author":2,"featured_media":0,"comment_status":"closed","ping_status":"closed","sticky":false,"template":"","format":"standard","meta":{"_acf_changed":false,"_monsterinsights_skip_tracking":false,"ngg_post_thumbnail":0,"footnotes":"","_wp_rev_ctl_limit":""},"categories":[5],"tags":[301,424,81,33],"acf":[],"_links":{"self":[{"href":"https:\/\/www.bibula.com\/index.php?rest_route=\/wp\/v2\/posts\/98767"}],"collection":[{"href":"https:\/\/www.bibula.com\/index.php?rest_route=\/wp\/v2\/posts"}],"about":[{"href":"https:\/\/www.bibula.com\/index.php?rest_route=\/wp\/v2\/types\/post"}],"author":[{"embeddable":true,"href":"https:\/\/www.bibula.com\/index.php?rest_route=\/wp\/v2\/users\/2"}],"replies":[{"embeddable":true,"href":"https:\/\/www.bibula.com\/index.php?rest_route=%2Fwp%2Fv2%2Fcomments&post=98767"}],"version-history":[{"count":2,"href":"https:\/\/www.bibula.com\/index.php?rest_route=\/wp\/v2\/posts\/98767\/revisions"}],"predecessor-version":[{"id":118004,"href":"https:\/\/www.bibula.com\/index.php?rest_route=\/wp\/v2\/posts\/98767\/revisions\/118004"}],"wp:attachment":[{"href":"https:\/\/www.bibula.com\/index.php?rest_route=%2Fwp%2Fv2%2Fmedia&parent=98767"}],"wp:term":[{"taxonomy":"category","embeddable":true,"href":"https:\/\/www.bibula.com\/index.php?rest_route=%2Fwp%2Fv2%2Fcategories&post=98767"},{"taxonomy":"post_tag","embeddable":true,"href":"https:\/\/www.bibula.com\/index.php?rest_route=%2Fwp%2Fv2%2Ftags&post=98767"}],"curies":[{"name":"wp","href":"https:\/\/api.w.org\/{rel}","templated":true}]}}