{"id":98625,"date":"2017-12-12T22:09:23","date_gmt":"2017-12-13T03:09:23","guid":{"rendered":"http:\/\/www.bibula.com\/?p=98625"},"modified":"2017-12-12T22:10:36","modified_gmt":"2017-12-13T03:10:36","slug":"dobra-zmiana-czyli-chanuka-na-wiejskiej","status":"publish","type":"post","link":"https:\/\/www.bibula.com\/?p=98625","title":{"rendered":"&#8222;Dobra zmiana&#8221; czyli Chanuka na Wiejskiej&#8230;"},"content":{"rendered":"<h4>Chanuka na Wiejskiej. &#8222;\u015awiat\u0142o z Sejmu p\u0142ynie w \u015bwiat. Historyczne wi\u0119zy obu spo\u0142eczno\u015bci &#8211; \u017cydowskiej i polskiej&#8221;<\/h4>\r\n<p>Z udzia\u0142em Marsza\u0142ka Sejmu, ambasador Izraela w Polsce oraz przedstawicieli spo\u0142eczno\u015bci \u017cydowskiej odby\u0142a si\u0119 w \u015brod\u0119 w Sejmie uroczysto\u015b\u0107 zapalenia lampy chanukowej z okazji \u015bwi\u0119ta \u015bwiate\u0142. \u015awiece zapalili wsp\u00f3lnie Marek Kuchci\u0144ski, gospodarz uroczysto\u015bci, oraz rabin Shalom Dov Ber Stambler przewodnicz\u0105cy Centrum \u017bydowskiego Chabad-Lubavich Polska. &#8211; <em>W Sejmie wsp\u00f3lne \u015bwi\u0119towanie Chanuki sta\u0142o si\u0119 ju\u017c zwyczajem. Pi\u0119knym i jasnym, jak to \u015bwi\u0119to rozja\u015bnione blaskiem chanukowych \u015bwiec<\/em> &#8211; powiedzia\u0142 Marsza\u0142ek Sejmu, witaj\u0105c przyby\u0142ych go\u015bci. &#8211;<em> Wierz\u0119, \u017ce spotkania w Sejmie i Senacie odbywaj\u0105ce si\u0119 od lat w czasie wa\u017cnym dla kultury polskiej i \u017cydowskiej \u015bwiadcz\u0105 o historycznych bliskich wi\u0119zach \u0142\u0105cz\u0105cych spo\u0142eczno\u015b\u0107 polsk\u0105 i \u017cydowsk\u0105 zamieszkuj\u0105c\u0105 Rzeczpospolit\u0105<\/em> &#8211; kontynuowa\u0142 Marek Kuchci\u0144ski.<\/p>\r\n<p dir=\"ltr\">Rabin Shalom Dov Ber Stambler wyrazi\u0142 wdzi\u0119czno\u015b\u0107, \u017ce od wielu lat w polskim Parlamencie obchodzone jest \u015bwi\u0119to Chanuka. W swoim przem\u00f3wieniu zaznaczy\u0142, \u017ce \u015bwiat\u0142o to uniwersalny symbol dobra m\u0105dro\u015bci i tolerancji. &#8211;<em> Dzi\u015b to \u015bwiat\u0142o p\u0142ynie w \u015bwiat z serca Polski, z polskiego Sejmu jako symbol jedno\u015bci ponad podzia\u0142ami wraz z najlepszymi \u017cyczeniami dla obu naszych narod\u00f3w<\/em> &#8211; podkre\u015bli\u0142 rabin Stambler. &#8211; <em>Ciesz\u0119 si\u0119, \u017ce z okazji tego \u015bwi\u0119ta spotykamy z reprezentacj\u0105 ca\u0142ej Polski i wszystkich partii. Chcemy \u017cy\u0107 z waszym narodem tak blisko, jak za dawnych czas\u00f3w<\/em> &#8211; uzupe\u0142ni\u0142 by\u0142y ambasador Izraela w Polsce Szewach&nbsp; Weiss. Z kolei Anna Azari, obecna ambasador, stwierdzi\u0142a, \u017ce to bardzo wa\u017cne i\u017c w tak wa\u017cnym politycznym momencie &#8211; jakim jest expos\u00c3\u00a9 nowego premiera, mo\u017cliwe by\u0142o wsp\u00f3lne \u015bwi\u0119towanie Chanuki w Sejmie. &#8211;<em> Nowy premier rozpoczyna od dobry relacji mi\u0119dzy Polsk\u0105 a narodem \u017cydowskim. To dobry pocz\u0105tek naszego \u015bwi\u0119ta <\/em>&#8211; powiedzia\u0142a.<\/p>\r\n<p>Podczas uroczysto\u015bci byli obecni tak\u017ce wicemarsza\u0142ek Sejmu Ma\u0142gorzata Kidawa-B\u0142o\u0144ska,&nbsp; marsza\u0142ek senior Kornel Morawiecki, zast\u0119pca Szefa Kancelarii Sejmu Adam Podg\u00f3rski, pos\u0142owie, senatorowie oraz przedstawiciele korpusu dyplomatycznego. Wsp\u00f3\u0142organizatorem ceremonii by\u0142o Centrum \u017bydowskie Chabad Lubawicz Polska.<\/p>\r\n<p><img fetchpriority=\"high\" decoding=\"async\" class=\"aligncenter\" src=\"http:\/\/www.sejm.gov.pl\/media8.nsf\/photos\/APAA-ATYRV5\/$File\/RZ__1119.view.jpg\" alt=\"Zdj\u0119cie nr 1, fot. Kancelaria Sejmu\/Rafa\u0142 Zambrzycki\" width=\"600\" height=\"400\"><\/p>\r\n<p><img decoding=\"async\" class=\"aligncenter\" src=\"http:\/\/www.sejm.gov.pl\/media8.nsf\/photos\/APAA-ATYRUZ\/$File\/RZ__0947.jpg\" alt=\"Zdj\u0119cie numer 2, fot. Kancelaria Sejmu\/Rafa\u0142 Zambrzycki\" width=\"600\" height=\"400\"><\/p>\r\n<p><img decoding=\"async\" class=\"aligncenter\" src=\"http:\/\/www.sejm.gov.pl\/media8.nsf\/photos\/APAA-ATYRVA\/$File\/RZ__0964.jpg\" alt=\"Zdj\u0119cie numer 3, fot. Kancelaria Sejmu\/Rafa\u0142 Zambrzycki\" width=\"600\" height=\"400\"><\/p>\r\n<p><img loading=\"lazy\" decoding=\"async\" class=\"aligncenter\" src=\"http:\/\/www.sejm.gov.pl\/media8.nsf\/photos\/APAA-ATYRVD\/$File\/RZ__1047.jpg\" alt=\"Zdj\u0119cie numer 4, fot. Kancelaria Sejmu\/Rafa\u0142 Zambrzycki\" width=\"600\" height=\"400\"><\/p>\r\n<p><img loading=\"lazy\" decoding=\"async\" class=\"aligncenter\" src=\"http:\/\/www.sejm.gov.pl\/media8.nsf\/photos\/APAA-ATYRVJ\/$File\/RZ__1063.jpg\" alt=\"Zdj\u0119cie numer 5, fot. Kancelaria Sejmu\/Rafa\u0142 Zambrzycki\" width=\"600\" height=\"400\"><\/p>\r\n<p><img loading=\"lazy\" decoding=\"async\" class=\"aligncenter\" src=\"http:\/\/www.sejm.gov.pl\/media8.nsf\/photos\/APAA-ATYRVM\/$File\/RZ__1103.jpg\" alt=\"Zdj\u0119cie numer 6, fot. Kancelaria Sejmu\/Rafa\u0142 Zambrzycki\" width=\"600\" height=\"400\"><\/p>\r\n<p><img loading=\"lazy\" decoding=\"async\" class=\"aligncenter\" src=\"http:\/\/www.sejm.gov.pl\/media8.nsf\/photos\/APAA-ATYRVR\/$File\/RZ__1202.jpg\" alt=\"Zdj\u0119cie numer 7, fot. Kancelaria Sejmu\/Rafa\u0142 Zambrzycki\" width=\"600\" height=\"400\"><\/p>\r\n<p><img loading=\"lazy\" decoding=\"async\" class=\"aligncenter\" src=\"http:\/\/www.sejm.gov.pl\/media8.nsf\/photos\/APAA-ATYRVT\/$File\/RZ__1263.jpg\" alt=\"Zdj\u0119cie numer 8, fot. Kancelaria Sejmu\/Rafa\u0142 Zambrzycki\" width=\"600\" height=\"400\"><\/p>\r\n<p><img loading=\"lazy\" decoding=\"async\" class=\"aligncenter\" src=\"http:\/\/www.sejm.gov.pl\/media8.nsf\/photos\/APAA-ATYRVW\/$File\/RZ__1360.jpg\" alt=\"Zdj\u0119cie numer 9, fot. Kancelaria Sejmu\/Rafa\u0142 Zambrzycki\" width=\"600\" height=\"400\"><\/p>\r\n<p class=\"podpis_sz\">Autor zdj\u0119\u0107: Kancelaria Sejmu\/Rafa\u0142 Zambrzycki<\/p>\r\n<p class=\"zrodlo\">Za: <a href=\"http:\/\/www.sejm.gov.pl\/Sejm8.nsf\/komunikat.xsp?documentId=D85A47D979591ED3C12581F4006FB1CF\">Sejm.gov.pl (12 grudnia 2017 21:20)<\/a><a href=\"http:\/\/www.kresy.pl\/wydarzenia,polityka?zobacz\/powstalo-polsko-ukrainskie-forum-partnerstwa-jestesmy-milosnikami-ukrainy-foto\"> &#8211; [Org. tytu\u0142: \u00abChanuka na Wiejskiej. &#8222;\u015awiat\u0142o z Sejmu p\u0142ynie w \u015bwiat. Historyczne wi\u0119zy obu spo\u0142eczno\u015bci &#8211; \u017cydowskiej i polskiej&#8221;\u00bb]<\/a><\/p>\r\n<h4>&nbsp;<\/h4>\r\n<hr style=\"background-color: #000000; border-width: 0; color: #000000; height: 2px; line-height: 0; text-align: center; width: 100%;\">\r\n<h4>&nbsp;<\/h4>\r\n<p><img decoding=\"async\" class=\"aligncenter\" src=\"http:\/\/www.bibula.com\/images\/84501\/Kaczynski-Izrael.jpg\"><\/p>\r\n<blockquote>\r\n<p><strong>CZYTAJ<\/strong>:<\/p>\r\n<ul class=\"similar-posts\">\r\n\t<li><a title=\" Prezydent Duda zapali\u0142 \u015bwiece chanukowe\" href=\"http:\/\/www.bibula.com\/?p=92452\" rel=\"bookmark\">Prezydent Duda zapali\u0142 \u015bwiece chanukowe<\/a><\/li>\r\n\t<li><a href=\"http:\/\/www.bibula.com\/?p=84530\">Pose\u0142 do rabina: nie zapalam \u015bwiec chanukowych. Zabrania tego pierwsze przykazanie<\/a><\/li>\r\n\t<li><a title=\" Jezus w Talmudzie. Niepoprawny politycznie obraz \u017byd\u00f3w\" href=\"http:\/\/www.bibula.com\/?p=14304\" rel=\"bookmark\">Jezus w Talmudzie. Niepoprawny politycznie obraz \u017byd\u00f3w<\/a><\/li>\r\n\t<li><a title=\" Szczere wyznanie chasydzkiego rabina: moralno\u015b\u0107 to katastrofalny wynalazek ludzko\u015bci\" href=\"http:\/\/www.bibula.com\/?p=9984\" rel=\"bookmark\">Szczere wyznanie chasydzkiego rabina: moralno\u015b\u0107 to katastrofalny wynalazek ludzko\u015bci<\/a><\/li>\r\n\t<li><a title=\"10-22-2009\" href=\"http:\/\/www.bibula.com\/?p=15057\" rel=\"bookmark\">Izrael: Sekta Chabad przeciwna przepisom zaostrzaj\u0105cym spo\u017cycie alkoholu przez nieletnich<\/a><\/li>\r\n\t<li><a title=\"03-13-2009\" href=\"http:\/\/www.bibula.com\/?p=7684\" rel=\"bookmark\">Premier Kanady: b\u0119dziemy &#8222;walczyli z antysemityzmem\u201d<\/a><\/li>\r\n\t<li><a title=\"02-26-2009\" href=\"http:\/\/www.bibula.com\/?p=7095\" rel=\"bookmark\">Ukrai\u0144ski parlamentarzysta: \u017bydzi przejmuj\u0105 dzisiaj nasze miasto i knuj\u0105 przeciwko Ukrai\u0144com<\/a><\/li>\r\n\t<li><a title=\"12-10-2007\" href=\"http:\/\/www.bibula.com\/?p=1451\" rel=\"bookmark\">Menora p\u0142onie przed Bia\u0142ym Domem, w Berlinie, Moskwie i w polskim Sejmie, u Prezydenta R.P. oraz na ulicach Warszawy\u2026<\/a><\/li>\r\n\t<li><a title=\"08-26-2009\" href=\"http:\/\/www.bibula.com\/?p=13339\" rel=\"bookmark\">Nowy Jork: Rabin uznany winnym molestowania seksualnego 13-latk\u00f3w<\/a><\/li>\r\n\t<li><a title=\"11-27-2008\" href=\"http:\/\/www.bibula.com\/?p=3575\" rel=\"bookmark\">Nalot FBI na g\u0142\u00f3wn\u0105 siedzib\u0119 \u017cydowskiej organizacji Chabad; Terrory\u015bci opanowali oddzia\u0142 Chabad w Mumbai<\/a><\/li>\r\n\t<li><a title=\"12-10-2015\" href=\"http:\/\/www.bibula.com\/?p=84558\" rel=\"bookmark\">Ambasador Izraela: \u201eChanuka to polskie \u015bwi\u0119to\u201d<\/a><\/li>\r\n\t<li><a title=\"12-18-2015\" href=\"http:\/\/www.bibula.com\/?p=84702\" rel=\"bookmark\">Chanukowy ogarek<\/a><\/li>\r\n\t<li><a title=\"06-3-2015\" href=\"http:\/\/www.bibula.com\/?p=81815\" rel=\"bookmark\">Pose\u0142 PiS za\u0142o\u017cy\u0142 w Sejmie grup\u0119 lobbyst\u00f3w Izraela<\/a><\/li>\r\n\t<li><a title=\"09-9-2016\" href=\"http:\/\/www.bibula.com\/?p=89619\" rel=\"bookmark\">Wizyta o. Tadeusza Rydzyka CSsR w ambasadzie Izraela<\/a><\/li>\r\n\t<li><a title=\"12-13-2015\" href=\"http:\/\/www.bibula.com\/?p=84600\" rel=\"bookmark\">Chanuka w \u017cydowskim miasteczku<\/a><\/li>\r\n\t<li><a title=\"02-15-2011\" href=\"http:\/\/www.bibula.com\/?p=32641\" rel=\"bookmark\">&#8222;Tydzie\u0144 Kultury Izraela\u201d w Empikach<\/a><\/li>\r\n\t<li><a title=\"11-9-2016\" href=\"http:\/\/www.bibula.com\/?p=91228\" rel=\"bookmark\">\u017bydzi nie chc\u0105 wpuszcza\u0107 krytyk\u00f3w Izraela<\/a><\/li>\r\n\t<li><a title=\"12-15-2009\" href=\"http:\/\/www.bibula.com\/?p=16619\" rel=\"bookmark\">Antychrze\u015bcija\u0144skie skandale w Pa\u0142acu Prezydenckim, Sejmie &#8211; a spo\u0142ecze\u0144stwo \u015bpi, usypiane r\u00f3wnie\u017c przez zjudaizowanych przedstawicieli Ko\u015bcio\u0142a<\/a><\/li>\r\n\t<li><a title=\"01-24-2011\" href=\"http:\/\/www.bibula.com\/?p=31164\" rel=\"bookmark\">\u017bydowska kontrola nad my\u015bl\u0105 katolick\u0105 &#8211; <em>wywiad br. Nathanaela z dr. E. Michaelem Jonesem<\/em><\/a><\/li>\r\n\t<li><a title=\"09-12-2009\" href=\"http:\/\/www.bibula.com\/?p=13853\" rel=\"bookmark\">Judaizacja polskich dzieci: Talmudyczny &#8222;Golem\u201d stan\u0105\u0142 w Warszawie<\/a><\/li>\r\n\t<li><a title=\"12-9-2015\" href=\"http:\/\/www.bibula.com\/?p=84490\" rel=\"bookmark\">Uwaga! Mobilna, \u017cydowska propaganda w polskich szko\u0142ach!<\/a><\/li>\r\n\t<li><a href=\"http:\/\/www.bibula.com\/?p=91657\">Jacek Bartyzel: Zapytanie do Pani Premier Rz\u0105du<\/a><\/li>\r\n\t<li><a title=\" Jezus w Talmudzie. Niepoprawny politycznie obraz \u017byd\u00f3w\" href=\"http:\/\/www.bibula.com\/?p=14304\" rel=\"bookmark\">Narastaj\u0105cy problem polskich <em>Marranos<\/em><\/a><\/li>\r\n\t<li><a title=\" Prezent \u015bwi\u0105teczny odwiecznych wrog\u00f3w katolicyzmu: perfidne programy w ameryka\u0144skiej telewizji\" href=\"http:\/\/www.bibula.com\/?p=803\" rel=\"bookmark\">Prezent \u015bwi\u0105teczny odwiecznych wrog\u00f3w katolicyzmu: perfidne programy w ameryka\u0144skiej telewizji<\/a><\/li>\r\n\t<li><a title=\" Prof. Wolniewicz o promotorach judaizacji Polski - \u017cydowska Gazeta Wyborcza oburzona\" href=\"http:\/\/www.bibula.com\/?p=6235\" rel=\"bookmark\">Prof. Wolniewicz o promotorach judaizacji Polski &#8211; \u017cydowska Gazeta Wyborcza oburzona<\/a><\/li>\r\n\t<li><a title=\" W blasku o\u015bmiu \u015bwiec\" href=\"http:\/\/www.bibula.com\/?p=4673\" rel=\"bookmark\">W blasku o\u015bmiu \u015bwiec<\/a><\/li>\r\n\t<li><a title=\" Konkurs \u017cydowskiej organizacji na menor\u0119, prowadzony w szko\u0142ach i na uniwerytetach Chicago\" href=\"http:\/\/www.bibula.com\/?p=4042\" rel=\"bookmark\">Konkurs \u017cydowskiej organizacji na menor\u0119, prowadzony w szko\u0142ach i na uniwerytetach Chicago<\/a><\/li>\r\n\t<li><a title=\" Ukraina: Zniszczono menor\u0119. Lokalni politycy sprzeciwiaj\u0105 si\u0119 wystawianiu symboli \u017cydowskich\" href=\"http:\/\/www.bibula.com\/?p=1466\" rel=\"bookmark\">Ukraina: Zniszczono menor\u0119. Lokalni politycy sprzeciwiaj\u0105 si\u0119 wystawianiu symboli \u017cydowskich<\/a><\/li>\r\n\t<li><a title=\" Skandal: \u017cydowska menora zap\u0142on\u0119\u0142a w Sejmie R.P.!&nbsp;\" href=\"http:\/\/www.bibula.com\/?p=1449\" rel=\"bookmark\">Skandal: \u017cydowska menora zap\u0142on\u0119\u0142a w Sejmie R.P.! <\/a><\/li>\r\n\t<li><a title=\" USA: Zapalono kolejn\u0105 menor\u0119, tym razem przed ratuszem miejskim w Pittsburghu\" href=\"http:\/\/www.bibula.com\/?p=1444\" rel=\"bookmark\">USA: Zapalono kolejn\u0105 menor\u0119, tym razem przed ratuszem miejskim w Pittsburghu<\/a><\/li>\r\n\t<li><a title=\" Warszawa: 4 grudnia zap\u0142on\u0105 chanukowe \u015bwiece\" href=\"http:\/\/www.bibula.com\/?p=1426\" rel=\"bookmark\">Warszawa: 4 grudnia zap\u0142on\u0105 chanukowe \u015bwiece<\/a><\/li>\r\n\t<li><a title=\" Menora p\u0142onie przed Bia\u0142ym Domem, w Berlinie, Moskwie i w polskim Sejmie, u Prezydenta R.P. oraz na ulicach Warszawy\u2026\" href=\"http:\/\/www.bibula.com\/?p=1451\" rel=\"bookmark\">Menora p\u0142onie przed Bia\u0142ym Domem, w Berlinie, Moskwie i w polskim Sejmie, u Prezydenta R.P. oraz na ulicach Warszawy\u2026<\/a><\/li>\r\n<\/ul>\r\n<p>oraz<\/p>\r\n<ul>\r\n\t<li><a href=\"http:\/\/www.bibula.com\/?s=chabad\" target=\"_blank\" rel=\"noopener\"><strong>TAG=Chabad<\/strong><\/a><\/li>\r\n<\/ul>\r\n<\/blockquote>","protected":false},"excerpt":{"rendered":"Chanuka na Wiejskiej. &#8222;\u015awiat\u0142o z Sejmu p\u0142ynie w \u015bwiat. Historyczne wi\u0119zy obu spo\u0142eczno\u015bci &#8211; \u017cydowskiej i polskiej&#8221; Z udzia\u0142em Marsza\u0142ka Sejmu, ambasador Izraela w Polsce oraz przedstawicieli spo\u0142eczno\u015bci \u017cydowskiej odby\u0142a si\u0119 w \u015brod\u0119 w Sejmie uroczysto\u015b\u0107 zapalenia lampy chanukowej z okazji \u015bwi\u0119ta \u015bwiate\u0142. \u015awiece zapalili wsp\u00f3lnie Marek Kuchci\u0144ski, gospodarz uroczysto\u015bci, oraz rabin Shalom Dov Ber [&hellip;]","protected":false},"author":1,"featured_media":0,"comment_status":"closed","ping_status":"closed","sticky":false,"template":"","format":"standard","meta":{"_acf_changed":false,"_monsterinsights_skip_tracking":false,"ngg_post_thumbnail":0,"footnotes":"","_wp_rev_ctl_limit":""},"categories":[8],"tags":[64,98,53,101],"acf":[],"_links":{"self":[{"href":"https:\/\/www.bibula.com\/index.php?rest_route=\/wp\/v2\/posts\/98625"}],"collection":[{"href":"https:\/\/www.bibula.com\/index.php?rest_route=\/wp\/v2\/posts"}],"about":[{"href":"https:\/\/www.bibula.com\/index.php?rest_route=\/wp\/v2\/types\/post"}],"author":[{"embeddable":true,"href":"https:\/\/www.bibula.com\/index.php?rest_route=\/wp\/v2\/users\/1"}],"replies":[{"embeddable":true,"href":"https:\/\/www.bibula.com\/index.php?rest_route=%2Fwp%2Fv2%2Fcomments&post=98625"}],"version-history":[{"count":0,"href":"https:\/\/www.bibula.com\/index.php?rest_route=\/wp\/v2\/posts\/98625\/revisions"}],"wp:attachment":[{"href":"https:\/\/www.bibula.com\/index.php?rest_route=%2Fwp%2Fv2%2Fmedia&parent=98625"}],"wp:term":[{"taxonomy":"category","embeddable":true,"href":"https:\/\/www.bibula.com\/index.php?rest_route=%2Fwp%2Fv2%2Fcategories&post=98625"},{"taxonomy":"post_tag","embeddable":true,"href":"https:\/\/www.bibula.com\/index.php?rest_route=%2Fwp%2Fv2%2Ftags&post=98625"}],"curies":[{"name":"wp","href":"https:\/\/api.w.org\/{rel}","templated":true}]}}