{"id":98607,"date":"2017-12-11T11:10:51","date_gmt":"2017-12-11T16:10:51","guid":{"rendered":"http:\/\/www.bibula.com\/?p=98607"},"modified":"2017-12-13T10:44:28","modified_gmt":"2017-12-13T15:44:28","slug":"kuria-plocka-przestrzega-ksiadz-glas-nie-posiada-formalnej-zgody-na-pelnienie-poslugi-egzorcysty","status":"publish","type":"post","link":"https:\/\/www.bibula.com\/?p=98607","title":{"rendered":"Kuria p\u0142ocka przestrzega. Ksi\u0105dz Glas nie posiada formalnej zgody na pe\u0142nienie pos\u0142ugi egzorcysty"},"content":{"rendered":"<p>\u00abNa pro\u015bb\u0119 ks. biskupa Artura G. Mizi\u0144skiego, Sekretarza Generalnego Konferencji Episkopatu Polski przekazujemy informacj\u0119 dotycz\u0105ca ks. Piotra Glasa. Ten by\u0142y cz\u0142onek Towarzystwa Chrystusowego dla Polonii Zagranicznej, a obecnie pracuj\u0105cy w diecezji Portsmouth w Wielkiej Brytanii, w ostatnim czasie prowadz\u0105cy w Polsce wiele sesji rekolekcyjnych, dni skupie\u0144 oraz warsztat\u00f3w &#8211; nie posiada formalnej zgody na pe\u0142nienie pos\u0142ugi egzorcysty. Ponadto, podaj\u0105c si\u0119 za egzorcyst\u0119, dopuszcza si\u0119 on praktyk, kt\u00f3rych nie wolno stosowa\u0107.\u00bb&nbsp;<\/p>\r\n<p>&nbsp;P\u0142ock, dnia 7 grudnia 2017 r.,&nbsp;<\/p>\r\n<p>Kanclerz Kurii, ks. Piotr Grzywaczewski.<\/p>\r\n<p><img fetchpriority=\"high\" decoding=\"async\" class=\"aligncenter\" src=\"https:\/\/1.bp.blogspot.com\/-EHGxapZUIBA\/Wi6Uzs3CfHI\/AAAAAAAACnY\/S5EI1ZRsW1EHiaT6koXB4226kbm9SVsrgCK4BGAYYCw\/s1600\/ok%25C3%25B3lnik.png\" width=\"599\" height=\"366\"><\/p>\r\n<p>\u0179r\u00f3d\u0142o informacji:&nbsp;<a href=\"http:\/\/diecezjaplocka.pl\/dla-ksiezy\/okolnik\/okolnik-342017\" target=\"_blank\" rel=\"noopener\">http:\/\/diecezjaplocka.pl\/dla-ksiezy\/okolnik\/okolnik-342017<\/a><\/p>\r\n<p class=\"zrodlo\">Za: <a href=\"https:\/\/rzymski-katolik.blogspot.com\/2017\/12\/kuria-pocka-przestrzega-ksiadz-glas-nie.html\">Rzymski Katolik (11 grudnia 2017)<\/a><\/p>\r\n<h4>&nbsp;<\/h4>\r\n<hr style=\"background-color: #000000; border-width: 0; color: #000000; height: 2px; line-height: 0; text-align: center; width: 100%;\">\r\n<h4>&nbsp;<\/h4>\r\n<h2>Rzecznik KEP: Episkopat nie zajmowa\u0142 stanowiska w sprawie ksi\u0119dza Glasa<\/h2>\r\n<p><strong>Biskup Artur Mizi\u0144ski, Sekretarz Generalny KEP w swoim pi\u015bmie skierowanym do biskup\u00f3w w \u017caden spos\u00f3b nie zajmowa\u0142 stanowiska ws. dzia\u0142alno\u015bci ks. Piotra Glasa &#8211; g\u0142osi wydane we wtorek o\u015bwiadczenie rzecznika Konferencji Episkopatu Polski. <\/strong><\/p>\r\n<p>Komunikat jest reakcj\u0105 na szereg zapyta\u0144, kt\u00f3re pojawi\u0142y si\u0119 po informacji opublikowanej na stronie diecezji p\u0142ockiej. Kanclerz tamtejszej kurii, ks. Piotr Grzywaczewski napisa\u0142 7 grudnia: \u201eNa pro\u015bb\u0119 ks. biskupa Artura G. Mizi\u0144skiego, Sekretarza Generalnego Konferencji Episkopatu Polski przekazujemy informacj\u0119 dotycz\u0105ca ks. Piotra Glasa. Ten by\u0142y cz\u0142onek Towarzystwa Chrystusowego dla Polonii Zagranicznej, a obecnie pracuj\u0105cy w diecezji Portsmouth w Wielkiej Brytanii, w ostatnim czasie prowadz\u0105cy w Polsce wiele sesji rekolekcyjnych, dni skupie\u0144 oraz warsztat\u00f3w &#8211; nie posiada formalnej zgody na pe\u0142nienie pos\u0142ugi egzorcysty. Ponadto, podaj\u0105c si\u0119 za egzorcyst\u0119, dopuszcza si\u0119 on praktyk, kt\u00f3rych nie wolno stosowa\u0107\u201d.<\/p>\r\n<p>We wtorek rzecznik KEP o\u015bwiadczy\u0142 natomiast: <br>\r\n \u201eInformacja jakoby Episkopat Polski zaj\u0105\u0142 stanowisko ws. ks. Piotra Glasa jest nieprawdziwa. W zwi\u0105zku z nap\u0142ywaj\u0105cymi pytaniami o ks. Piotra Glasa, na pro\u015bb\u0119 Rady Sta\u0142ej KEP, bp Artur Mizi\u0144ski, Sekretarz Generalny KEP w dn. 1 grudnia 2017 r. przes\u0142a\u0142 ksi\u0119\u017com biskupom pismo ks. pra\u0142. Stefana Wyl\u0119\u017cka, kt\u00f3ry jest rektorem Polskiej Misji Katolickiej w Anglii i Walii. Ks. pra\u0142. Stefan Wyl\u0119\u017cek przytacza w pi\u015bmie r\u00f3\u017cne opinie nt. dzia\u0142alno\u015bci ks. Piotra Glasa, zaznaczaj\u0105c, \u017ce obecna praca duszpasterska ks. Glasa w Diecezji Portsmouth w Wielkiej Brytanii nie podlega jego ocenie, poniewa\u017c &#8211; pracuj\u0105c w parafii angielskiej &#8211; jest on ksi\u0119dzem nale\u017c\u0105cym do tej diecezji.<br>\r\n <br>\r\n Trzeba podkre\u015bli\u0107, i\u017c bp Artur Mizi\u0144ski, Sekretarz Generalny KEP w swoim pi\u015bmie skierowanym do biskup\u00f3w w \u017caden spos\u00f3b nie zajmowa\u0142 stanowiska ws. dzia\u0142alno\u015bci ks. Piotra Glasa\u201d &#8211; czytamy w o\u015bwiadczeniu podpisanym przez ksi\u0119dza dr. Paw\u0142a Rytel-Andrianika, Rzecznika Konferencji Episkopatu Polski.<\/p>\r\n<p>Ksi\u0105dz Piotr Glas w swych wyst\u0105pieniach publicznych wielokrotnie odwo\u0142ywa\u0142 si\u0119 do swych do\u015bwiadcze\u0144 z okresu, w kt\u00f3rym sprawowa\u0142 pos\u0142ug\u0119 egzorcysty.<\/p>\r\n<p>\u0179r\u00f3d\u0142a: diecezjaplocka.pl, KAI<\/p>\r\n<p>RoM<\/p>\r\n<p class=\"zrodlo\">Za: <a href=\"http:\/\/www.pch24.pl\/rzecznik-kep--episkopat-nie-zajmowal-stanowiska-w-sprawie-ksiedza-glasa,56776,i.html\">PoloniaChristiana &#8211; pch24.pl (2017-12-12)<\/a><\/p>\r\n<h4>&nbsp;<\/h4>\r\n<hr style=\"background-color: #000000; border-width: 0; color: #000000; height: 2px; line-height: 0; text-align: center; width: 100%;\">\r\n<h4>&nbsp;<\/h4>","protected":false},"excerpt":{"rendered":"\u00abNa pro\u015bb\u0119 ks. biskupa Artura G. Mizi\u0144skiego, Sekretarza Generalnego Konferencji Episkopatu Polski przekazujemy informacj\u0119 dotycz\u0105ca ks. Piotra Glasa. Ten by\u0142y cz\u0142onek Towarzystwa Chrystusowego dla Polonii Zagranicznej, a obecnie pracuj\u0105cy w diecezji Portsmouth w Wielkiej Brytanii, w ostatnim czasie prowadz\u0105cy w Polsce wiele sesji rekolekcyjnych, dni skupie\u0144 oraz warsztat\u00f3w &#8211; nie posiada formalnej zgody na pe\u0142nienie [&hellip;]","protected":false},"author":1,"featured_media":0,"comment_status":"closed","ping_status":"closed","sticky":false,"template":"","format":"standard","meta":{"_acf_changed":false,"_monsterinsights_skip_tracking":false,"_monsterinsights_sitenote_active":false,"_monsterinsights_sitenote_note":"","_monsterinsights_sitenote_category":0,"ngg_post_thumbnail":0,"footnotes":"","_wp_rev_ctl_limit":""},"categories":[5],"tags":[98],"acf":[],"_links":{"self":[{"href":"https:\/\/www.bibula.com\/index.php?rest_route=\/wp\/v2\/posts\/98607"}],"collection":[{"href":"https:\/\/www.bibula.com\/index.php?rest_route=\/wp\/v2\/posts"}],"about":[{"href":"https:\/\/www.bibula.com\/index.php?rest_route=\/wp\/v2\/types\/post"}],"author":[{"embeddable":true,"href":"https:\/\/www.bibula.com\/index.php?rest_route=\/wp\/v2\/users\/1"}],"replies":[{"embeddable":true,"href":"https:\/\/www.bibula.com\/index.php?rest_route=%2Fwp%2Fv2%2Fcomments&post=98607"}],"version-history":[{"count":0,"href":"https:\/\/www.bibula.com\/index.php?rest_route=\/wp\/v2\/posts\/98607\/revisions"}],"wp:attachment":[{"href":"https:\/\/www.bibula.com\/index.php?rest_route=%2Fwp%2Fv2%2Fmedia&parent=98607"}],"wp:term":[{"taxonomy":"category","embeddable":true,"href":"https:\/\/www.bibula.com\/index.php?rest_route=%2Fwp%2Fv2%2Fcategories&post=98607"},{"taxonomy":"post_tag","embeddable":true,"href":"https:\/\/www.bibula.com\/index.php?rest_route=%2Fwp%2Fv2%2Ftags&post=98607"}],"curies":[{"name":"wp","href":"https:\/\/api.w.org\/{rel}","templated":true}]}}