{"id":98487,"date":"2017-12-04T13:02:06","date_gmt":"2017-12-04T18:02:06","guid":{"rendered":"http:\/\/www.bibula.com\/?p=98487"},"modified":"2017-12-04T13:02:06","modified_gmt":"2017-12-04T18:02:06","slug":"niemcy-w-szczecinie100-mld-kohla-i-szubienica-erwina-thun-und-hohenstein","status":"publish","type":"post","link":"https:\/\/www.bibula.com\/?p=98487","title":{"rendered":"Niemcy w Szczecinie,100 mld Kohla i szubienica Erwina Thun und Hohenstein"},"content":{"rendered":"<p><strong>Druga napa\u015b\u0107 Niemiec na Polsk\u0119 w XX w. zacz\u0119\u0142a si\u0119 w 1989 r. i podobnie jak ta pierwsza z 1939 r. &#8211; NIE zosta\u0142a poprzedzona formalnym wypowiedzeniem wojny. Jedyna r\u00f3\u017cnica to ta, \u017ce w ramach Fall Weiss 1.0 &#8211; Niemcy 28 sierpnia 1939 r. wprowadzili U SIEBIE kartki \u017cywno\u015bciowe. A w Fall Weiss 2.0 &#8211; nie.<\/strong><\/p>\r\n<p>Wojna trwa do dzisiaj i przekszta\u0142ci\u0142a si\u0119 w m\u0119cz\u0105c\u0105 wojn\u0119 pozycyjn\u0105. W dodatku s\u0142ynny \u201esojusznik zza Oceanu\u201d i tym razem \u201ewkroczy\u0142\u201d w sam \u015brodek wojennego \u201eprawie-ju\u017c-rozstrzygni\u0119tego\u201d ba\u0142aganu i po raz kolejny &#8211; po w\u0142a\u015bciwej stronie. Czyli przeciwko napastnikowi.<\/p>\r\n<p>Dzi\u0119ki czemu dowiedzieli\u015bmy si\u0119, czy te chrze\u015bcija\u0144sko demokratyczne protestanckie oczka \u015bp. Kanclerza Niemiec Helmuta Kohla &#8211; mog\u0142y k\u0142ama\u0107. Okazuje si\u0119, \u017ce niemo\u017cliwe jest mo\u017cliwe i \u201eNiemiec m\u00f3g\u0142 sk\u0142ama\u0107\u201d. A\u0142a. W dodatku ok\u0142ama\u0142 samego prezydenta USA i to na ca\u0142kiem spory kawa\u0142ek kasy bo na 100 mld dojczmarek z 1989 r. Czyli jak si\u0119 doda odsetki , to si\u0119 usk\u0142ada jakie\u015b 200 mld.<\/p>\r\n<p>W oczekiwaniu na ostateczne dok\u0142adne wyszacowanie szk\u00f3d uczynionych Polsce i Polakom w latach 1939-1945 przez niezdolnych do k\u0142amstwa i rzeczy nieszlachetnych &#8211; Niemc\u00f3w, warto obejrze\u0107 sobie obecne pole walk i potyczek mi\u0119dzy Niemcami a Polsk\u0105, toczonych w Polsce, w Niemczech, na Ba\u0142tyku i na r\u00f3\u017cnych forach mi\u0119dzynarodowych. Ostatnio w Brukseli.<\/p>\r\n<p>No wi\u0119c na pocz\u0105tek w 1989 r. mimo niezwykle spolegliwej \u017ceby nie powiedzie\u0107 &#8211; us\u0142u\u017cnej postawy premiera III RP niejakiego Mazowieckiego, trzeba by\u0142o a\u017c \u201ebrutalnej si\u0142y USA\u201d, \u017ceby dobrego protestanckiego chrze\u015bcijanina Kohla przywlec do sto\u0142u rokowa\u0144 i ZMUSI\u00c4\u2020 do podpisania traktatu granicznego. <br>\r\n To oczywi\u015bcie NIE zmieni\u0142o tzw. przepis\u00f3w niemieckich wewn\u0119trznych. Dzi\u0119ki czemu ka\u017cdy Bartoszek, Wojtu\u015b, Zbysio czy Jadwisia a nawet Brajanek i Sandra &#8211; urodzone w Szczecinie, Gliwicach czy Gda\u0144sku &#8211; czyli \u201ena terenach administrowanych przez Polsk\u0119\u201d &#8211; automatycznie s\u0105 Niemcami. I je\u015bli postanawiaj\u0105 si\u0119 osiedli\u0107 na zach\u00f3d od Odry, to mog\u0105 si\u0119 \u201ezapisa\u0107 na Niemca\u201d bez wywodzenia jakichkolwiek drzewek genealogicznych \u201eod pradziada Helmuta\u201d.<\/p>\r\n<p>Tak te\u017c uczyni\u0142a w 1986 czy te\u017c 1988 r. rodzina pa\u0144stwa Ziemiak\u00f3w ze Szczecina, dzi\u0119ki czemu urodzony w 6 wrze\u015bnia 1985 r. w Szczecinie Pawe\u0142ek Ziemiak jest dzisiaj szlachetnym pe\u0142nowarto\u015bciowym Niemcem Paulem Ziemiakiem i Przewodnicz\u0105cym pot\u0119\u017cnej m\u0142odzie\u017c\u00f3wki partii CDU &#8211; o nazwie die Junge Union Deutschlands. W ostatnich wyborach wszed\u0142 do Bundestagu i mo\u017cna dzisiaj obejrze\u0107 jego zdj\u0119cia, jak pociesza sam\u0105 Angel\u0119 Merkel po kl\u0119sce rozm\u00f3w koalicyjnych z FDP.<\/p>\r\n<p>Aby awansowa\u0107 tak wysoko by\u0142 on m\u0142odzie\u0144cem niemieckim wielce po\u017cytecznym. Na przyk\u0142ad kiedy zosta\u0142 wybrany w 2015 r. na przewodnicz\u0105cego og\u00f3lnokrajowego Junge Union to PIERWSZE POSIEDZENIE ZARZ\u0104DU tej NIEMIECKIEJ organizacji politycznej zorganizowa\u0142 w Urz\u0119dzie Miasta Szczecina!!! W Polsce.<\/p>\r\n<p>Jak informowa\u0142a na falach Deutsche Welle pani Barbara C\u00f6llen- niemiecka dziennikarka 22 lutego 2015 r. :\u201d\u2026 Pierwsze posiedzenie zarz\u0105du Junge Union, m\u0142odzie\u017c\u00f3wki CDU\/CSU, odby\u0142o si\u0119 w Szczecinie &#8211; miejscu urodzin jej nowego przewodnicz\u0105cego Paula Ziemiaka. Tam m\u0142odzi Niemcy og\u0142osili \u201eDeklaracj\u0119 Szczeci\u0144sk\u0105\u201d\u2026\u201d. W kt\u00f3rej zawarli nie tylko protekcjonalne pochwa\u0142y dla \u201erozwini\u0119tej gospodarczo Polski\u201d ale r\u00f3wnie\u017c poparli \u201ewzmocnienie wschodniej flanki NATO\u201d a konkretnie :\u201d\u2026rozbudow\u0119 wielonarodowej kwatery w Szczecinie jako centrum przysz\u0142ej wsp\u00f3\u0142pracy regionalnej i obrony sojuszu\u201d\u2026\u201d. No i na koniec pobytu w Stettin szcz\u0119\u015bliwy ponad wszelkie wyobra\u017cenie zarz\u0105d Jungen Union spotka\u0142 si\u0119 podobno z szefem G-6 czyli Multinationales Korps Nordost w Stettin oberstem Manfredem Kutzem.<\/p>\r\n<p>Pan Paul Ziemiak wpada zreszt\u0105 do Stettin cz\u0119\u015bciej.<\/p>\r\n<p>Ostatnio widziany by\u0142 w marcu 2017 r. w towarzystwie samego pana Hansa-Gerta P\u00f6tteringa obecnie Prezesa Fundacji Konrada Adenauera a w latach 1979-2014 niemieckiego pos\u0142a do Parlamentu Europejskiego (2007-2009 przewodnicz\u0105cy) ale tak\u017ce, uwaga, uwaga &#8211; inicjatora utworzenia s\u0142ynnego House of European History czyli Domu Historii Europy, kt\u00f3r\u0105 to \u201ehistori\u0119 Europy\u201d na nowo napisa\u0142 gwiazdor nauk historycznych tutejszych prof. W\u0142odzimierz Borodziej, cz\u0142onek \u201ekomisji podr\u0119cznikowej polsko niemieckie\u201d i potomek samego Wiktora Borodzieja z I Departamentu MSW i m.in. rezydenta wywiadu PRL w Berlinie Zachodnim i Wiedniu.<\/p>\r\n<p>Odwiedziny Hansa-Gerta P\u00f6tteringa w marcu 2017r. w towarzystwie wiernego Ziemiaka mia\u0142y na celu m.in. podtrzymanie s\u0142abn\u0105cej demokracji w Polsce w formie \u201espotkania Klubu Obywatelskiego\u201d z udzia\u0142em pos\u0142a PO Norberta Obryckiego a tak\u017ce wizytacj\u0119 dow\u00f3dztwa (znowu) Korpusu Nordost z Generalleutnantem Manfredem Hoffmanem na czele. Jak r\u00f3wnie\u017c z\u0142o\u017cenie wi\u0105zanki kwiecia na Soldatenfriedhof (cmentarzu wojennym \u017co\u0142nierzy niemieckich) w Glinnej przez Hansa-Gerta P\u00f6tteringa albowiem s\u0105 tam prawdopodobnie z\u0142o\u017cone szcz\u0105tki jego tatki, kt\u00f3rego Armia Czerwona marsza\u0142ka Koniewa odstrzeli\u0142a wiosn\u0105 1945 r. Kolejnego \u201eprostego niemieckiego \u017co\u0142nierza\u201d najprawdopodobniej z orkiestry.<\/p>\r\n<p>Towarzystwo pana Norberta Obryckiego nie by\u0142o w tym gronie przypadkowe, albowiem by\u0142 on w swoim czasie \u201estypendyst\u0105 niemieckich i wiede\u0144skich uczelni\u201d i t\u0142umaczem przysi\u0119g\u0142ym z j\u0119zyka niemieckiego a w wolnych chwilach a to dyrektorem Euroregionu Pomerania, a to marsza\u0142kiem Sejmiku Zachodniopomorskiego. Za\u015b w strasznych czasach \u201edyktatury PiS\u201d &#8211; jest \u201eministrem \u017ceglugi w rz\u0105dzie cieni Platformy Obywatelskiej\u201d. \u201eBaron szczeci\u0144ski PO\u201d pose\u0142 Nitras nie bardzo nadawa\u0142 si\u0119 do roli cicerone, albowiem ma jakie\u015b chwilowe problemy wizerunkowe.<\/p>\r\n<p>Zatem pan Paul Ziemiak, zanim zostanie kanclerzem Niemiec, co przepowiada mu tabloid Bild, spotyka si\u0119 na pizzy w Stettin w\u0142a\u015bnie z panem Obryckim, aby ustali\u0107 \u201eco i jak\u201d na \u201eterenach administrowanych przez Polsk\u0119\u201d. Oraz wizytuje dziadusia Ziemiaka lat 94, kt\u00f3ry nadal mieszka w Stettin.<\/p>\r\n<p>\u015awie\u017co upieczony pose\u0142 do Bundestagu Ziemiak ma do towarzystwa \u201ew wielkiej polityce niemieckiej\u201d dwie inne Niemki z \u201eteren\u00f3w administrowanych przez Polsk\u0119\u201d: pani\u0105 Katharin\u0119 Nocun (Katarzyna Nocu\u0144) z Partii Pirat\u00f3w oraz pos\u0142ank\u0119 do Bundestagu z ramienia Partii Zielonych pani\u0105 Agnieszk\u0119 Malczak ur. 1985 w. w Legnicy, aktualnie zam\u0119\u017cn\u0105 pani\u0105 Brugger.<\/p>\r\n<p>Pani Katharina Nocun studiowa\u0142a ekonomi\u0119 i polityk\u0119 na Uniwersytecie w M\u00fcnster i Hamburgu.<\/p>\r\n<p>W M\u00fcnster mog\u0142a spotka\u0107 Paula Ziemiaka, bowiem udziela si\u0119 on w staro\u017cytnej organizacji Die Katolische Deutsche Studentenverbindung Winfridia Breslau M\u00fcnster (KDStV Wibfridia Breslau) ( Katolickie Zrzeszenie Student\u00f3w Winfridia Wroc\u0142aw M\u00fcnster), za\u0142o\u017conej pocz\u0105tkowo w 1849 w Breslau przez studenta teologii o s\u0142owia\u0144sko brzmi\u0105cym nazwisku Augustin Swientek.<\/p>\r\n<p>W 1854 r. organizacja do\u0142\u0105czy\u0142a student\u00f3w z M\u00fcnster i mo\u017cna w by\u0142o spotka\u0107 zar\u00f3wno katolickich ksi\u0105\u017c\u0105t z rodu Wettyn\u00f3w (Friedrich August Georg von Sachsen i Friedrich Christian von Sachsen) jak r\u00f3wnie\u017c ksi\u0119dza Josepha Glowatzkiego ur. 1847 w Leschnitz (Le\u015bnica) absolwenta liceum w Gleiwitz oraz w latach 1898-1918 pos\u0142a do Deutsches Reichstag. W czasach wsp\u00f3\u0142czesnych w\u015br\u00f3d cz\u0142onk\u00f3w odnajdujemy JE arcybiskupa Breslau ks. Mariana Go\u0142\u0119biewskiego.<\/p>\r\n<p>Tak lub podobnie niemiecki system pa\u0144stwowy wci\u0105ga\u0142 przez ca\u0142e dekady na listy \u201eNiemc\u00f3w\u201d &#8211; Polak\u00f3w doros\u0142ych.<\/p>\r\n<p>Obecnie system przyspieszy\u0142 i \u201ena Niemca\u201d \u201ewy\u0142apywane s\u0105\u201d poprzez Jugendamnt na terenie Niemiec nawet niemowl\u0119ta polskie. Pod dowolnie wydumanymi pretekstami. Decyzje s\u0105 jednostronne i nieodwo\u0142alne a jedynym sposobem ratunku jest &#8211; ucieczka matki z dzieckiem &#8211; do Polski. Gdzie jest \u201eposzukiwana\u201d w charakterze \u201eprzest\u0119pczyni\u201d. A polskie rodziny s\u0105 stygmatyzowane jako \u201esocjopatyczne i niewydolne wychowawczo\u201d. Proste. Ale \u015brednie statystyczne niemieckie \u201eajkju\u201d si\u0119 podwy\u017csza niesamowicie.<\/p>\r\n<p>Polacy i Polki urodzeni na terenach NIE nale\u017c\u0105cych przed II WW do Reichu, jak R\u00f3zia Wo\u017aniakowska z Krakowa czy Gorzelik z Przemy\u015bla mog\u0105 awansowa\u0107 do lepszego narodu poprzez zam\u0105\u017cp\u00f3j\u015bcie lub zwyk\u0142\u0105 kolaboracj\u0119. Co ja m\u00f3wi\u0119, co ja m\u00f3wi\u0119. Oczywi\u015bcie przez walk\u0119 o demokracj\u0119 i autonomi\u0119.<\/p>\r\n<p>Tu robota jest ci\u0119\u017csza i \u201ebrudniejsza\u201d, chocia\u017c dochody s\u0105 por\u00f3wnywalne. W ko\u0144cu dieta euro parlamentarzysty czy wyk\u0142adowcy akademickiego czy innego \u201edzia\u0142acza organizacji pozarz\u0105dowej\u201d to nie s\u0105 jakie\u015b grosze.<\/p>\r\n<p>Ale na tym odcinku wektory s\u0105 mocno przesuni\u0119te. O ile nad losem \u201eprostego niemieckiego \u017co\u0142nierza\u201d po\u0142o\u017conego na cmentarzu wojennym pod lasem ko\u0142o Glinnej -g\u0142owy pochylaj\u0105 si\u0119 z szacunkiem i powag\u0105 a nawet z niejakim smutkiem, to ju\u017c w Krakowie pod Wawelem mo\u017cemy zaobserwowa\u0107 ekspresj\u0119 zgo\u0142a innych emocji. Oto ju\u017c przed poch\u00f3wkiem samego Prezydenta RP i jego Ma\u0142\u017conki &#8211; boj\u00f3wki \u201em\u0142odzie\u017cy\u201d zainspirowane z okolic biura euro pos\u0142anki z Krakowa &#8211; wrzeszcza\u0142y, wy\u0142y i macha\u0142y obra\u017aliwymi transparentami. I pojawiaj\u0105 si\u0119 karnie z wrzaskami, minami, obra\u017aliwymi transparentami celem \u201ezablokowania Wawelu\u201d ilekro\u0107 pojawi si\u0119 tam Szef najwi\u0119kszego Klubu Poselskiego w Sejmie RP w celu nawiedzenia grobu Brata i Szwagierki.<\/p>\r\n<p>A w ostatnich miesi\u0105cach euro pos\u0142anka by\u0142a po prostu \u201ezarobiona\u201d jak ten mechanik samochodowy z filmu re\u017cysera Barei.<\/p>\r\n<p>Trzeba by\u0142o zaprotestowa\u0107 gor\u0105co i udowadnia\u0107 \u201elogicznie\u201d -niestosowno\u015b\u0107 \u017c\u0105dania przez Polsk\u0119 reparacji od Niemiec za II WW. Bo to by\u0142o tak dawno temu i w dodatku \u201ewidzia\u0142a na w\u0142asne oczy transparent z napisem \u201eReparationen machen frei\u201d, co j\u0105, jako osob\u0119 w najwy\u017cszym stopniu szlachetn\u0105 i wra\u017cliw\u0105 &#8211; przyprawi\u0142o niemal o palpitacje serca. I zrodzi\u0142o w jej nad wszelkie wyobra\u017cenie bystrym rozumie podejrzenie, \u017ce \u201e\u017ali Polacy chc\u0105 zgotowa\u0107 Niemcom\u201d jakie\u015b potworne prze\u015bladowania\u201d.<\/p>\r\n<p>No i musi broni\u0107 Pa\u0142acu Kultury i Nauki im J\u00f3zefa Stalina w Warszawie przed &#8222;re\u017cymem Kaczora&#8221;. We w\u0142a\u015bciwy sobie, kulturalny, niemiecki spos\u00f3b.<\/p>\r\n<p>Kamienic zaujmanych w Warszawie przez gangi nie obroni przed siepaczami \u201edyktatury PiS\u201d ale dzi\u0119ki tweetowi z u\u017cyciem figury Chrystusa Kr\u00f3la ze \u015awiebodzina wyrwa\u0142a profesorowi Niesio\u0142owskiemu nie-honorowy tytu\u0142 najbardziej agresywnej przedstawicielki PO w mediach polskich.<\/p>\r\n<p>Czy wej\u015bcie do rodziny Thun und Hohenstein ma jakie\u015b tajemnicze podteksty?&nbsp; Czy to charakter taki? Tak tylko pytam, bowiem na przyk\u0142ad szanowny ma\u0142\u017conek Thun und Hohenstein chowa si\u0119 w najg\u0142\u0119bszym mo\u017cliwym cieniu. \u0179adnego \u017cyciorysu, \u017cadnego wywiadu, \u017cadnych kuzyn\u00f3w z jakiejkolwiek linii genealogicznej Thun und Hohenstein.<\/p>\r\n<p>A\u017c wzdragam si\u0119 na my\u015bl, \u017ce ma\u0142\u017conek mo\u017ce wywodzi\u0107 si\u0119 z czeskiej linii Thun und Hohenstein i co gorsza z tej od kuzyna grafa Felixa Leopolda.<\/p>\r\n<p>Bowiem rodzina Thun und Hohenstein ma w swojej historii wielk\u0105 ga\u0142\u0105\u017a czesko austriack\u0105. W czasach nie tak odleg\u0142ych pojawi\u0142 si\u0119 &nbsp;w tym drzewku genealogicznym major Erwein Sigmund von Thun und Hohenstein ur. 1896 r. z ojca Felixa Leopolda grafa Thun und Hohenstein we Wiedniu.<\/p>\r\n<p>Pobiera\u0142 \u00f3w Erwin nauki wojskowe w cesarskiej szkole kadet\u00f3w w Hranicach ko\u0142o O\u0142omu\u0144ca. W czasie I WW walczy\u0142 w galicyjskim Regimencie U\u0142an\u00f3w ksi\u0119cia Szwarzenberga. A przed II WW \u201ezosta\u0142 Niemcem\u201d i szcz\u0119\u015bliwie znaj\u0105c j\u0119zyk czeski, polski, s\u0142owacki, rosyjski i angielski &#8211; zosta\u0142 wcielony do Abwehry r. i tam \u201erozwin\u0105\u0142 skrzyd\u0142a\u201d.&nbsp; G\u0142\u00f3wnie w sabota\u017cu i w operacjach przeciwko partyzantom jako komendant Grupy 218 Abwehry.<\/p>\r\n<p>A tak\u017ce jako szef oddzia\u0142u 204 Abwehry, w kt\u00f3rym zajmowa\u0142 si\u0119 rekrutowaniem Ukrai\u0144c\u00f3w i Kozak\u00f3w do Batalionu \u201eNachtigall\u201d, kt\u00f3rego jedn\u0105 z kompanii &#8211; dowodzi\u0142 osobi\u015bcie. Mi\u0119dzy innymi&nbsp; po napa\u015bci Reichu na CCCP w &#8211; 1941 r. w \u201eStadt Lemberg\u201d czyli we Lwowie &#8211; jego soko\u0142y uczestniczy\u0142y w masakrze \u017byd\u00f3w, s\u0142ynnej na ca\u0142y \u015bwiat.<\/p>\r\n<p>Pod koniec wojny jako szef 218 oddzia\u0142u Abwehry \u201ezabezpiecza\u0142\u201d ju\u017c w strukturach SS &#8211; po\u0142udniowo wschodni odcinek frontu &#8211; wschodniego oczywi\u015bcie. Ju\u017c pod nazw\u0105 SS-Jagdverband S\u00fcd-Ost. Grupa zajmowa\u0142a si\u0119&nbsp; \u201eczyszczeniem zaplecza frontu z partyzant\u00f3w\u201d na S\u0142owacji. Najs\u0142ynniejsza akcja przesz\u0142a do historii jako \u201eMasakra w Ostrym Grunie&#8221;. S\u0142owacy zapami\u0119tali majora Erwina Thun und Hohenstein na d\u0142ugo.<\/p>\r\n<p>M\u00f3g\u0142 by\u0142 tam si\u0119 zaprzyja\u017ani\u0107 z samym Otto Skorzennym. Jednak te wszystkie \u201eniemieckie zaanga\u017cowania\u201d ostatecznie go zgubi\u0142y. Dosta\u0142 si\u0119 do sowieckiej niewoli a tam enkawede wyda\u0142o jedyny mo\u017cliwy wyrok. I major Erwein Sigismund von Thun und Hohenstein w dniu 12 lutego 1947 r. zawis\u0142 na s\u0142owackim sznurze. Ale nie symbolicznie, jak pewien portret w Katowicach, tylko \u201ewe w\u0142asnej osobie\u201d.<\/p>\r\n<p>To jest szalenie ciekawe, jak dyskretna jest euro pos\u0142anka \u201ena tym odcinku\u201d. Mog\u0142aby si\u0119 odci\u0105\u0107 od \u201ekuzyna m\u0119\u017ca\u201d. \u0179e nie ma zwi\u0105zk\u00f3w. A tu nic. Milczenie. <br>\r\n To znaczy nie \u017cadne \u201emilczenie\u201d. Hrabina R\u00f3\u017ca Thun und Hohenstein wysz\u0142a dzisiaj w Katowicach pod pomnik polskiego patrioty Korfantego aby wraz z n\u0119dzn\u0105 grupk\u0105 \u201eaktywist\u00f3w PO\u201d &#8211; \u201eprotestowa\u0107 przeciwko faszyzmowi\u201d. \u0179e niby \u201ew Katowicach faszyzm nie przejdzie\u201d i \u201eos\u0142oni nas Tajani\u201d.<\/p>\r\n<p>Bo niby te 8 portret\u00f3w tutejszych infamis\u00f3w powieszonych na jakich\u015b dr\u0105\u017ckach to \u201efaszyzm, panie , faszyzm\u201d. <br>\r\n Wg mnie \u201efaszyzm\u201d by\u0142 w Katowicach, niewykluczone, \u017ce z udzia\u0142em majora Erwina von Thun und Hohenstein z Abwehry &#8211; od wrze\u015bnia 1939 r. do stycznia 1945 r. I przejawia\u0142 si\u0119 w prawdziwym mordowaniu tysi\u0119cy i tysi\u0119cy porz\u0105dnych Polak\u00f3w, \u017byd\u00f3w, Czech\u00f3w, S\u0142owak\u00f3w. A teraz to jest pr\u00f3ba odwracania kota ogonem.<\/p>\r\n<p>W tych okoliczno\u015bciach przyrody fakt, i\u017c Gorzelik z Przemy\u015bla, \u017carliwy wyznawca \u2018czego\u015b innego ni\u017c Polska\u201d po raz kolejny uruchomi\u0142 \u201eakcj\u0119 autonomia \u015al\u0105ska\u201d &#8211; to po prostu &#8211; nudy na pudy.<\/p>\r\n<p>Jego kumple z Ruchu Autonomii \u015al\u0105ska i Ruchu G\u00f3rno\u015bl\u0105skiego panowie Henryk Mercik i Grzegorz Franki, kolejni \u201enie-Polacy\u201d z\u0142o\u017cyli do s\u0105du papiery w celu rejestracji partii politycznej o nazwie \u015al\u0105skiej Partii Regionalnej. <\/p>\r\n<p>Dzieje si\u0119 to akurat w czasie, gdy zatapia projekt polityczny \u201eNowoczesna\u201d pod kierunkiem Petru-Lubnauer. Taka \u201etr\u00f3jpol\u00f3wka\u201d w \u201epartiach zorientowanych od\u015brodkowo\u201d. Co\u015b si\u0119 ko\u0144czy, co\u015b si\u0119 zaczyna. Tylko czasem wyskakuje jaka\u015b \u201enadliczbowa szubienica\u201d. Zupe\u0142nie nieprzewidziana w scenariuszu politycznym \u201eszlachetnej totalnej opozycji na rzecz wielkich Niemiec\u201d.<\/p>\r\n<p><strong><em>Pink Panther<\/em><\/strong><\/p>\r\n<ul>\r\n\t<li><a href=\"https:\/\/de.wikipedia.org\/wiki\/Paul_Ziemiak\">https:\/\/de.wikipedia.org\/wiki\/Paul_Ziemiak<\/a><\/li>\r\n\t<li><a href=\"http:\/\/www.dw.com\/pl\/paul-ziemiak-pami%C4%99tam-wewn%C4%99trzne-rozdarcie-uchod%C5%BAc%C3%B3w-z-polski\/a-18727825\">http:\/\/www.dw.com\/pl\/paul-ziemiak-pami%C4%99tam-wewn%C4%99trzne-rozdarcie-uchod%C5%BAc%C3%B3w-z-polski\/a-18727825<\/a><\/li>\r\n\t<li><a href=\"https:\/\/pl.wikipedia.org\/wiki\/Norbert_Obrycki\">https:\/\/pl.wikipedia.org\/wiki\/Norbert_Obrycki<\/a><\/li>\r\n\t<li><a href=\"https:\/\/de.wikipedia.org\/wiki\/KDStV_Winfridia_(Breslau)_M%C3%BCnster\">https:\/\/de.wikipedia.org\/wiki\/KDStV_Winfridia_(Breslau)_M%C3%BCnster<\/a><\/li>\r\n\t<li><a href=\"http:\/\/www.kas.de\/wf\/de\/33.48138\/\">http:\/\/www.kas.de\/wf\/de\/33.48138\/<\/a><\/li>\r\n\t<li><a href=\"http:\/\/www.gettyimages.com\/event\/bundestag-meets-for-first-time-since-coalition-failure-775081514#german-chancellor-and-leader-of-the-german-christian-democrats-angela-picture-id877107936\">http:\/\/www.gettyimages.com\/event\/bundestag-meets-for-first-time-since-coalition-failure-775081514#german-chancellor-and-leader-of-the-german-christian-democrats-angela-picture-id877107936<\/a><\/li>\r\n\t<li><a href=\"https:\/\/pl.wikipedia.org\/wiki\/Agnieszka_Brugger\">https:\/\/pl.wikipedia.org\/wiki\/Agnieszka_Brugger<\/a><\/li>\r\n\t<li><a href=\"https:\/\/de.wikipedia.org\/wiki\/Erwein_von_Thun_und_Hohenstein\">https:\/\/de.wikipedia.org\/wiki\/Erwein_von_Thun_und_Hohenstein<\/a><\/li>\r\n\t<li><a href=\"https:\/\/pospolitost.wordpress.com\/2010\/08\/29\/abwehrgruppe-218-s-krycim-nazvom-edelweiss\/\">https:\/\/pospolitost.wordpress.com\/2010\/08\/29\/abwehrgruppe-218-s-krycim-nazvom-edelweiss\/<\/a><\/li>\r\n\t<li><a href=\"https:\/\/pospolitost.wordpress.com\/2010\/08\/29\/abwehrgruppe-218-s-krycim-nazvom-edelweiss\/\">http:\/\/www.dziennikzachodni.pl\/wiadomosci\/katowice\/a\/nie-dla-nacjonalizmu-ksenofobii-i-szubienic-w-katowicach-katowice-miastem-otwartym-zdjecia,12731698\/<\/a><\/li>\r\n\t<li><a href=\"https:\/\/slask.onet.pl\/demonstracja-nie-dla-szubienic-w-katowicach\/b9qvyl2\">https:\/\/slask.onet.pl\/demonstracja-nie-dla-szubienic-w-katowicach\/b9qvyl2<\/a><\/li>\r\n<\/ul>","protected":false},"excerpt":{"rendered":"Druga napa\u015b\u0107 Niemiec na Polsk\u0119 w XX w. zacz\u0119\u0142a si\u0119 w 1989 r. i podobnie jak ta pierwsza z 1939 r. &#8211; NIE zosta\u0142a poprzedzona formalnym wypowiedzeniem wojny. Jedyna r\u00f3\u017cnica to ta, \u017ce w ramach Fall Weiss 1.0 &#8211; Niemcy 28 sierpnia 1939 r. wprowadzili U SIEBIE kartki \u017cywno\u015bciowe. A w Fall Weiss 2.0 &#8211; [&hellip;]","protected":false},"author":1,"featured_media":0,"comment_status":"closed","ping_status":"closed","sticky":false,"template":"","format":"standard","meta":{"_acf_changed":false,"_monsterinsights_skip_tracking":false,"_monsterinsights_sitenote_active":false,"_monsterinsights_sitenote_note":"","_monsterinsights_sitenote_category":0,"ngg_post_thumbnail":0,"footnotes":"","_wp_rev_ctl_limit":""},"categories":[9],"tags":[65,166,124,23,98,59],"acf":[],"_links":{"self":[{"href":"https:\/\/www.bibula.com\/index.php?rest_route=\/wp\/v2\/posts\/98487"}],"collection":[{"href":"https:\/\/www.bibula.com\/index.php?rest_route=\/wp\/v2\/posts"}],"about":[{"href":"https:\/\/www.bibula.com\/index.php?rest_route=\/wp\/v2\/types\/post"}],"author":[{"embeddable":true,"href":"https:\/\/www.bibula.com\/index.php?rest_route=\/wp\/v2\/users\/1"}],"replies":[{"embeddable":true,"href":"https:\/\/www.bibula.com\/index.php?rest_route=%2Fwp%2Fv2%2Fcomments&post=98487"}],"version-history":[{"count":0,"href":"https:\/\/www.bibula.com\/index.php?rest_route=\/wp\/v2\/posts\/98487\/revisions"}],"wp:attachment":[{"href":"https:\/\/www.bibula.com\/index.php?rest_route=%2Fwp%2Fv2%2Fmedia&parent=98487"}],"wp:term":[{"taxonomy":"category","embeddable":true,"href":"https:\/\/www.bibula.com\/index.php?rest_route=%2Fwp%2Fv2%2Fcategories&post=98487"},{"taxonomy":"post_tag","embeddable":true,"href":"https:\/\/www.bibula.com\/index.php?rest_route=%2Fwp%2Fv2%2Ftags&post=98487"}],"curies":[{"name":"wp","href":"https:\/\/api.w.org\/{rel}","templated":true}]}}