{"id":98315,"date":"2017-11-23T09:07:02","date_gmt":"2017-11-23T14:07:02","guid":{"rendered":"http:\/\/www.bibula.com\/?p=98315"},"modified":"2017-11-23T09:07:02","modified_gmt":"2017-11-23T14:07:02","slug":"belgia-bluzniercza-instalacja-w-kosciele-problemem-sa-jednak-protestujacy-katolicy","status":"publish","type":"post","link":"https:\/\/www.bibula.com\/?p=98315","title":{"rendered":"Belgia: blu\u017aniercza instalacja w ko\u015bciele. Problemem s\u0105 jednak protestuj\u0105cy katolicy"},"content":{"rendered":"<p><strong>W sobot\u0119 rano nieznani sprawcy wywo\u0142ali po\u017car w kaplicy w belgijskiej miejscowo\u015bci Borgloon, w kt\u00f3rej prezentowana jest wystawa Toma Hercka. Pseudoartysta zas\u0142yn\u0105\u0142 blu\u017aniercz\u0105 instalacj\u0105 ukrzy\u017cowanej krowy, umieszczonej w innym zabytkowym i niezdesakralizowanym ko\u015bciele, w miejscowo\u015bci Kuttekoven. Media natychmiast rzuci\u0142y podejrzenie na katolik\u00f3w protestuj\u0105cych w Kuttekoven przeciwko blu\u017anierstwu. Ci zaprzeczaj\u0105.<\/strong><\/p>\r\n<p>Stra\u017cacy szybko ugasili po\u017car, ale wskutek niewielkich zniszcze\u0144 oraz zadymienia i osmalenia wn\u0119trza, wystawa Hercka w kaplicy w Borgloon zosta\u0142a zamkni\u0119ta.<\/p>\r\n<p>Instalacja Hercka pt. \u201e\u015awi\u0119ta krowa\u201d, przedstawiaj\u0105ca naturalnej wielko\u015bci krow\u0119 przybit\u0105 do krzy\u017ca, zosta\u0142a powieszona w ko\u015bciele w Kuttekoven mniej wi\u0119cej w miejscu tzw. belki t\u0119czowej (umieszczano na niej \u201egrup\u0119 ukrzy\u017cowania\u201d). Wszystko odby\u0142o si\u0119 za zgod\u0105 lokalnych w\u0142adz cywilnych oraz \u201d\u201d najprawdopodobniej \u201d\u201d lokalnego biskupa Patricka Hoogmartensa, znanego z \u201eotwartej\u201d postawy.<\/p>\r\n<p>Po wybuchu skandalu biskup Hoogmartens stwierdzi\u0142, \u017ce instalacja jest \u201eniegodnym aktem\u201d, ale nic poza tym nie uczyni\u0142, \u017ceby zatrzyma\u0107 blu\u017anierstwo, mimo \u017ce ko\u015bci\u00f3\u0142 w Kuttekoven nie jest zdesakralizowany i wci\u0105\u017c przeznaczony jest do s\u0142u\u017cby Bo\u017cej. Przedstawiciele diecezji Hasselt stwierdzili jedynie, \u017ce \u201edoceniaj\u0105 sztuk\u0119 i humor, ale artysta posun\u0105\u0142 si\u0119 za daleko\u201d.<\/p>\r\n<p>Protest rozpocz\u0119\u0142a natomiast cz\u0119\u015b\u0107 lokalnych mieszka\u0144c\u00f3w oraz grupa konserwatywnych katolik\u00f3w \u201eVox populi\u201d, kt\u00f3rej przewodzi Dries Goethals. Zorganizowana akcja protestacyjna polega\u0142a na publicznym odmawianiu r\u00f3\u017ca\u0144ca oraz trzymaniu \u015bwi\u0119tych obraz\u00f3w. Mimo to, lokalne od razu zrzuci\u0142y win\u0119 na protestuj\u0105cych za podpalenie w Borgloon oraz wcze\u015bniejsz\u0105 nieudan\u0105 pr\u00f3b\u0119 zniszczenia blu\u017anierczej instalacji w Kuttekoven.<\/p>\r\n<p>Tom Herck twierdzi, \u017ce jego instalacja nie ma charakteru antykatolickiego, lecz jest \u201eakcj\u0105 w stylu Greenpeace\u201d, maj\u0105c\u0105 na celu zwr\u00f3cenie uwagi na marnowanie jedzenia i wywo\u0142anie dyskusji. \u201eKrowy s\u0105 elementem lokalnego krajobrazu i wywo\u0142uj\u0105 wra\u017cenie, bo s\u0105 du\u017ce, silne i maj\u0105 mn\u00f3stwo energii\u201d \u201d\u201d stwierdzi\u0142.<\/p>\r\n<p>Artysta nie zamierza jednak umieszcza\u0107 w meczecie w brukselskiej dzielnicy Molenbeek, zamieszka\u0142ej przez radykalnych muzu\u0142man\u00f3w, instalacji lataj\u0105cych \u015bwi\u0144, r\u00f3wnie\u017c ewidentnie stanowi\u0105cych element belgijskiego krajobrazu, co zaproponowali mu ironicznie blogerzy katoliccy.<\/p>\r\n<p>\u0179r\u00f3d\u0142a: vrt.be, nieuws.vtm.be, katholiekforum.net<\/p>\r\n<p>dom<\/p>","protected":false},"excerpt":{"rendered":"W sobot\u0119 rano nieznani sprawcy wywo\u0142ali po\u017car w kaplicy w belgijskiej miejscowo\u015bci Borgloon, w kt\u00f3rej prezentowana jest wystawa Toma Hercka. Pseudoartysta zas\u0142yn\u0105\u0142 blu\u017aniercz\u0105 instalacj\u0105 ukrzy\u017cowanej krowy, umieszczonej w innym zabytkowym i niezdesakralizowanym ko\u015bciele, w miejscowo\u015bci Kuttekoven. Media natychmiast rzuci\u0142y podejrzenie na katolik\u00f3w protestuj\u0105cych w Kuttekoven przeciwko blu\u017anierstwu. Ci zaprzeczaj\u0105. Stra\u017cacy szybko ugasili po\u017car, ale wskutek [&hellip;]","protected":false},"author":1,"featured_media":0,"comment_status":"closed","ping_status":"closed","sticky":false,"template":"","format":"standard","meta":{"_acf_changed":false,"_monsterinsights_skip_tracking":false,"ngg_post_thumbnail":0,"footnotes":"","_wp_rev_ctl_limit":""},"categories":[3],"tags":[132,250,97,33],"acf":[],"_links":{"self":[{"href":"https:\/\/www.bibula.com\/index.php?rest_route=\/wp\/v2\/posts\/98315"}],"collection":[{"href":"https:\/\/www.bibula.com\/index.php?rest_route=\/wp\/v2\/posts"}],"about":[{"href":"https:\/\/www.bibula.com\/index.php?rest_route=\/wp\/v2\/types\/post"}],"author":[{"embeddable":true,"href":"https:\/\/www.bibula.com\/index.php?rest_route=\/wp\/v2\/users\/1"}],"replies":[{"embeddable":true,"href":"https:\/\/www.bibula.com\/index.php?rest_route=%2Fwp%2Fv2%2Fcomments&post=98315"}],"version-history":[{"count":0,"href":"https:\/\/www.bibula.com\/index.php?rest_route=\/wp\/v2\/posts\/98315\/revisions"}],"wp:attachment":[{"href":"https:\/\/www.bibula.com\/index.php?rest_route=%2Fwp%2Fv2%2Fmedia&parent=98315"}],"wp:term":[{"taxonomy":"category","embeddable":true,"href":"https:\/\/www.bibula.com\/index.php?rest_route=%2Fwp%2Fv2%2Fcategories&post=98315"},{"taxonomy":"post_tag","embeddable":true,"href":"https:\/\/www.bibula.com\/index.php?rest_route=%2Fwp%2Fv2%2Ftags&post=98315"}],"curies":[{"name":"wp","href":"https:\/\/api.w.org\/{rel}","templated":true}]}}