{"id":98253,"date":"2017-11-21T11:32:51","date_gmt":"2017-11-21T16:32:51","guid":{"rendered":"http:\/\/www.bibula.com\/?p=98253"},"modified":"2017-11-21T11:32:51","modified_gmt":"2017-11-21T16:32:51","slug":"naczelny-rabin-polski-u-prezesa-pis-jaroslaw-kaczynski-spotkal-sie-z-liderami-spolecznosci-zydowskiej","status":"publish","type":"post","link":"https:\/\/www.bibula.com\/?p=98253","title":{"rendered":"Naczelny rabin Polski u prezesa PiS. Jaros\u0142aw Kaczy\u0144ski spotka\u0142 si\u0119 z liderami spo\u0142eczno\u015bci \u017cydowskiej"},"content":{"rendered":"<p><strong>\u201ePrzewodnicz\u0105cy Zwi\u0105zku Gmin Wyznaniowych \u017bydowskich Les\u0142aw Piszewski oraz naczelny rabin Polski Michael Schudrich spotkali si\u0119 17 listopada z prezesem Prawa i Sprawiedliwo\u015bci Jaros\u0142awem Kaczy\u0144skim\u201d &#8211; poinformowa\u0142 w komunikacie Zwi\u0105zek Gmin Wyznaniowych \u017bydowskich.<\/strong><\/p>\r\n<p>W opublikowanym o\u015bwiadczeniu napisano, \u017ce 2 sierpnia bie\u017c\u0105cego roku Les\u0142aw Piszewski oraz przewodnicz\u0105ca warszawskiej gminy \u017cydowskiej Anna Chipczy\u0144ska wystosowali do prezesa PiS list, w kt\u00f3rym prosili o spotkanie, aby om\u00f3wi\u0107 m.in. \u201ekwesti\u0119 narastaj\u0105cego w Polsce antysemityzmu\u201d.<\/p>\r\n<p>\u201eObaj reprezentanci ZGW\u0179 podzi\u0119kowali prezesowi Kaczy\u0144skiemu za sta\u0142e poparcie, jakiego rz\u0105d jego partii udziela na arenie mi\u0119dzynarodowej Izraelowi, i za osobiste wypowiedzi prezesa Kaczy\u0144skiego w tej kwestii. Przekazali mu tak\u017ce w prezencie kopi\u0119 o\u015bwiadczenia rabin\u00f3w polskich z 2 wrze\u015bnia 1939 r., wzywaj\u0105cego \u017byd\u00f3w do wsp\u00f3lnej obrony zagro\u017conej ojczyzny\u201d &#8211; podano w komunikacie.<\/p>\r\n<p>Podczas spotkania prezesa PiS z przedstawicielami ZGW\u0179 rozmawiano na temat m.in. kwestii bezpiecze\u0144stwa spo\u0142eczno\u015bci i obiekt\u00f3w \u017cydowskich oraz narastaj\u0105cego w Polsce klimatu nietolerancji, obejmuj\u0105cego rozmaite mniejszo\u015bci, w tym mniejszo\u015b\u0107 \u017cydowsk\u0105.<\/p>\r\n<p>W o\u015bwiadczeniu podkre\u015blono, \u017ce \u201eprzedstawiciele Zwi\u0105zku Gmin Wyznaniowych \u017bydowskich wyrazili te\u017c oburzenie rasistowskimi has\u0142ami wznoszonymi podczas tegorocznego Marszu Niepodleg\u0142o\u015bci w Warszawie. Prezes Kaczy\u0144ski stwierdzi\u0142, \u017ce tak\u017ce on jest tym has\u0142om stanowczo przeciwny\u201d.<\/p>\r\n<p>Prezes PiS i przedstawiciele ZGW\u0179 dyskutowali r\u00f3wnie\u017c na temat \u201etrudnej sytuacji wielu cmentarzy \u017cydowskich w Polsce\u201d. W tym kontek\u015bcie \u201eporuszono zw\u0142aszcza spraw\u0119 starego cmentarza \u017cydowskiego w Kaliszu, gdzie w\u0142adze samorz\u0105dowe wycofa\u0142y si\u0119 z wcze\u015bniejszego porozumienia o jego ochronie\u201d. Jaros\u0142aw Kaczy\u0144ski obieca\u0142, \u017ce zainteresuje si\u0119 t\u0105 spraw\u0105.<\/p>\r\n<p>Przedstawiciele ZGW\u0179 podkre\u015blaj\u0105 w o\u015bwiadczeniu, \u017ce spotkanie z liderem PiS \u201eup\u0142yn\u0119\u0142o w konstruktywnej atmosferze\u201d, a rozmowa by\u0142a \u201eszczera i otwarta\u201d.<\/p>\r\n<p>\u0179r\u00f3d\u0142o: dorzeczy.pl<\/p>\r\n<p>TK<\/p>\r\n<p class=\"zrodlo\">Za: <a href=\"http:\/\/www.pch24.pl\/naczelny-rabin-polski-u-prezesa-pis--jaroslaw-kaczynski-spotkal-sie-z-liderami-spolecznosci-zydowskiej-,56295,i.html\">PoloniaChristiana &#8211; pch24.pl (2017-11-21)<\/a><\/p>\r\n<blockquote>\r\n<p>[<strong>Wybrane wypowiedzi internaut\u00f3w pod w\/w tekstem na stronie \u017ar\u00f3d\u0142owej:<\/strong>]<\/p>\r\n<p>\u017bydzi i Kaczy\u0144scy &#8211; przyjaciele od zawsze. ?I mog\u0119 pa\u0144stwa zapewni\u0107, \u017ce chocia\u017c rz\u0105dy w Polsce si\u0119 zmieniaj\u0105, jak w ka\u017cdym demokratycznym pa\u0144stwie, to polityka wobec Izraela si\u0119 nie zmieni? ? Prezydent RP Lech Kaczy\u0144ski, Izrael ? 11.09.2006 r.<br>\r\n <em>Obcy Astronom<\/em><\/p>\r\n<\/blockquote>\r\n<h4>&nbsp;<\/h4>\r\n<hr style=\"background-color: #000000; border-width: 0; color: #000000; height: 2px; line-height: 0; text-align: center; width: 100%;\">\r\n<h4>&nbsp;<\/h4>","protected":false},"excerpt":{"rendered":"\u201ePrzewodnicz\u0105cy Zwi\u0105zku Gmin Wyznaniowych \u017bydowskich Les\u0142aw Piszewski oraz naczelny rabin Polski Michael Schudrich spotkali si\u0119 17 listopada z prezesem Prawa i Sprawiedliwo\u015bci Jaros\u0142awem Kaczy\u0144skim\u201d &#8211; poinformowa\u0142 w komunikacie Zwi\u0105zek Gmin Wyznaniowych \u017bydowskich. W opublikowanym o\u015bwiadczeniu napisano, \u017ce 2 sierpnia bie\u017c\u0105cego roku Les\u0142aw Piszewski oraz przewodnicz\u0105ca warszawskiej gminy \u017cydowskiej Anna Chipczy\u0144ska wystosowali do prezesa PiS list, [&hellip;]","protected":false},"author":1,"featured_media":0,"comment_status":"closed","ping_status":"closed","sticky":false,"template":"","format":"standard","meta":{"_acf_changed":false,"_monsterinsights_skip_tracking":false,"_monsterinsights_sitenote_active":false,"_monsterinsights_sitenote_note":"","_monsterinsights_sitenote_category":0,"ngg_post_thumbnail":0,"footnotes":"","_wp_rev_ctl_limit":""},"categories":[8],"tags":[48,98,18,37],"acf":[],"_links":{"self":[{"href":"https:\/\/www.bibula.com\/index.php?rest_route=\/wp\/v2\/posts\/98253"}],"collection":[{"href":"https:\/\/www.bibula.com\/index.php?rest_route=\/wp\/v2\/posts"}],"about":[{"href":"https:\/\/www.bibula.com\/index.php?rest_route=\/wp\/v2\/types\/post"}],"author":[{"embeddable":true,"href":"https:\/\/www.bibula.com\/index.php?rest_route=\/wp\/v2\/users\/1"}],"replies":[{"embeddable":true,"href":"https:\/\/www.bibula.com\/index.php?rest_route=%2Fwp%2Fv2%2Fcomments&post=98253"}],"version-history":[{"count":0,"href":"https:\/\/www.bibula.com\/index.php?rest_route=\/wp\/v2\/posts\/98253\/revisions"}],"wp:attachment":[{"href":"https:\/\/www.bibula.com\/index.php?rest_route=%2Fwp%2Fv2%2Fmedia&parent=98253"}],"wp:term":[{"taxonomy":"category","embeddable":true,"href":"https:\/\/www.bibula.com\/index.php?rest_route=%2Fwp%2Fv2%2Fcategories&post=98253"},{"taxonomy":"post_tag","embeddable":true,"href":"https:\/\/www.bibula.com\/index.php?rest_route=%2Fwp%2Fv2%2Ftags&post=98253"}],"curies":[{"name":"wp","href":"https:\/\/api.w.org\/{rel}","templated":true}]}}