{"id":98152,"date":"2017-11-15T11:34:33","date_gmt":"2017-11-15T16:34:33","guid":{"rendered":"http:\/\/www.bibula.com\/?p=98152"},"modified":"2017-11-15T11:44:02","modified_gmt":"2017-11-15T16:44:02","slug":"zydowski-tygodnik-straszy-polska-porownuje-marsz-niepodleglosci-do-pochodow-ku-klux-klanu","status":"publish","type":"post","link":"https:\/\/www.bibula.com\/?p=98152","title":{"rendered":"\u017bydowski tygodnik straszy Polsk\u0105. Por\u00f3wnuje Marsz Niepodleg\u0142o\u015bci do pochod\u00f3w Ku-Klux-Klanu"},"content":{"rendered":"<p><strong>Nie milkn\u0105 komentarze w sprawie tegorocznego Marszu Niepodleg\u0142o\u015bci. Tym razem swoj\u0105 cegie\u0142k\u0119 w szerzeniu antypolonizmu i lansowaniu k\u0142amstw na temat wydarzenia, w kt\u00f3rym uczestniczy\u0142o kilkadziesi\u0105t tysi\u0119cy Polak\u00f3w do\u0142o\u017cy\u0142 ameryka\u0144ski tygodnik \u201eThe Forward\u201d, powszechnie znany jako \u201eThe Jewish Daily Forward\u201d, wydawany przez \u015brodowiska \u017cydowskie.<\/strong><\/p>\r\n<p>Gazeta ju\u017c na samym pocz\u0105tku stwierdza, \u017ce tegoroczn\u0105 edycj\u0119 imprezy zorganizowa\u0142y \u201eskrajnie prawicowe i rasistowskie si\u0142y w Polsce\u201d, co sprawia, \u017ce mieszkaj\u0105cy w Polsce \u017bydzi \u201emog\u0105 si\u0119 martwi\u0107 bardziej ni\u017c kiedykolwiek\u201d.<\/p>\r\n<p>Gazeta powo\u0142uje si\u0119 na s\u0142owa naczelnego rabina Polski Michaela Schudricha, kt\u00f3ry mia\u0142 jej powiedzie\u0107, \u017ce Polacy (w domy\u015ble rasi\u015bci, nazi\u015bci i antysemici) \u201eucz\u0105 si\u0119 ukrywa\u0107, kim naprawd\u0119 s\u0105\u201d. &#8211; Prosz\u0119 mnie nie pyta\u0107, czy to lepiej, czy gorzej, \u017ce nie s\u0105 agresywni &#8211; mia\u0142 powiedzie\u0107 tygodnikowi rabin.<\/p>\r\n<p>\u201e\u00c5\u00b9r\u00f3d\u0142em zmartwie\u0144 dla \u017byd\u00f3w by\u0142y transparenty, w kt\u00f3rych dominowa\u0142y tematy bia\u0142ej supremacji, okrzyki pot\u0119piaj\u0105ce muzu\u0142ma\u0144skich imigrant\u00f3w, otwarcie eksponowane symbole partii faszystowskich, wezwania do chrze\u015bcija\u0144skiego triumfalizmu, has\u0142a, i\u017c czarni nie mog\u0105 by\u0107 Polakami oraz pot\u0119pienia \u017byd\u00f3w\u201d &#8211; potwierdza autor artyku\u0142u Larry Cohler-Esses. Jego zdaniem organizatorzy Marszu Niepodleg\u0142o\u015bci, czyli ONR i M\u0142odzie\u017c Wszechpolska to \u201eorganizacje znane przed i w czasie II wojny \u015bwiatowej z przemocy wobec \u017byd\u00f3w, w tym masakr\u201d.<\/p>\r\n<p>Kolejn\u0105 osob\u0105, w kt\u00f3rej \u201ebrunatna fala\u201d, jaka w sobot\u0119 przesz\u0142a przez Warszaw\u0119, wzbudzi\u0142a niepok\u00f3j, jest cytowany przez ameryka\u0144sk\u0105 gazet\u0119 Sergiusz Kowalski z \u017bydowskiego Stowarzyszenia B\u2019nai B\u2019rith w Rzeczypospolitej Polskiej. Zasugerowa\u0142 on, \u017ce nie mo\u017cna by\u0107 w stu procentach pewnym, \u017ce has\u0142a i banery, jakie mo\u017cna by\u0142o us\u0142ysze\u0107 i zauwa\u017cy\u0107 na imprezie nie zyska\u0142y aprobaty wszystkich uczestnik\u00f3w Marszu Niepodleg\u0142o\u015bci. Jego zdaniem sytuacj\u0119 t\u0119 mo\u017cna por\u00f3wna\u0107 do wydarze\u0144, jakie kilka miesi\u0119cy temu rozegra\u0142y si\u0119 na ulicach ameryka\u0144skiego miasta Charlottesville.<\/p>\r\n<p>\u201eR\u00f3\u017cnica polega\u0142a na tym, \u017ce zjednoczone si\u0142y skrajnej prawicy by\u0142y wielokrotnie wi\u0119ksze i mia\u0142o to miejsce w centrum stolicy Polski, tymczasem sierpniowe zdarzenia w Charlottesville przyci\u0105gn\u0119\u0142y tylko setki lub niewiele tysi\u0119cy\u201d &#8211; napisa\u0142 Larry Cohler-Esses i na potwierdzenie swojej tezy ponownie zacytowa\u0142 Kowalskiego, kt\u00f3ry stwierdzi\u0142: \u201eTo tak jakby Ku-Klux-Klan maszerowa\u0142 dziesi\u0105tkami tysi\u0119cy przez Waszyngton\u201d.<\/p>\r\n<p>&#8211; <em>Ten marsz by\u0142 naprawd\u0119 imponuj\u0105cy. By\u0142o kolorowo, z licznymi transparentami i racami; to co\u015b, czego nie mo\u017cesz udawa\u0107, \u017ce nie widzisz. Ale oni, prawicowy i nacjonalistyczny rz\u0105d Prawa i Sprawiedliwo\u015bci, udaj\u0105<\/em> &#8211; powiedzia\u0142 Kowalski.<\/p>\r\n<p>Cohler-Esses stwierdza ponadto, \u017ce polskie s\u0142u\u017cby nie zrobi\u0142y absolutnie nic w sprawie kontrowersyjnych transparent\u00f3w i wykrzykiwanych hase\u0142. Aby jeszcze bardziej wzmocni\u0107 przekaz atmosfery strachu wynikaj\u0105cego z rodz\u0105cego si\u0119 w Polsce nazizmu zacytowa\u0142 Jonathana Ornsteina &#8211; dyrektora wykonawczego \u017bydowskiego Domu Kultury w Krakowie, kt\u00f3ry powiedzia\u0142, \u017ce \u201eludzie s\u0105 przera\u017ceni. Uwa\u017caj\u0105, \u017ce rz\u0105d na to pozwala, a policja, kt\u00f3ra ma chroni\u0107 ludzi przed faszystami, daje im si\u0142\u0119\u201d.<\/p>\r\n<p>\u0179r\u00f3d\u0142o: rp.pl<\/p>\r\n<p>TK<\/p>\r\n<p class=\"zrodlo\">Za: <a href=\"http:\/\/www.pch24.pl\/zydowski-tygodnik-straszy-polska--porownuje-marsz-niepodleglosci-do-pochodow-ku-klux-klanu,56168,i.html\">PoloniaChristiana &#8211; pch24.pl (2017-11-15)<\/a><\/p>\r\n<blockquote>\r\n<p>[<strong>Wybrane wypowiedzi internaut\u00f3w pod w\/w tekstem na stronie \u017ar\u00f3d\u0142owej:<\/strong>]<\/p>\r\n<p>\u017bydzi pot\u0119piaj\u0105 w Polsce to co sami robi\u0105 w Izraelu! Sami d\u0105\u017c\u0105 by ich pa\u0144stwo by\u0142o tylko dla \u017byd\u00f3w, deportuj\u0105 nielegalnych imigrant\u00f3w, nie przyjmuj\u0105 uchod\u017ac\u00f3w z Syrii, boj\u0105 si\u0119 palesty\u0144skich muzu\u0142man\u00f3w. Raczej jest to strategia straszenia \u017byd\u00f3w w Europie, by przenie\u015bli si\u0119 do Izraela. Podobno ostatnio jaki\u015b rabin straszy\u0142, \u017ce mosziach nied\u0142ugo si\u0119 objawi i kto b\u0119dzie poza Izraelem nie zostanie zbawiony.<br>\r\n <em>strasz\u0105 sami siebie<\/em><\/p>\r\n<\/blockquote>\r\n<h4>&nbsp;<\/h4>\r\n<hr style=\"background-color: #000000; border-width: 0; color: #000000; height: 2px; line-height: 0; text-align: center; width: 100%;\">\r\n<h4>&nbsp;<\/h4>\r\n<h2>Najg\u0142o\u015bniej o &#8222;maszeruj\u0105cych nazistach&#8221; m\u00f3wi\u0105 kraje, kt\u00f3re kolaborowa\u0142y z III Rzesz\u0105<\/h2>\r\n<p>OPINIA: Paradoksem jest, \u017ce te kraje, kt\u00f3re w czasie wojny kolaborowa\u0142y z Niemcami, dzi\u015b ich przedstawiciele, politycy czy dziennikarze, ch\u0119tnie tropi\u0105 nazist\u00f3w w naszym kraju &#8211; powiedzia\u0142 na antenie Telewizji Republika CEP Ryszard Czarnecki, wiceprzewodnicz\u0105cy Parlamentu Europejskiego z PiS.<\/p>\r\n<p>&#8211; Warto zwr\u00f3ci\u0107 uwag\u0119 na szerszy kontekst. Tego typu publikacje to pewna walka ideologiczna. Polska jest rz\u0105dzona przez ugrupowanie prawicowe, kt\u00f3re ma bardzo du\u017ce poparcie, a to z kolei bardzo boli lewic\u0119 nie tylko w Polsce, ale w ca\u0142ej Europie &#8211; zaznaczy\u0142 p. Czarnecki. &#8211; Poza tym nasza gospodarka ro\u015bnie w si\u0142\u0119, co robi konkurencj\u0119 na ca\u0142ym \u015bwiecie i takie publikacje s\u0105 po to, by zagraniczni inwestorzy zastanowili si\u0119, czy na pewno chc\u0105 u nas inwestowa\u0107. Nikomu za naszymi granicami na tym nie zale\u017cy, wi\u0119c chc\u0105 jak najbardziej zniszczy\u0107 opini\u0119 na \u015bwiecie o naszym kraju &#8211; stwierdzi\u0142 uniopose\u0142 PiS.<\/p>\r\n<p>\u0179r\u00f3d\u0142o: telewizjarepublika.pl<\/p>\r\n<p>Opracowa\u0142: GK<\/p>\r\n<p class=\"zrodlo\">Za: <a href=\"http:\/\/korwin-mikke.pl\/ogolne\/zobacz\/najglosniej_o_maszerujacych_nazistach_mowia_kraje_ktore_kolaborowaly_z_iii_rzesza\/155690\">korwin-mikke.pl (15-11-2017)<\/a><\/p>\r\n<h4>&nbsp;<\/h4>\r\n<hr style=\"background-color: #000000; border-width: 0; color: #000000; height: 2px; line-height: 0; text-align: center; width: 100%;\">\r\n<h4>&nbsp;<\/h4>","protected":false},"excerpt":{"rendered":"Nie milkn\u0105 komentarze w sprawie tegorocznego Marszu Niepodleg\u0142o\u015bci. Tym razem swoj\u0105 cegie\u0142k\u0119 w szerzeniu antypolonizmu i lansowaniu k\u0142amstw na temat wydarzenia, w kt\u00f3rym uczestniczy\u0142o kilkadziesi\u0105t tysi\u0119cy Polak\u00f3w do\u0142o\u017cy\u0142 ameryka\u0144ski tygodnik \u201eThe Forward\u201d, powszechnie znany jako \u201eThe Jewish Daily Forward\u201d, wydawany przez \u015brodowiska \u017cydowskie. Gazeta ju\u017c na samym pocz\u0105tku stwierdza, \u017ce tegoroczn\u0105 edycj\u0119 imprezy zorganizowa\u0142y \u201eskrajnie [&hellip;]","protected":false},"author":1,"featured_media":0,"comment_status":"closed","ping_status":"closed","sticky":false,"template":"","format":"standard","meta":{"_acf_changed":false,"_monsterinsights_skip_tracking":false,"_monsterinsights_sitenote_active":false,"_monsterinsights_sitenote_note":"","_monsterinsights_sitenote_category":0,"ngg_post_thumbnail":0,"footnotes":"","_wp_rev_ctl_limit":""},"categories":[6],"tags":[349,65,98,18],"acf":[],"_links":{"self":[{"href":"https:\/\/www.bibula.com\/index.php?rest_route=\/wp\/v2\/posts\/98152"}],"collection":[{"href":"https:\/\/www.bibula.com\/index.php?rest_route=\/wp\/v2\/posts"}],"about":[{"href":"https:\/\/www.bibula.com\/index.php?rest_route=\/wp\/v2\/types\/post"}],"author":[{"embeddable":true,"href":"https:\/\/www.bibula.com\/index.php?rest_route=\/wp\/v2\/users\/1"}],"replies":[{"embeddable":true,"href":"https:\/\/www.bibula.com\/index.php?rest_route=%2Fwp%2Fv2%2Fcomments&post=98152"}],"version-history":[{"count":0,"href":"https:\/\/www.bibula.com\/index.php?rest_route=\/wp\/v2\/posts\/98152\/revisions"}],"wp:attachment":[{"href":"https:\/\/www.bibula.com\/index.php?rest_route=%2Fwp%2Fv2%2Fmedia&parent=98152"}],"wp:term":[{"taxonomy":"category","embeddable":true,"href":"https:\/\/www.bibula.com\/index.php?rest_route=%2Fwp%2Fv2%2Fcategories&post=98152"},{"taxonomy":"post_tag","embeddable":true,"href":"https:\/\/www.bibula.com\/index.php?rest_route=%2Fwp%2Fv2%2Ftags&post=98152"}],"curies":[{"name":"wp","href":"https:\/\/api.w.org\/{rel}","templated":true}]}}