{"id":98069,"date":"2017-11-09T14:27:29","date_gmt":"2017-11-09T19:27:29","guid":{"rendered":"http:\/\/www.bibula.com\/?p=98069"},"modified":"2017-11-09T14:27:29","modified_gmt":"2017-11-09T19:27:29","slug":"rodziny-ofiar-upa-pisza-do-ministra-waszczykowskiego-czy-odpowie","status":"publish","type":"post","link":"https:\/\/www.bibula.com\/?p=98069","title":{"rendered":"Rodziny ofiar UPA pisz\u0105 do ministra Waszczykowskiego. Czy odpowie?"},"content":{"rendered":"<p>Zamo\u015b\u0107, 26 pa\u017adziernika 2017 r.<br>\r\n L.dz. KRS 63085\/35\/10\/17<\/p>\r\n<p>Szanowny Pan<br>\r\n Witold Waszczykowski<br>\r\n Minister Spraw Zagranicznych<\/p>\r\n<p>Zarz\u0105d Stowarzyszenia Upami\u0119tniania Polak\u00f3w Pomordowanych na Wo\u0142yniu z siedzib\u0105 w Zamo\u015bciu informuje, i\u017c za zgod\u0105 i wsparciem finansowym, Rada Ochrony Pami\u0119ci Walk i M\u0119cze\u0144stwa w Warszawie w okresie od 1992 do 2013 roku postawi\u0142 w 31 miejscowo\u015bciach na Wo\u0142yniu Krzy\u017ce Pami\u0119ci zbiorowych mord\u00f3w. Na krzy\u017cach umocowano tabliczki z napisem o tre\u015bci np. \u201e1617 Polakom mieszka\u0144com Gminy Werba, kt\u00f3rzy zgin\u0119li w 1943 roku. Na wieczn\u0105 pami\u0119\u0107 Rodacy.\u201d<\/p>\r\n<p><img fetchpriority=\"high\" decoding=\"async\" class=\"aligncenter\" src=\"http:\/\/isakowicz.pl\/wp-content\/uploads\/2016\/10\/dwukrotnie-300x266.jpg\" width=\"599\" height=\"531\"><\/p>\r\n<p>W dniu 21 pa\u017adziernika 2017 roku Wo\u0142yniacy udali si\u0119 z pielgrzymk\u0105 z okazji Dnia Wszystkich \u015awi\u0119tych na Wo\u0142y\u0144 pod 11 Krzy\u017cy, celem zapalenia zniczy, z\u0142o\u017cenia wie\u0144c\u00f3w i odm\u00f3wienia modlitwy.<br>\r\n Krzy\u017ce stoj\u0105ce na Ziemiach II Rzeczpospolitej Polskiej s\u0105 dla \u015bwiatk\u00f3w ludob\u00f3jstwa banderowskiego pomnikiem pami\u0119ci i cierpienia zam\u0119czonych Rodak\u00f3w.<\/p>\r\n<p>Krzy\u017c zawsze budzi\u0142 szacunek i nikt nie wa\u017cy\u0142 si\u0119 naruszy\u0107 tej \u015bwi\u0119to\u015bci. Ale takie przekonanie jest obce ukrai\u0144skim banderowcom, kt\u00f3rzy wymordowali oko\u0142o 70 tysi\u0119cy, bezbronnej niewinnej ludno\u015bci polskiej na Wo\u0142yniu.<br>\r\n Od 2015 roku do chwili obecnej krzy\u017ce systematycznie s\u0105 profanowane, a mianowicie na 11 odwiedzin miejsc pami\u0119ci (21.10.2017 r.) w 10 uszkodzono tabliczki na krzy\u017cach przez zamalowanie liczby ofiar ludob\u00f3jstwa danej miejscowo\u015bci, uszkodzenie ogrodzenia, zrywanie i ca\u0142kowite niszczenie tabliczek.<\/p>\r\n<p>O tego rodzaju dewastacji informowano w 2015 roku Rad\u0119 Ochrony Pami\u0119ci Walk i M\u0119cze\u0144stwa w Warszawie oraz Konsula w \u0141ucku. (Pani Konsul w \u0141ucku, kt\u00f3ra bra\u0142a udzia\u0142 we mszy polowej w Swojczowie 11.07.2015 r. pokazano tabliczk\u0119 na krzy\u017cu z zamalowan\u0105 liczb\u0105 ofiar tej miejscowo\u015bci).<\/p>\r\n<p>Jad\u0105c do Swojczowa 11.07.2015 r. na msz\u0119 za pomordowanych, po drodze zapalali\u015bmy znicze w miejscowo\u015bciach: Funduma &#8211; liczba zamordowanych 260 os\u00f3b, Werba &#8211; liczba zamordowanych 1617 os\u00f3b, Helen\u00f3wka &#8211; liczba zamordowanych 110 os\u00f3b, Mogilno &#8211; liczba zamordowanych 69 os\u00f3b, Dominopol &#8211; liczba zamordowanych 49 os\u00f3b, Swojcz\u00f3w &#8211; liczba zamordowanych 196 os\u00f3b, Skurcz &#8211; liczba zamordowanych 1630 os\u00f3b.<br>\r\n We wszystkich ww. miejscowo\u015bciach zamalowane by\u0142y liczby ilo\u015bci ofiar.<\/p>\r\n<p>W ci\u0105gu dw\u00f3ch lat tak uszkodzone tablice zmuszeni byli\u015bmy wymieni\u0107 kilkakrotnie, a tym samym ponosi\u0107 koszty (dojazd na Wo\u0142y\u0144, wykonanie nowych tablic, zawieszenie na kilkumetrowe krzy\u017ce).<\/p>\r\n<p>P<em>a<\/em>nie Ministrze, my \u015bwiadkowie ludob\u00f3jstwa banderowskiego wiemy, \u017ce nie doczekamy si\u0119 godnego poch\u00f3wku naszych najbli\u017cszych na Wo\u0142yniu, bowiem dla Pana priorytetem jest Ukraina i tak\u0105 polityk\u0119 Pan prowadzi.<\/p>\r\n<p>Prosimy, aby Pan wykaza\u0142 odrobi\u0119 dobrej woli za po\u015brednictwem Ambasadora polskiego oraz Konsulat\u00f3w na Ukrainie, doprowadzi\u0142 do zaprzestania dewastowania naszych Krzy\u017cy &#8211; miejsc pami\u0119ci narodowej. Pragn\u0119 zaznaczy\u0107 raz jeszcze, \u017ce te upami\u0119tnienia powsta\u0142y dzi\u0119ki zaanga\u017cowaniu rodzin pomordowanych. Pa\u0144stwo Polskie od ponad \u0107wier\u0107 wieku pozostaje oboj\u0119tne na losy szcz\u0105tk\u00f3w dziesi\u0105tk\u00f3w tysi\u0119cy swych wsp\u00f3\u0142obywateli, kt\u00f3rzy zgin\u0119li w okropny spos\u00f3b z r\u0105k oprawc\u00f3w, kt\u00f3rych obecnie czci si\u0119 na Ukrainie. Polski, jako partnera strategicznego tego kraju nie sta\u0107 nawet na to, \u017ceby ochroni\u0107 tych kilka Krzy\u017cy, kt\u00f3re jako pa\u0144stwo europejskie i chrze\u015bcija\u0144skie nie potrafi\u0142o postawi\u0107 oddaj\u0105c ostatni\u0105 pos\u0142ug\u0119 bestialsko mordowanym Polakom, i upomnie\u0107 si\u0119 o ich honor, pami\u0119\u0107 i godny poch\u00f3wek.<\/p>\r\n<p>Do wiadomo\u015bci:<br>\r\n 1. Pani Premier Beaty Szyd\u0142o<br>\r\n 2. Pana Prezesa PiS Jaros\u0142awa Kaczy\u0144skiego<\/p>\r\n<p>Za\u0142\u0105czniki:<br>\r\n 1) Zdj\u0119cia uszkodzonych Krzy\u017cy Pami\u0119ci i tablic.<br>\r\n 2) Ukrai\u0144skie gwa\u0142ty na polkach temat zakazany.<br>\r\n 3) Referat dot. ustale\u0144 w sprawie zbrodni pope\u0142nionych przez nacjonalist\u00f3w ukrai\u0144skich na Wo\u0142yniu, na ludno\u015bci narodowo\u015bci Polskiej w latach 1939 &#8211; 1945.<br>\r\n 4) \u201eJeste\u015bmy na Ukrainie po to, \u017ceby wyj\u015b\u0107 z impasu ws. poszukiwa\u0144 miejsc poch\u00f3wk\u00f3w Polak\u00f3w\u201d &#8211; Kresy24.pl\/na podstawie Dzieje.pl (HHG).<br>\r\n 5) \u00abZrodzili\u015bmy si\u0119\u00bb. \u015apiewnik pie\u015bni nacjonalistycznych. Cz\u0119\u015b\u0107 I, B.m., 1940, marzec 1940.<br>\r\n 6) Wo\u0142y\u0144, Karta 46, \u201eLato 1943\u201d, Barbara Odnous.<\/p>\r\n<p class=\"zrodlo\">Za: <a href=\"http:\/\/isakowicz.pl\/rodziny-ofiar-upa-pisza-do-ministra-waszczykowskiego-czy-odpowie\/\">Rozmy\u015blania w blogu &#8211; isakowicz.pl (9 listopada 2017)<\/a><\/p>\r\n<h4>&nbsp;<\/h4>\r\n<hr style=\"background-color: #000000; border-width: 0; color: #000000; height: 2px; line-height: 0; text-align: center; width: 100%;\">\r\n<h4>&nbsp;<\/h4>\r\n<h2>Rzymkowski dla Kres\u00f3w.pl: PiS w kwestii relacji polsko-ukrai\u0144skich to patrioci bezobjawowi<\/h2>\r\n<p><strong>Je\u015bli teraz jest taka oficjalna narracja PiSu, \u017ce \u201emy to zrobili\u015bmy dla pana prezydenta\u201d, to jest to sugestia, \u017ce to prezydent za to odpowiada &#8211; m\u00f3wi Kresom.pl pose\u0142 Tomasz Rzymkowski (Kukiz\u201915), komentuj\u0105c kolejne zablokowanie przez PiS ustawy o penalizacji banderyzmu.<\/strong><\/p>\r\n<p>Wczoraj, jak informowali\u015bmy, poselski projekt ustawy autorstwa pos\u0142\u00f3w Kukiz\u201915 ws. penalizacji banderyzmu w Polsce <a href=\"https:\/\/kresy.pl\/wydarzenia\/pilne-pis-zablokowal-ustawe-k15-o-penalizacji-banderyzmu\/\">zosta\u0142 zdj\u0119ty z porz\u0105dku obrad Sejmu<\/a>. W ubieg\u0142ym tygodniu informowali\u015bmy, \u017ce po roku w \u201esejmowej zamra\u017carce\u201d, ustawa mia\u0142a trafi\u0107 pod obrady. Jednak dzi\u015b rano pos\u0142owie Kukiz\u201915 poinformowali, \u017ce punkt ten zosta\u0142 usuni\u0119ty z porz\u0105dku obrad 51 posiedzenia Sejmu, praktycznie w ostatnim momencie. Pos\u0142owie zostali o tym poinformowani na godzin\u0119 przed rozpocz\u0119ciem obrad.<\/p>\r\n<p class=\"zrodlo\">Za: <a href=\"https:\/\/kresy.pl\/wydarzenia\/rzymkowski-dla-kresow-pl-pis-ws-relacji-polsko-ukrainskich-patrioci-bezobjawowi\/\">Kresy.pl (<span class=\"post-meta-infos\">9 listopada 2017<\/span>)<\/a><\/p>\r\n<h4>&nbsp;<\/h4>\r\n<hr style=\"background-color: #000000; border-width: 0; color: #000000; height: 2px; line-height: 0; text-align: center; width: 100%;\">\r\n<h4>&nbsp;<\/h4>","protected":false},"excerpt":{"rendered":"Zamo\u015b\u0107, 26 pa\u017adziernika 2017 r. L.dz. KRS 63085\/35\/10\/17 Szanowny Pan Witold Waszczykowski Minister Spraw Zagranicznych Zarz\u0105d Stowarzyszenia Upami\u0119tniania Polak\u00f3w Pomordowanych na Wo\u0142yniu z siedzib\u0105 w Zamo\u015bciu informuje, i\u017c za zgod\u0105 i wsparciem finansowym, Rada Ochrony Pami\u0119ci Walk i M\u0119cze\u0144stwa w Warszawie w okresie od 1992 do 2013 roku postawi\u0142 w 31 miejscowo\u015bciach na Wo\u0142yniu Krzy\u017ce [&hellip;]","protected":false},"author":1,"featured_media":0,"comment_status":"closed","ping_status":"closed","sticky":false,"template":"","format":"standard","meta":{"_acf_changed":false,"_monsterinsights_skip_tracking":false,"_monsterinsights_sitenote_active":false,"_monsterinsights_sitenote_note":"","_monsterinsights_sitenote_category":0,"ngg_post_thumbnail":0,"footnotes":"","_wp_rev_ctl_limit":""},"categories":[8],"tags":[98,188],"acf":[],"_links":{"self":[{"href":"https:\/\/www.bibula.com\/index.php?rest_route=\/wp\/v2\/posts\/98069"}],"collection":[{"href":"https:\/\/www.bibula.com\/index.php?rest_route=\/wp\/v2\/posts"}],"about":[{"href":"https:\/\/www.bibula.com\/index.php?rest_route=\/wp\/v2\/types\/post"}],"author":[{"embeddable":true,"href":"https:\/\/www.bibula.com\/index.php?rest_route=\/wp\/v2\/users\/1"}],"replies":[{"embeddable":true,"href":"https:\/\/www.bibula.com\/index.php?rest_route=%2Fwp%2Fv2%2Fcomments&post=98069"}],"version-history":[{"count":0,"href":"https:\/\/www.bibula.com\/index.php?rest_route=\/wp\/v2\/posts\/98069\/revisions"}],"wp:attachment":[{"href":"https:\/\/www.bibula.com\/index.php?rest_route=%2Fwp%2Fv2%2Fmedia&parent=98069"}],"wp:term":[{"taxonomy":"category","embeddable":true,"href":"https:\/\/www.bibula.com\/index.php?rest_route=%2Fwp%2Fv2%2Fcategories&post=98069"},{"taxonomy":"post_tag","embeddable":true,"href":"https:\/\/www.bibula.com\/index.php?rest_route=%2Fwp%2Fv2%2Ftags&post=98069"}],"curies":[{"name":"wp","href":"https:\/\/api.w.org\/{rel}","templated":true}]}}