{"id":98005,"date":"2017-11-02T12:38:24","date_gmt":"2017-11-02T16:38:24","guid":{"rendered":"http:\/\/www.bibula.com\/?p=98005"},"modified":"2017-11-02T12:38:24","modified_gmt":"2017-11-02T16:38:24","slug":"ban-za-lutra-youtube-zlikwidowal-kanal-promujacy-najnowszy-film-grzegorza-brauna","status":"publish","type":"post","link":"https:\/\/www.bibula.com\/?p=98005","title":{"rendered":"Ban za Lutra. YouTube zlikwidowa\u0142 kana\u0142 promuj\u0105cy najnowszy film Grzegorza Brauna"},"content":{"rendered":"<p><strong>Administracja YouTube zlikwidowa\u0142a kana\u0142 Braun Movies, na kt\u00f3rym opublikowany zosta\u0142 zwiastun filmu \u201eLuter i rewolucja protestancka\u201d. Jak informuj\u0105 tw\u00f3rcy kana\u0142u, sta\u0142o si\u0119 to bez jakiegokolwiek sygna\u0142u czy te\u017c uprzedzenia ze strony YouTube. <\/strong><\/p>\r\n<p>Trwaj\u0105 prace nad najnowszym filmem dokumentalnym w re\u017cyserii Grzegorza Brauna \u201eLuter i rewolucja protestancka\u201d. Cho\u0107 dzie\u0142o jeszcze nie ujrza\u0142o \u015bwiat\u0142a dziennego, to ju\u017c napotyka op\u00f3r.<\/p>\r\n<p>W ostatnim czasie dzia\u0142alno\u015b\u0107 kana\u0142u Braun Movies w serwisie YouTube, na kt\u00f3rym promowany by\u0142 klip zwiastuj\u0105cy film o Marcinie Lutrze, zosta\u0142a ocenzurowana. \u201eKonto zosta\u0142o zamkni\u0119te z powodu wielokrotnych lub powa\u017cnych narusze\u0144 zasad YouTube, kt\u00f3re dotycz\u0105 spamu, nieuczciwych praktyk i tre\u015bci wprowadzaj\u0105cych w b\u0142\u0105d, lub innych narusze\u0144 Warunk\u00f3w korzystania z us\u0142ugi\u201d &#8211; brzmia\u0142 komunikat. Teraz u\u017cytkownicy otrzymuj\u0105 informacj\u0119, \u017ce konto nie istnieje.<\/p>\r\n<p>&#8211; <em>Odbieram takie dzia\u0142anie jako swoisty komplement<\/em> &#8211; powiedzia\u0142 nam Grzegorz Braun. Jak zauwa\u017cy\u0142 re\u017cyser, takie dzia\u0142ania to dow\u00f3d na to, \u017ce bunt Marcina Lutra i jego tragiczne nast\u0119pstwa relacjonowane nie w tonie sentymentalno-ekumenicznym nie s\u0105 poprawne politycznie. &#8211; <em>Najwyra\u017aniej w prze\u015bwicie kosiarki poprawno\u015bci politycznej nie mie\u015bci si\u0119 nawet proste przypominanie fakt\u00f3w zwi\u0105zanych z wyst\u0105pieniem Marcina Lutra sprzed 500 laty<\/em> &#8211; doda\u0142 Grzegorz Braun.<\/p>\r\n<p>Administratorzy zlikwidowanego kana\u0142u podejrzewaj\u0105, \u017ce posz\u0142o o zwiastun filmu \u201eLuter i rewolucja protestancka\u201d, w kt\u00f3rym wypowiada si\u0119 prof. Grzegorz Kucharczyk i m\u00f3wi o Lutrze jako pierwszym F\u00fchrerze Niemiec. To jednak tylko domys\u0142y, bo administrator konta nie otrzyma\u0142 \u017cadnej informacji od serwisu YouTube.<\/p>\r\n<p><a href=\"https:\/\/vimeo.com\/240890131\"><span style=\"text-decoration: underline;\">Zwiastun filmu oraz kolejne materia\u0142y promocyjne udost\u0119pniane b\u0119d\u0105 na kanale Vimeo<\/span><\/a> oraz drugim kanale Braun Movies na YouTube.<\/p>\r\n<p>Premiera filmu ju\u017c 12 listopada 2017 roku!<\/p>\r\n<p>MA<\/p>","protected":false},"excerpt":{"rendered":"Administracja YouTube zlikwidowa\u0142a kana\u0142 Braun Movies, na kt\u00f3rym opublikowany zosta\u0142 zwiastun filmu \u201eLuter i rewolucja protestancka\u201d. Jak informuj\u0105 tw\u00f3rcy kana\u0142u, sta\u0142o si\u0119 to bez jakiegokolwiek sygna\u0142u czy te\u017c uprzedzenia ze strony YouTube. Trwaj\u0105 prace nad najnowszym filmem dokumentalnym w re\u017cyserii Grzegorza Brauna \u201eLuter i rewolucja protestancka\u201d. Cho\u0107 dzie\u0142o jeszcze nie ujrza\u0142o \u015bwiat\u0142a dziennego, to ju\u017c [&hellip;]","protected":false},"author":1,"featured_media":0,"comment_status":"closed","ping_status":"closed","sticky":false,"template":"","format":"standard","meta":{"_acf_changed":false,"_monsterinsights_skip_tracking":false,"_monsterinsights_sitenote_active":false,"_monsterinsights_sitenote_note":"","_monsterinsights_sitenote_category":0,"ngg_post_thumbnail":0,"footnotes":"","_wp_rev_ctl_limit":""},"categories":[12],"tags":[16,155,344,238,321],"acf":[],"_links":{"self":[{"href":"https:\/\/www.bibula.com\/index.php?rest_route=\/wp\/v2\/posts\/98005"}],"collection":[{"href":"https:\/\/www.bibula.com\/index.php?rest_route=\/wp\/v2\/posts"}],"about":[{"href":"https:\/\/www.bibula.com\/index.php?rest_route=\/wp\/v2\/types\/post"}],"author":[{"embeddable":true,"href":"https:\/\/www.bibula.com\/index.php?rest_route=\/wp\/v2\/users\/1"}],"replies":[{"embeddable":true,"href":"https:\/\/www.bibula.com\/index.php?rest_route=%2Fwp%2Fv2%2Fcomments&post=98005"}],"version-history":[{"count":0,"href":"https:\/\/www.bibula.com\/index.php?rest_route=\/wp\/v2\/posts\/98005\/revisions"}],"wp:attachment":[{"href":"https:\/\/www.bibula.com\/index.php?rest_route=%2Fwp%2Fv2%2Fmedia&parent=98005"}],"wp:term":[{"taxonomy":"category","embeddable":true,"href":"https:\/\/www.bibula.com\/index.php?rest_route=%2Fwp%2Fv2%2Fcategories&post=98005"},{"taxonomy":"post_tag","embeddable":true,"href":"https:\/\/www.bibula.com\/index.php?rest_route=%2Fwp%2Fv2%2Ftags&post=98005"}],"curies":[{"name":"wp","href":"https:\/\/api.w.org\/{rel}","templated":true}]}}