{"id":97978,"date":"2017-10-31T09:48:31","date_gmt":"2017-10-31T13:48:31","guid":{"rendered":"http:\/\/www.bibula.com\/?p=97978"},"modified":"2017-10-31T09:48:31","modified_gmt":"2017-10-31T13:48:31","slug":"tygodnik-powszechny-promuje-halloween-a-jezuita-kramer-pochwala-samobojstwo","status":"publish","type":"post","link":"https:\/\/www.bibula.com\/?p=97978","title":{"rendered":"&#8222;Tygodnik Powszechny&#8221; promuje Halloween, a jezuita Kramer pochwala samob\u00f3jstwo"},"content":{"rendered":"<p>Dzi\u015b rodziny katolickie wraz ze swymi dzie\u0107mi wezm\u0105 udzia\u0142 w Orszakach \u015awi\u0119tych. Z kolei pseudo-katolicki <strong>\u201eTygodnik Powszechny\u201d, zajmuj\u0105cy lokal w budynki kurii arcybiskupiej w Krakowie<\/strong>, atakuje ksi\u0119\u017cy katolickich z P\u0142ocka&nbsp; i <a href=\"https:\/\/www.tygodnikpowszechny.pl\/dosc-wzbudzania-kato-leku-150630\"><span style=\"text-decoration: underline;\">promuje poga\u0144ski Haloween, zach\u0119caj\u0105c do wykonywania potwor\u00f3w z dyni<\/span>. <\/a><\/p>\r\n<p>Chyba za\u0142o\u017cyciele tego niegdy\u015b katolickiego pisma przewracaj\u0105 si\u0119 w grobie!<\/p>\r\n<p>W grobie przewraca si\u0119 chyba te\u017c \u015bwi\u0119ci polscy jezuici Andrzej Bobola i Stanis\u0142aw Kostka, widz\u0105c z nieba jakie potworne herezje wypisuje \u201epost\u0119powy\u201d jezuita Grzegorz Kramer, proboszcz z Opola, kt\u00f3ry pochwala samob\u00f3jstwo, nazywaj\u0105c je \u201eaktem odwagi\u201d. Czy\u017cby&nbsp; w tym zas\u0142u\u017conym dla Ko\u015bcio\u0142a, z kt\u00f3re wyszed\u0142 papie\u017c Franciszek, przesta\u0142o ju\u017c obowi\u0105zywa\u0107 v przykazanie?<\/p>\r\n<p>Co na to biskup ordynariusz diecezji opolskiej i prowincja\u0142 jezuit\u00f3w?<\/p>\r\n<p><span style=\"text-decoration: underline;\"><a href=\"http:\/\/niezlomni.com\/trudno-uwierzyc-ksiadz-napisal-smierci-mezczyzny-ktory-podpalil-sie-centrum-warszawy-rafal-ziemkiewicz-komentuje-kosciol-naprawde-opalach\/\">Czytaj wi\u0119cej&nbsp; <\/a><\/span><\/p>\r\n<p>To autentyczna walka Dobra ze Z\u0142em. Zadecyduj sam, co wybierasz, \u015awi\u0119tych Pa\u0144skich czy potwory?<\/p>\r\n<p><strong><em>Ks. Tadeusz Isakowicz-Zaleski<\/em><\/strong><\/p>","protected":false},"excerpt":{"rendered":"Dzi\u015b rodziny katolickie wraz ze swymi dzie\u0107mi wezm\u0105 udzia\u0142 w Orszakach \u015awi\u0119tych. Z kolei pseudo-katolicki \u201eTygodnik Powszechny\u201d, zajmuj\u0105cy lokal w budynki kurii arcybiskupiej w Krakowie, atakuje ksi\u0119\u017cy katolickich z P\u0142ocka&nbsp; i promuje poga\u0144ski Haloween, zach\u0119caj\u0105c do wykonywania potwor\u00f3w z dyni. Chyba za\u0142o\u017cyciele tego niegdy\u015b katolickiego pisma przewracaj\u0105 si\u0119 w grobie! W grobie przewraca si\u0119 chyba [&hellip;]","protected":false},"author":1,"featured_media":0,"comment_status":"closed","ping_status":"closed","sticky":false,"template":"","format":"standard","meta":{"_acf_changed":false,"_monsterinsights_skip_tracking":false,"_monsterinsights_sitenote_active":false,"_monsterinsights_sitenote_note":"","_monsterinsights_sitenote_category":0,"ngg_post_thumbnail":0,"footnotes":"","_wp_rev_ctl_limit":""},"categories":[5],"tags":[309,98,60,159,33],"acf":[],"_links":{"self":[{"href":"https:\/\/www.bibula.com\/index.php?rest_route=\/wp\/v2\/posts\/97978"}],"collection":[{"href":"https:\/\/www.bibula.com\/index.php?rest_route=\/wp\/v2\/posts"}],"about":[{"href":"https:\/\/www.bibula.com\/index.php?rest_route=\/wp\/v2\/types\/post"}],"author":[{"embeddable":true,"href":"https:\/\/www.bibula.com\/index.php?rest_route=\/wp\/v2\/users\/1"}],"replies":[{"embeddable":true,"href":"https:\/\/www.bibula.com\/index.php?rest_route=%2Fwp%2Fv2%2Fcomments&post=97978"}],"version-history":[{"count":0,"href":"https:\/\/www.bibula.com\/index.php?rest_route=\/wp\/v2\/posts\/97978\/revisions"}],"wp:attachment":[{"href":"https:\/\/www.bibula.com\/index.php?rest_route=%2Fwp%2Fv2%2Fmedia&parent=97978"}],"wp:term":[{"taxonomy":"category","embeddable":true,"href":"https:\/\/www.bibula.com\/index.php?rest_route=%2Fwp%2Fv2%2Fcategories&post=97978"},{"taxonomy":"post_tag","embeddable":true,"href":"https:\/\/www.bibula.com\/index.php?rest_route=%2Fwp%2Fv2%2Ftags&post=97978"}],"curies":[{"name":"wp","href":"https:\/\/api.w.org\/{rel}","templated":true}]}}