{"id":97972,"date":"2017-10-30T19:36:20","date_gmt":"2017-10-30T23:36:20","guid":{"rendered":"http:\/\/www.bibula.com\/?p=97972"},"modified":"2017-10-30T19:36:20","modified_gmt":"2017-10-30T23:36:20","slug":"delegacja-protestantow-w-watykanie-promowala-kaplanstwo-kobiet","status":"publish","type":"post","link":"https:\/\/www.bibula.com\/?p=97972","title":{"rendered":"Delegacja protestant\u00f3w w Watykanie promowa\u0142a kap\u0142a\u0144stwo kobiet"},"content":{"rendered":"<p><strong>Papie\u017c spotka\u0142 si\u0119 z delegacj\u0105 prezbiterian ze Szkocji na kilka dni przed niedziel\u0105 upami\u0119tniaj\u0105c\u0105 500-lecie rewolucji Marcina Lutra. Franciszek wskaza\u0142, \u017ce po wielu latach nieufno\u015bci i tragicznych walkach, teraz katolicy i protestanci \u201epod\u0105\u017caj\u0105 drog\u0105 pokornej mi\u0142o\u015bci, kt\u00f3ra prowadzi do przezwyci\u0119\u017cenia podzia\u0142u i uzdrowienia\u201d oraz wsp\u00f3\u0142pracuj\u0105 razem, aby s\u0142u\u017cy\u0107 ubogim i promowa\u0107 sprawiedliwo\u015b\u0107, a tak\u017ce broni\u0107 praw prze\u015bladowanych chrze\u015bcijan.<\/strong><\/p>\r\n<p><em>&#8211; \u0141aska Bo\u017ca i dziesi\u0119ciolecia dialogu ekumenicznego umo\u017cliwi\u0142y katolikom i protestantom uczci\u0107 500. rocznic\u0119 reformacji, akcentuj\u0105c wsp\u00f3lny chrzest i wiar\u0119 w Jezusa<\/em> &#8211; powiedzia\u0142 Franciszek na powitanie delegacji.<\/p>\r\n<p>Papie\u017c dzi\u0119kowa\u0142 Panu \u201eza wielki dar \u017cycia w prawdziwym braterstwie, ju\u017c nie jako przeciwnicy, po d\u0142ugich stuleciach wyobcowania i konflikt\u00f3w\u201d. Ojciec \u015bwi\u0119ty zaznaczy\u0142, \u017ce jednym z \u201eowoc\u00f3w ekumenicznej podr\u00f3\u017cy jest wzajemne oczyszczenie pami\u0119ci\u201d.<\/p>\r\n<p>Spotkanie odby\u0142o si\u0119 26 pa\u017adziernika, zaledwie cztery dni przed niedziel\u0105 reformacji, maj\u0105c\u0105 upami\u0119tni\u0107 500-lecie rewolucji zainicjowanej przez Marcina Lutra, kt\u00f3ry przybi\u0142 na drzwiach ko\u015bcio\u0142a w Wittenberdze 95 swoich tez, kwestionuj\u0105cych nauczanie Ko\u015bcio\u0142a.<\/p>\r\n<p>Franciszek powiedzia\u0142, \u017ce \u201edzi\u0119ki \u0142asce Bo\u017cej, dzi\u0119ki podr\u00f3\u017cy ekumenicznej, kt\u00f3ra pozwoli\u0142a nam wzrasta\u0107 we wzajemnym zrozumieniu, zaufaniu i wsp\u00f3\u0142pracy, uczczenie tej rocznicy sta\u0142o si\u0119 mo\u017cliwe\u201d.<\/p>\r\n<p><em>&#8211; Przesz\u0142o\u015b\u0107 nie mo\u017ce by\u0107 zmieniona, ale dzi\u015b w ko\u0144cu widzimy si\u0119 wzajemnie tak, jak B\u00f3g widzi nas. Przede wszystkim jeste\u015bmy dzie\u0107mi, odradzaj\u0105cymi si\u0119 w Chrystusie przez jeden chrzest, a wi\u0119c i bra\u0107mi, i siostrami. Przez tak d\u0142ugi czas patrzyli\u015bmy na siebie z daleka,(\u2026) \u017cywi\u0105c podejrzenia, opieraj\u0105c si\u0119 na r\u00f3\u017cnicach, b\u0142\u0119dach, z sercami chc\u0105cymi si\u0119 oskar\u017ca\u0107 za z\u0142o z przesz\u0142o\u015bci &nbsp;&#8211;<\/em> m\u00f3wi\u0142 papie\u017c.<\/p>\r\n<p>Franciszek zauwa\u017cy\u0142, \u017ce teraz katolicy i protestanci \u201epod\u0105\u017caj\u0105 drog\u0105 pokornej mi\u0142o\u015bci, kt\u00f3ra prowadzi do przezwyci\u0119\u017cenia podzia\u0142u i uzdrowienia\u201d. \u201eWsp\u00f3\u0142pracuj\u0105 razem, aby s\u0142u\u017cy\u0107 ubogim i promowa\u0107 sprawiedliwo\u015b\u0107\u201d, \u201ebroni\u0105 praw prze\u015bladowanych chrze\u015bcijan\u201d.<\/p>\r\n<p>Pastor Derek Browning, moderator ko\u015bcio\u0142a Szkocji stwierdzi\u0142, \u017ce m\u0105drzy ludzie \u201epowiedz\u0105 nam, \u017ce musimy m\u00f3wi\u0107 prawd\u0119 w mi\u0142o\u015bci, ale w pierwszej kolejno\u015bci musimy rozmawia\u0107 razem. I to nie tylko s\u0142ownie, ale tak\u017ce poprzez dzia\u0142ania\u201d. Doda\u0142, \u017ce \u201eprawda, \u015bwiat\u0142o i mi\u0142o\u015b\u0107 to rzeczy, kt\u00f3re wymieniamy ze sob\u0105\u201d.<\/p>\r\n<p>Protestancki duchowny przypomnia\u0142, \u017ce w przysz\u0142ym roku \u015bwi\u0119towa\u0107 b\u0119d\u0105 50-lecie kap\u0142a\u0144stwa kobiet w ko\u015bciele szkockim.&nbsp; W zwi\u0105zku z tym \u201ez zainteresowaniem b\u0119dziemy \u015bledzi\u0107 prace, kt\u00f3re Wasza \u015awi\u0105tobliwo\u015b\u0107 podejmie z komisj\u0105, analizuj\u0105c nowotestamentowe opisy diakon\u00f3w kobiet\u201d, doda\u0142.<\/p>\r\n<p>W 2016 r. Franciszek powo\u0142a\u0142 12 uczonych &#8211; sze\u015b\u0107 kobiet i sze\u015bciu m\u0119\u017cczyzn &#8211; do komisji badaj\u0105cej pos\u0142ug\u0119 diakonat\u00f3w kobiet we wczesnych latach chrze\u015bcija\u0144stwa.<\/p>\r\n<p>\u0179r\u00f3d\u0142o: cruxnow.com.,<\/p>\r\n<p>AS<\/p>","protected":false},"excerpt":{"rendered":"Papie\u017c spotka\u0142 si\u0119 z delegacj\u0105 prezbiterian ze Szkocji na kilka dni przed niedziel\u0105 upami\u0119tniaj\u0105c\u0105 500-lecie rewolucji Marcina Lutra. Franciszek wskaza\u0142, \u017ce po wielu latach nieufno\u015bci i tragicznych walkach, teraz katolicy i protestanci \u201epod\u0105\u017caj\u0105 drog\u0105 pokornej mi\u0142o\u015bci, kt\u00f3ra prowadzi do przezwyci\u0119\u017cenia podzia\u0142u i uzdrowienia\u201d oraz wsp\u00f3\u0142pracuj\u0105 razem, aby s\u0142u\u017cy\u0107 ubogim i promowa\u0107 sprawiedliwo\u015b\u0107, a tak\u017ce broni\u0107 [&hellip;]","protected":false},"author":1,"featured_media":0,"comment_status":"closed","ping_status":"closed","sticky":false,"template":"","format":"standard","meta":{"_acf_changed":false,"_monsterinsights_skip_tracking":false,"_monsterinsights_sitenote_active":false,"_monsterinsights_sitenote_note":"","_monsterinsights_sitenote_category":0,"ngg_post_thumbnail":0,"footnotes":"","_wp_rev_ctl_limit":""},"categories":[3],"tags":[301,238,321,41,33],"acf":[],"_links":{"self":[{"href":"https:\/\/www.bibula.com\/index.php?rest_route=\/wp\/v2\/posts\/97972"}],"collection":[{"href":"https:\/\/www.bibula.com\/index.php?rest_route=\/wp\/v2\/posts"}],"about":[{"href":"https:\/\/www.bibula.com\/index.php?rest_route=\/wp\/v2\/types\/post"}],"author":[{"embeddable":true,"href":"https:\/\/www.bibula.com\/index.php?rest_route=\/wp\/v2\/users\/1"}],"replies":[{"embeddable":true,"href":"https:\/\/www.bibula.com\/index.php?rest_route=%2Fwp%2Fv2%2Fcomments&post=97972"}],"version-history":[{"count":0,"href":"https:\/\/www.bibula.com\/index.php?rest_route=\/wp\/v2\/posts\/97972\/revisions"}],"wp:attachment":[{"href":"https:\/\/www.bibula.com\/index.php?rest_route=%2Fwp%2Fv2%2Fmedia&parent=97972"}],"wp:term":[{"taxonomy":"category","embeddable":true,"href":"https:\/\/www.bibula.com\/index.php?rest_route=%2Fwp%2Fv2%2Fcategories&post=97972"},{"taxonomy":"post_tag","embeddable":true,"href":"https:\/\/www.bibula.com\/index.php?rest_route=%2Fwp%2Fv2%2Ftags&post=97972"}],"curies":[{"name":"wp","href":"https:\/\/api.w.org\/{rel}","templated":true}]}}