{"id":97940,"date":"2017-10-27T12:29:41","date_gmt":"2017-10-27T16:29:41","guid":{"rendered":"http:\/\/www.bibula.com\/?p=97940"},"modified":"2017-10-27T12:29:41","modified_gmt":"2017-10-27T16:29:41","slug":"kard-muller-w-sprawie-lutra-jest-dzis-wielki-zamet","status":"publish","type":"post","link":"https:\/\/www.bibula.com\/?p=97940","title":{"rendered":"Kard. M\u00fcller: w sprawie Lutra jest dzi\u015b wielki zam\u0119t"},"content":{"rendered":"<p>W sprawie Marcina Lutra istnieje dzi\u015b wielki zam\u0119t i trzeba jasno powiedzie\u0107, \u017ce z punktu widzenia nauczania Ko\u015bcio\u0142a nie by\u0142a to reforma, tylko rewolucja, czyli ca\u0142kowita zmiana podstaw wiary katolickiej &#8211; zauwa\u017ca kard. Gerhard M\u00fcller, odnosz\u0105c si\u0119 do licznych ostatnio wypowiedzi na temat inicjatora reformacji. Kard. M\u00fcller, do niedawna prefekt Kongregacji Nauki Wiary, podkre\u015bla, \u017ce nie jest prawd\u0105 twierdzenie, jakoby intencj\u0105 Lutra by\u0142a jedynie walka z praktyk\u0105 odpust\u00f3w czy z grzechami renesansowego Ko\u015bcio\u0142a.&nbsp;<\/p>\r\n<p>W ksi\u0105\u017cce napisanej w 1520 r. \u201eDe captivitate Babylonica ecclesiae\u201d wida\u0107 ju\u017c bardzo jasno, \u017ce \u201eLuter odrzuci\u0142 wszystkie zasady wiary katolickiej, Pisma \u015awi\u0119tego, Tradycji apostolskiej, nauczania papie\u017cy i sobor\u00f3w, biskupstwa\u201d &#8211; podkre\u015bla niemiecki kardyna\u0142. Luter zrywa z koncepcj\u0105 sp\u00f3jnego rozwoju doktryny chrze\u015bcija\u0144skiej, odrzuca sakramenty, a \u015bwi\u0119cenia biskupie traktuje jako wymys\u0142 papie\u017cy.<\/p>\r\n<p>By\u0142y prefekt watyka\u0144skiej dykasterii przypomina, \u017ce hierarchia sakramentalna w jedno\u015bci z Nast\u0119pc\u0105 Piotra jest istotnym elementem Ko\u015bcio\u0142a ustanowionego przez samego Chrystusa. Jego odnowa polega na odnowie wiary prze\u017cywanej w \u0142asce, odnowie obyczaj\u00f3w, etyki, \u017cycia duchowego i moralno\u015bci, a nie na zak\u0142adaniu nowego Ko\u015bcio\u0142a. Dlatego &#8211; podkre\u015bla kard. M\u00fcller &#8211; niedopuszczalnym jest twierdzenie, \u017ce reforma Lutra by\u0142a dzie\u0142em Ducha \u015awi\u0119tego. Przeciwnie, sprzeciwia\u0142a si\u0119 ona Duchowi, bo Duch \u015awi\u0119ty nie mo\u017ce przeczy\u0107 samemu sobie.<\/p>\r\n<p>Niemiecki purpurat zauwa\u017ca, \u017ce dzi\u015b m\u00f3wi si\u0119 o Lutrze ze zbyt wielkim entuzjazmem, nie znaj\u0105c jego teologii i katastrofalnych skutk\u00f3w jego ruchu. Pozytywnie mo\u017cna ocenia\u0107 jego dobr\u0105 wol\u0119 i jasny wyk\u0142ad podstawowych tajemnic wiary, a nie jego wyst\u0105pienia przeciw wierze katolickiej i hierarchiczno-apostolskiej strukturze Ko\u015bcio\u0142a.<\/p>\r\n<p>&nbsp;Nie jest te\u017c prawd\u0105, \u017ce Luter mia\u0142 pocz\u0105tkowo dobre intencje i \u017ce to nieugi\u0119ta postawa Ko\u015bcio\u0142a sprowadzi\u0142a go na b\u0142\u0119dn\u0105 drog\u0119. To nieprawda &#8211; pisze kard. M\u00fcller. &#8211; Intencj\u0105 Lutra by\u0142a walka z handlem odpustami, ale jego celem nie by\u0142y odpusty same w sobie, lecz jako element sakramentu pokuty. Nie jest te\u017c prawd\u0105, \u017ce Ko\u015bci\u00f3\u0142 odmawia\u0142 dialogu z Lutrem. Mo\u017cna dyskutowa\u0107 nad sposobami tego dialogu, lecz je\u015bli chodzi o istot\u0119 doktryny, trzeba stwierdzi\u0107, \u017ce w\u0142adze Ko\u015bcio\u0142a nie pope\u0142ni\u0142y b\u0142\u0119du.<\/p>\r\n<p>Purpurat podkre\u015bla te\u017c, \u017ce b\u0142\u0119d\u00f3w osobistych, grzech\u00f3w ludzi Ko\u015bcio\u0142a, nie wolno myli\u0107 z b\u0142\u0119dami odno\u015bnie do nauczania i sakrament\u00f3w. Kto tak robi, wierzy, \u017ce Ko\u015bci\u00f3\u0142 jest organizacj\u0105 utworzon\u0105 przez ludzi i neguje zasad\u0119, \u017ce to sam Jezus za\u0142o\u017cy\u0142 Ko\u015bci\u00f3\u0142 i strze\u017ce go w przekazywaniu wiary i \u0142aski w sakramentach za po\u015brednictwem Ducha \u015awi\u0119tego. Jego Ko\u015bci\u00f3\u0142 nie jest jedynie ludzk\u0105 organizacj\u0105; jest Cia\u0142em Chrystusa, w kt\u00f3rym istnieje nieomylno\u015b\u0107 Soboru i Papie\u017ca, przy \u015bci\u015ble okre\u015blonych okoliczno\u015bciach. W dzisiejszym zam\u0119cie natomiast dochodzi si\u0119 do ca\u0142kowitego odwr\u00f3cenia porz\u0105dku rzeczy. Twierdzi si\u0119, \u017ce papie\u017c jest nieomylny w swoich prywatnych wypowiedziach, a omylni s\u0105 papie\u017ce, kiedy na przestrzeni dziej\u00f3w g\u0142osili wiar\u0119 katolick\u0105.<\/p>\r\n<p>By\u0142y prefekt Kongregacji Nauki Wiary przyznaje, \u017ce dzi\u015b, 500 lat po Lutrze, d\u0105\u017cymy do pojednania. Nie mo\u017ce si\u0119 to jednak odbywa\u0107 kosztem prawdy i z wywo\u0142ywaniem zam\u0119tu. To zrozumia\u0142e, \u017ce pragnie si\u0119 dobrych relacji z niekatolikami, aby zbli\u017cy\u0107 ich do pe\u0142nej jedno\u015bci z hierarchi\u0105 katolick\u0105, tak\u017ce poprzez przyj\u0119cie tradycji apostolskiej zgodnie z wiar\u0105 katolick\u0105. Czym innym jest jednak niezrozumienie czy wr\u0119cz fa\u0142szowanie tego, co wydarzy\u0142o si\u0119 przed 500 laty &#8211; dodaje kard. M\u00fcller.<\/p>\r\n<p>kb\/rv<\/p>\r\n<p class=\"zrodlo\">Za: <a href=\"http:\/\/pl.radiovaticana.va\/news\/2017\/10\/24\/kard_m%C3%BCller_w_sprawie_lutra_jest_dzi%C5%9B_wielki_zam%C4%99t\/1344913\">Radio Watyka\u0144skie (24\/10\/2017)<\/a><\/p>\r\n<h4>&nbsp;<\/h4>\r\n<hr style=\"background-color: #000000; border-width: 0; color: #000000; height: 2px; line-height: 0; text-align: center; width: 100%;\">\r\n<h4>&nbsp;<\/h4>\r\n<p><img fetchpriority=\"high\" decoding=\"async\" class=\"aligncenter\" src=\"https:\/\/scontent-frx5-1.xx.fbcdn.net\/v\/t31.0-8\/22769807_1526384857398396_3573196296538143122_o.jpg?oh=90545e438a24970ef2bb8e64378e4542&amp;oe=5A6F0F9F\" width=\"599\" height=\"346\"><\/p>\r\n<p class=\"podpis_sz\" style=\"text-align: center;\">[Pic source: <a href=\"http:\/\/krzyz.nazwa.pl\/forum\/index.php\/topic,9377.msg212157.html?PHPSESSID=4b5abaed68e5bb2f7db704c7b2ceb896#msg212157\">http:\/\/krzyz.nazwa.pl\/&#8230;<\/a>]<\/p>\r\n<h4>&nbsp;<\/h4>\r\n<hr style=\"background-color: #000000; border-width: 0; color: #000000; height: 2px; line-height: 0; text-align: center; width: 100%;\">\r\n<h4>&nbsp;<\/h4>","protected":false},"excerpt":{"rendered":"W sprawie Marcina Lutra istnieje dzi\u015b wielki zam\u0119t i trzeba jasno powiedzie\u0107, \u017ce z punktu widzenia nauczania Ko\u015bcio\u0142a nie by\u0142a to reforma, tylko rewolucja, czyli ca\u0142kowita zmiana podstaw wiary katolickiej &#8211; zauwa\u017ca kard. Gerhard M\u00fcller, odnosz\u0105c si\u0119 do licznych ostatnio wypowiedzi na temat inicjatora reformacji. Kard. M\u00fcller, do niedawna prefekt Kongregacji Nauki Wiary, podkre\u015bla, \u017ce [&hellip;]","protected":false},"author":1,"featured_media":0,"comment_status":"closed","ping_status":"closed","sticky":false,"template":"","format":"standard","meta":{"_acf_changed":false,"_monsterinsights_skip_tracking":false,"_monsterinsights_sitenote_active":false,"_monsterinsights_sitenote_note":"","_monsterinsights_sitenote_category":0,"ngg_post_thumbnail":0,"footnotes":"","_wp_rev_ctl_limit":""},"categories":[3],"tags":[238,321,33],"acf":[],"_links":{"self":[{"href":"https:\/\/www.bibula.com\/index.php?rest_route=\/wp\/v2\/posts\/97940"}],"collection":[{"href":"https:\/\/www.bibula.com\/index.php?rest_route=\/wp\/v2\/posts"}],"about":[{"href":"https:\/\/www.bibula.com\/index.php?rest_route=\/wp\/v2\/types\/post"}],"author":[{"embeddable":true,"href":"https:\/\/www.bibula.com\/index.php?rest_route=\/wp\/v2\/users\/1"}],"replies":[{"embeddable":true,"href":"https:\/\/www.bibula.com\/index.php?rest_route=%2Fwp%2Fv2%2Fcomments&post=97940"}],"version-history":[{"count":0,"href":"https:\/\/www.bibula.com\/index.php?rest_route=\/wp\/v2\/posts\/97940\/revisions"}],"wp:attachment":[{"href":"https:\/\/www.bibula.com\/index.php?rest_route=%2Fwp%2Fv2%2Fmedia&parent=97940"}],"wp:term":[{"taxonomy":"category","embeddable":true,"href":"https:\/\/www.bibula.com\/index.php?rest_route=%2Fwp%2Fv2%2Fcategories&post=97940"},{"taxonomy":"post_tag","embeddable":true,"href":"https:\/\/www.bibula.com\/index.php?rest_route=%2Fwp%2Fv2%2Ftags&post=97940"}],"curies":[{"name":"wp","href":"https:\/\/api.w.org\/{rel}","templated":true}]}}