{"id":9791,"date":"2009-05-29T12:25:50","date_gmt":"2009-05-29T17:25:50","guid":{"rendered":"http:\/\/www.bibula.com\/?p=9791"},"modified":"2009-05-29T12:25:50","modified_gmt":"2009-05-29T17:25:50","slug":"zakonczyl-sie-rok-polski-w-izraelu-poczty-obu-krajow-wydaly-wspolny-znaczek-pocztowy","status":"publish","type":"post","link":"https:\/\/www.bibula.com\/?p=9791","title":{"rendered":"Zako\u0144czy\u0142 si\u0119 &#8222;Rok Polski w Izraelu&#8221;. Poczty obu kraj\u00f3w wyda\u0142y wsp\u00f3lny znaczek pocztowy"},"content":{"rendered":"<p>Koncertem w wykonaniu Izraelskiej Orkiestry Filharmonicznej i z udzia\u0142em Marii Kaczy\u0144skiej, uroczy\u015bcie zako\u0144czono 24 maja br. w Jerozolimie &#8222;Rok Polski w Izraelu&#8221;. Inicjatywa, b\u0119d\u0105ca przedsi\u0119wzi\u0119ciem polskiego Ministerstwa Kultury i Ministerstwa Spraw Zagranicznych, rozpocz\u0119ta zosta\u0142a rok temu przez premiera Donalda Tuska, kt\u00f3ry na jej inaugaracj\u0119 przyby\u0142 do Izraela.\u00a0 Podczas 14 miesi\u0119cy &#8222;Roku Polskiego w Izraelu&#8221;, zaprezentowanych zosta\u0142o widowni izraelskiej wiele wydarze\u0144 artystycznych, wystaw, przedstawie\u0144 i r\u00f3\u017cnych projekt\u00f3w artystycznych<\/p>\r\n\r\n<p>Celem upami\u0119tnienia zako\u0144czenia tej rocznej inicjatywy, Poczta Polska i Poczta Izraelska, wyda\u0142y wsp\u00f3lny okoliczno\u015bciowy znaczek pocztowy przedstawiaj\u0105cy \u017cydowskiego uczestnika Insurekcji Ko\u015bciuszkowskiej, oficera Legion\u00f3w Polskich we W\u0142oszech &#8211; Berka Joselewicza.<\/p>\r\n\r\n<p><img decoding=\"async\" src=\"http:\/\/www.poczta-polska.pl\/znaczki\/pl\/nowosci\/2009\/berek\/BLOCZEK-kopia.jpg\" alt=\"\" \/><\/p>\r\n\r\n<p>Na znaczku znajduje si\u0119 portret Berka Joselewicza na koniu podczas bitwy pod Kockiem (gdzie zgin\u0105\u0142 w 1809 roku). Autorem obrazu namalowanego w 1893 r. jest Juliusz Kossak.<\/p>\r\n\r\n<p>Prezentacja znaczka odby\u0142a si\u0119 w Polsce 5 maja br. na Zamku Kr\u00f3lewskim w Warszawie. Jest to ju\u017c druga wsp\u00f3lna emisja poczt obu kraj\u00f3w. W 1993 r. zosta\u0142 wydany znaczek dla upami\u0119tnienia 50. rocznicy powstania w getcie warszawskim.<\/p>","protected":false},"excerpt":{"rendered":"Koncertem w wykonaniu Izraelskiej Orkiestry Filharmonicznej i z udzia\u0142em Marii Kaczy\u0144skiej, uroczy\u015bcie zako\u0144czono 24 maja br. w Jerozolimie &#8222;Rok Polski w Izraelu&#8221;. Inicjatywa, b\u0119d\u0105ca przedsi\u0119wzi\u0119ciem polskiego Ministerstwa Kultury i Ministerstwa Spraw Zagranicznych, rozpocz\u0119ta zosta\u0142a rok temu przez premiera Donalda Tuska, kt\u00f3ry na jej inaugaracj\u0119 przyby\u0142 do Izraela.\u00a0 Podczas 14 miesi\u0119cy &#8222;Roku Polskiego w Izraelu&#8221;, zaprezentowanych [&hellip;]","protected":false},"author":1,"featured_media":0,"comment_status":"closed","ping_status":"closed","sticky":false,"template":"","format":"standard","meta":{"_acf_changed":false,"_monsterinsights_skip_tracking":false,"_monsterinsights_sitenote_active":false,"_monsterinsights_sitenote_note":"","_monsterinsights_sitenote_category":0,"ngg_post_thumbnail":0,"footnotes":"","_wp_rev_ctl_limit":""},"categories":[6],"tags":[61,98],"acf":[],"_links":{"self":[{"href":"https:\/\/www.bibula.com\/index.php?rest_route=\/wp\/v2\/posts\/9791"}],"collection":[{"href":"https:\/\/www.bibula.com\/index.php?rest_route=\/wp\/v2\/posts"}],"about":[{"href":"https:\/\/www.bibula.com\/index.php?rest_route=\/wp\/v2\/types\/post"}],"author":[{"embeddable":true,"href":"https:\/\/www.bibula.com\/index.php?rest_route=\/wp\/v2\/users\/1"}],"replies":[{"embeddable":true,"href":"https:\/\/www.bibula.com\/index.php?rest_route=%2Fwp%2Fv2%2Fcomments&post=9791"}],"version-history":[{"count":0,"href":"https:\/\/www.bibula.com\/index.php?rest_route=\/wp\/v2\/posts\/9791\/revisions"}],"wp:attachment":[{"href":"https:\/\/www.bibula.com\/index.php?rest_route=%2Fwp%2Fv2%2Fmedia&parent=9791"}],"wp:term":[{"taxonomy":"category","embeddable":true,"href":"https:\/\/www.bibula.com\/index.php?rest_route=%2Fwp%2Fv2%2Fcategories&post=9791"},{"taxonomy":"post_tag","embeddable":true,"href":"https:\/\/www.bibula.com\/index.php?rest_route=%2Fwp%2Fv2%2Ftags&post=9791"}],"curies":[{"name":"wp","href":"https:\/\/api.w.org\/{rel}","templated":true}]}}