{"id":97787,"date":"2017-10-20T14:17:59","date_gmt":"2017-10-20T18:17:59","guid":{"rendered":"http:\/\/www.bibula.com\/?p=97787"},"modified":"2017-10-20T14:18:26","modified_gmt":"2017-10-20T18:18:26","slug":"roberto-de-mattei-w-odpowiedzi-na-zarzuty-wobec-correctio-filialis-nie-mozna-isc-na-kompromis-ze-zlem","status":"publish","type":"post","link":"https:\/\/www.bibula.com\/?p=97787","title":{"rendered":"Roberto de Mattei w odpowiedzi na zarzuty wobec <em>Correctio filialis<\/em>: nie mo\u017cna i\u015b\u0107 na kompromis ze z\u0142em"},"content":{"rendered":"<p><strong>Nie milkn\u0105 echa&nbsp;b\u0119d\u0105cego&nbsp;<em>\u201e<\/em>synowskim napomnieniem w sprawie szerzenia herezji<em>\u201d<\/em>&nbsp;listu&nbsp;<em>Correctio filialis&nbsp;<\/em>zaadresowanego do Ojca \u015awi\u0119tego Franciszka. Na jego temat wypowiedzia\u0142 si\u0119&nbsp;&#8211; w lekcewa\u017c\u0105cy spos\u00f3b &#8211; Greg Burke, rzecznik Biura Prasowego Stolicy Apostolskiej. Polemik\u0119 z nim podj\u0105\u0142 profesor Roberto de Mattei.<\/strong><\/p>\r\n<p>25 wrze\u015bnia, dzie\u0144 po publikacji dokumentu <em>Correctio filialis<\/em> skierowanego do papie\u017ca Franciszka, Greg Burke, rzecznik watyka\u0144skiego Biura Prasowego, z protekcjonaln\u0105 ironi\u0105 zakwestionowa\u0142 wiadomo\u015b\u0107 rozpowszechnian\u0105 przez w\u0142osk\u0105 agencj\u0119 prasow\u0105 Ansa, kt\u00f3ra donosi\u0142a, \u017ce dost\u0119p do strony internetowej <em>Correctio<\/em> zosta\u0142 zablokowany przez Stolic\u0119 Apostolsk\u0105: <em>\u201eCzy naprawd\u0119 pa\u0144stwo my\u015bl\u0105, \u017ce zrobiliby\u015bmy to dla listu podpisanego 60 nazwiskami?\u201d.<\/em> Dyrektora biura prasowego, kt\u00f3ry ocenia inicjatywy na podstawie liczby \u201ewyznawc\u00f3w\u201d, mo\u017ce zainteresuje, \u017ce <em>www.correctiofilialis.org<\/em> osiem dni po umieszczeniu w sieci odnotowa\u0142a ponad 180 tysi\u0119cy indywidualnych wej\u015b\u0107 oraz 330 tysi\u0119cy ods\u0142on strony.<strong>&nbsp;<\/strong><\/p>\r\n<p>Odwiedzaj\u0105cy pochodz\u0105 z 200 r\u00f3\u017cnych kraj\u00f3w na pi\u0119ciu kontynentach. W\u0142ochy i Stany Zjednoczone wiod\u0105 prym, je\u015bli chodzi o liczb\u0119 wej\u015b\u0107. Ponadto do listu z napomnieniem skierowanym do papie\u017ca Franciszka przez 62 uczonych do\u0142\u0105czy\u0142o 3 pa\u017adziernika 216 teolog\u00f3w, ksi\u0119\u017cy, profesor\u00f3w i uczonych wszystkich narodowo\u015bci, kt\u00f3rych podpisy s\u0105 widoczne na stronie. Opr\u00f3cz tego&nbsp;s\u0105&nbsp;tysi\u0105ce zwolennik\u00f3w umieszczaj\u0105cych swoje podpisy na oficjalnej stronie albo innych stronach katolickich czynnie wspieraj\u0105cych inicjatyw\u0119: <em>onepeterfive.com,<\/em> <em>lifesitenews.com,<\/em> <em>katholisches.info<\/em>. Guido Mocellin na \u0142amach \u201eAvvenire\u201d z 27 wrze\u015bnia musia\u0142 przyzna\u0107, \u017ce w <em>\u201eko\u015bcielnej blogosferze\u201d<\/em>, dzi\u0119ki <em>\u201enowoczesnej stronie w sze\u015bciu j\u0119zykach\u201d<\/em> \u201e<em>wpisy na temat synowskiego napomnienia\u201d<\/em>,<em> skierowanego do papie\u017ca Franciszka \u201ez powodu propagowania herezji\u201d, by\u0142y najbardziej widoczne w ci\u0105gu ostatnich kilku dni: stanowi\u0142y one 30% wszystkich tych, kt\u00f3re by\u0142em w stanie uwzgl\u0119dni\u0107 pomi\u0119dzy sobot\u0105 (24 wrze\u015bnia) a poniedzia\u0142kiem (26 wrze\u015bnia).<\/em><\/p>\r\n<p>Je\u015bli chcemy pozosta\u0107 przy liczbach, to liczba kardyna\u0142\u00f3w, biskup\u00f3w i teolog\u00f3w, kt\u00f3rzy przeciwstawili si\u0119 <em>Correctio<\/em>, broni\u0105c <em>Amoris laetitia<\/em>, jest marginalna. Nawet kardyna\u0142 i zarazem sekretarz stanu, Pietro Parolin, najbli\u017cej zwi\u0105zany z papie\u017cem Franciszkiem, zaj\u0105\u0142 stanowisko r\u00f3wnego dystansu, og\u0142aszaj\u0105c, \u017ce <em>\u201eludzie, kt\u00f3rzy si\u0119 nie zgadzaj\u0105, wyra\u017caj\u0105 g\u0142o\u015bno swoj\u0105 r\u00f3\u017cnic\u0119 zda\u0144, ale nale\u017cy j\u0105 przedyskutowa\u0107, aby spr\u00f3bowa\u0107 si\u0119 nawzajem zrozumie\u0107\u201d.<\/em><\/p>\r\n<p>To, czego najbardziej brakuje, poza liczbami, to istotnych argument\u00f3w w pr\u00f3bach odpowiedzi na <em>Correctio<\/em>. Najpowa\u017cniejsz\u0105 tak\u0105 pr\u00f3b\u0119, kt\u00f3ra bliska jest niemal ekwilibrystyce sofist\u00f3w, podejmuje 3 pa\u017adziernika cz\u0142onek parlamentu i filozof Rocco Buttiglione na stronie <em>Vaticaninsider<\/em>. G\u0142\u00f3wny passus <em>Amoris laetitia<\/em>, krytykowany przez sygnatariuszy <em>Correctio<\/em>, wed\u0142ug Buttiglionego jest <em>\u201eczym\u015b zdecydowanie tradycyjnym, czego wszyscy uczyli\u015bmy si\u0119 w dzieci\u0144stwie z Katechizmu Ko\u015bcio\u0142a Katolickiego i to nie tylko nowego katechizmu \u015bw. Jana Paw\u0142a II, ale tak\u017ce starego katechizmu Piusa X\u201d<\/em>. To prawda &#8211; przyznaje Buttiglione, \u017ce jest <em>\u201ezupe\u0142nie niemo\u017cliwe udzielanie Komunii \u015bw. tym, kt\u00f3rzy znajduj\u0105 si\u0119 w stanie grzechu \u015bmiertelnego (a jest to regu\u0142a prawa Bo\u017cego, a zatem niepodwa\u017calna), ale je\u015bli z powodu braku wykszta\u0142cenia czy celowej zgody nie ma grzechu \u015bmiertelnego, z punktu widzenia teologii moralnej Komunia mo\u017ce by\u0107 udzielona nawet osobom rozwiedzionym i znajduj\u0105cym si\u0119 w ponownych zwi\u0105zkach\u201d.<\/em><\/p>\r\n<p>Dla Buttiglionego, podobnie jak dla zaufanego teologa papie\u017ca Bergoglio &#8211; Jego Eminencji Victora Manuela Fern\u00c3\u00a0ndeza &#8211; podstawowym problemem b\u0119dzie problem \u201epoczytalno\u015bci\u201d uczynk\u00f3w. Poczytalno\u015bci, kt\u00f3ra b\u0119dzie nieobecna w olbrzymiej wi\u0119kszo\u015bci kohabitacji <em>more uxorio<\/em>, gdy\u017c konkretne sytuacje, w jakich takie pary \u017cyj\u0105, os\u0142abiaj\u0105 ich \u015bwiadomo\u015b\u0107 i nade wszystko sprawiaj\u0105, \u017ce w ich przypadku przestrzeganie prawa Pana staje si\u0119 praktycznie niemo\u017cliwe. Z tym Sob\u00f3r Trydencki, nie ulegaj\u0105c \u017cadnej ckliwo\u015bci, si\u0119 nie zgadza, a jest to ten sam sob\u00f3r, kt\u00f3ry rzuca anatem\u0119 na twierdz\u0105cych, <em>\u201e\u017ce przykazania Bo\u017ce s\u0105 dla cz\u0142owieka usprawiedliwionego niemo\u017cliwe do zachowania. (&#8230;) B\u00f3g bowiem nie nakazuje rzeczy niemo\u017cliwych, lecz nakazuj\u0105c napomina, aby\u015b czyni\u0142 to, co mo\u017cesz, prosi\u0142 o to, czego nie mo\u017cesz, i pomaga, aby\u015b m\u00f3g\u0142&#8221;<\/em> (Sesja 6, rozdz. 11).<\/p>\r\n<p>Z drugiej strony biskupi, stosuj\u0105cy nauczanie papie\u017ca Franciszka, nie inspiruj\u0105 si\u0119 ani katechizmem Piusa X, ani nowym katechizmem Jana Paw\u0142a II. W ich diecezjach rozwiedzeni \u017cyj\u0105cy w ponownych zwi\u0105zkach, doskonale \u015bwiadomi swojej sytuacji domagaj\u0105 si\u0119 Komunii, a zgodnie z <em>Amoris laetitia<\/em> dopuszcza si\u0119 Komuni\u0119 dla nich jako uzasadnione prawo.<\/p>\r\n<p>Aby usprawiedliwi\u0107 t\u0119 niemoraln\u0105 praktyk\u0119, doszli\u015bmy do zafa\u0142szowania my\u015bli \u015bw. Tomasza z Akwinu. Jednak\u017ce odwa\u017cny w\u0142oski moralista, kt\u00f3ry podpisa\u0142 <em>Correctio<\/em>, Alfredo Morselli, wykaza\u0142 3 pa\u017adziernika na blogu <em>Messainlatino<\/em> niemo\u017cliwo\u015b\u0107 pogodzenia adhortacji papie\u017ca Franciszka z doktryn\u0105 \u015bw. Tomasza. Morselli nawi\u0105zuje do niedwuznacznych fragment\u00f3w Doktora Anielskiego, kt\u00f3re stwierdzaj\u0105 co\u015b przeciwnego do \u00a7 301 <em>Amoris laetitia<\/em>: <em>\u201eDobra intencja nie jest wystarczaj\u0105ca, by okre\u015bli\u0107 dobro czynu: poniewa\u017c dany czyn mo\u017ce sam w sobie by\u0107 z\u0142y i w \u017caden spos\u00f3b nie mo\u017ce sta\u0107 si\u0119 dobry\u201d<\/em> (Super Sent., lib. 2 d. 40 q. 1 a. 2 co.).&nbsp;<em>\u201eIstniej\u0105 pewne (ludzkie dzia\u0142ania), kt\u00f3re zawieraj\u0105 deformacj\u0119 nieod\u0142\u0105cznie z nimi zwi\u0105zan\u0105, jak cudzo\u0142\u00f3stwo i inne rzeczy tego typu, kt\u00f3rych w \u017caden spos\u00f3b nie mo\u017cna uwa\u017ca\u0107 za moralnie dobre\u201d<\/em> (<em>Quodlibet<\/em>&nbsp;IX, q. 7 a. 2 co.).<\/p>\r\n<p>W zgodzie z autentycznym tomizmem, Jego Eminencja Fernando Oc\u00e1riz, obecnie pra\u0142at Opus Dei, na konwencji po\u015bwi\u0119conej dwudziestej rocznicy <em>Humanae vitae<\/em>, przypomnia\u0142, \u017ce <em>\u201eistnienie konkretnych naturalnych zasad moralnych, posiadaj\u0105cych powszechn\u0105 i bezwarunkow\u0105 warto\u015b\u0107, nale\u017cy do doktryny katolickiej i w rzeczywisto\u015bci jest prawd\u0105 wiary\u201d<\/em> (<em>Humanae vitae 20 anni dopo<\/em>, Edizioni Ares, Milano 1989, s. 129.) Dotyczy to zakazu antykoncepcji i cudzo\u0142\u00f3stwa. Czy nauczanie Uniwersytet\u00f3w Santa Croce i Nawarry (promotora tej konwencji wraz z Instytutem Jana Paw\u0142a II) zmieni\u0142o si\u0119 albo si\u0119 zmieni? Mo\u017cna si\u0119 nad tym zastanawia\u0107 po wywiadzie z 30 wrze\u015bnia, zamieszczonym na <em>Infovaticana.com<\/em>, w kt\u00f3rym obecny duszpasterz Opus Dei, Mariano Fazio, pot\u0119pia innych cz\u0142onk\u00f3w pra\u0142atury podpisanych pod <em>Correctio<\/em>, oskar\u017caj\u0105c ich o <em>\u201egorszenie ca\u0142ego Ko\u015bcio\u0142a\u201d<\/em>.<\/p>\r\n<p>Wypowied\u017a ta jest zadziwiaj\u0105ca: ani biskupi argenty\u0144scy, ani biskup Malty, kt\u00f3rzy zezwalaj\u0105 na cudzo\u0142\u00f3stwo w swoich diecezjach, nie s\u0105 winni zgorszenia w Ko\u015bciele, ale ci, kt\u00f3rzy protestuj\u0105 przeciwko tym zgorszeniom &#8211; tak. Papie\u017c, wed\u0142ug Fazio, mo\u017ce by\u0107 krytykowany, ale w prywatnych kr\u0119gach, nigdy publicznie. W lawinie sprzecznych komentarzy, kt\u00f3re zasypa\u0142y blog <em>Infovaticana<\/em>, jest jeden, kt\u00f3ry trafia w sedno: <em>\u201eA co ze \u015bw. Paw\u0142em?\u201d<\/em> Czy to nie w\u0142a\u015bnie \u015bw. Pawe\u0142 napomnia\u0142 \u015bw. Piotra publicznie? (Ga 2,7-14). Apostolska szczero\u015b\u0107 \u015bw. Paw\u0142a i pokora ksi\u0119cia aposto\u0142\u00f3w pozosta\u0142y od tamtego czasu wzorem prawid\u0142owej relacji pomi\u0119dzy tymi, kt\u00f3rzy sprawuj\u0105 w\u0142adz\u0119, a tymi, kt\u00f3rzy s\u0105 im z synowskim szacunkiem pos\u0142uszni, ale nie bez rozeznania.<\/p>\r\n<p>Jeden z najbardziej wp\u0142ywowych sygnatariuszy <em>Correctio<\/em>, teolog i filozof nauki, Alberto Strumia, woli rozeznanie. W wywiadzie z 30 wrze\u015bnia, jakiego udzieli\u0142 dziennikowi \u201eIl Giornale\u201d wyja\u015bni\u0142: <em>\u201eDoktryna Ko\u015bcio\u0142a nie zosta\u0142a wymy\u015blona przez teolog\u00f3w ani nawet przez papie\u017cy, ale jest ugruntowana w Pi\u015bmie \u015awi\u0119tym i zakorzeniona w tradycji Ko\u015bcio\u0142a. Papie\u017c jest na jej s\u0142u\u017cbie, jako stra\u017cnik i gwarant tej ci\u0105g\u0142o\u015bci i nie mo\u017ce jej z\u0142ama\u0107 nawet potajemnie, sugeruj\u0105c przy pomocy niejednoznacznych sformu\u0142owa\u0144, \u017ce dzisiaj mo\u017cna my\u015ble\u0107 o robieniu czego\u015b przeciwnego do tego, czego naucza\u0142o do tej pory Magisterium, je\u015bli chodzi o zasadnicze kwestie, takie jak doktryna sakrament\u00f3w i moralno\u015bci rodzinnej, opieraj\u0105c si\u0119 na motywacji, \u017ce czasy si\u0119 zmieni\u0142y i \u017ce \u015bwiat wymaga pewnego dopasowania si\u0119. Z tego powodu powinno\u015bci\u0105 mi\u0142o\u015bci &#8211; kt\u00f3rej celem jest \u201ezbawienie dusz\u201d, jak mawiano w przesz\u0142o\u015bci, oraz obrona samej godno\u015bci tronu \u015bw. Piotra i tego, kt\u00f3ry na nim zasiada &#8211; jest na\u015bwietlenie z wielkim szacunkiem tych dwuznaczno\u015bci. (&#8230;) Mo\u017cna odwa\u017cy\u0107 si\u0119 na doktrynalne napomnienie papie\u017ca i nale\u017cy to zrobi\u0107 tylko w\u00f3wczas, kiedy w niebezpiecze\u0144stwie jest prawda wiary, a tym samym i zbawienie cz\u0142onk\u00f3w ludu Bo\u017cego\u201d.<\/em><\/p>\r\n<p>W czasach, kiedy sumienia s\u0105 pogr\u0105\u017cone w mroku, <em>Correctio filalis<\/em> wyra\u017ca <em>sensus fidei<\/em> dziesi\u0105tk\u00f3w tysi\u0119cy katolik\u00f3w, kt\u00f3rzy z synowskim szacunkiem napominaj\u0105 swojego papie\u017ca, \u017ce zbawienie dusz jest najwi\u0119kszym dobrem i \u017ce nie ma na \u015bwiecie \u017cadnego powodu, dla kt\u00f3rego kto\u015b m\u00f3g\u0142by czyni\u0107 z\u0142o albo i\u015b\u0107 z nim na kompromisy.<\/p>\r\n<p><strong><em>Roberto de Mattei<\/em><\/strong><\/p>\r\n<p>\u0179r\u00f3d\u0142o: Rorate Caeli<\/p>\r\n<p>T\u0142um. z j. angielskiego: Jan J. Franczak<\/p>","protected":false},"excerpt":{"rendered":"Nie milkn\u0105 echa&nbsp;b\u0119d\u0105cego&nbsp;\u201esynowskim napomnieniem w sprawie szerzenia herezji\u201d&nbsp;listu&nbsp;Correctio filialis&nbsp;zaadresowanego do Ojca \u015awi\u0119tego Franciszka. Na jego temat wypowiedzia\u0142 si\u0119&nbsp;&#8211; w lekcewa\u017c\u0105cy spos\u00f3b &#8211; Greg Burke, rzecznik Biura Prasowego Stolicy Apostolskiej. Polemik\u0119 z nim podj\u0105\u0142 profesor Roberto de Mattei. 25 wrze\u015bnia, dzie\u0144 po publikacji dokumentu Correctio filialis skierowanego do papie\u017ca Franciszka, Greg Burke, rzecznik watyka\u0144skiego Biura Prasowego, [&hellip;]","protected":false},"author":1,"featured_media":0,"comment_status":"closed","ping_status":"closed","sticky":false,"template":"","format":"standard","meta":{"_acf_changed":false,"_monsterinsights_skip_tracking":false,"_monsterinsights_sitenote_active":false,"_monsterinsights_sitenote_note":"","_monsterinsights_sitenote_category":0,"ngg_post_thumbnail":0,"footnotes":"","_wp_rev_ctl_limit":""},"categories":[3],"tags":[301,41,33],"acf":[],"_links":{"self":[{"href":"https:\/\/www.bibula.com\/index.php?rest_route=\/wp\/v2\/posts\/97787"}],"collection":[{"href":"https:\/\/www.bibula.com\/index.php?rest_route=\/wp\/v2\/posts"}],"about":[{"href":"https:\/\/www.bibula.com\/index.php?rest_route=\/wp\/v2\/types\/post"}],"author":[{"embeddable":true,"href":"https:\/\/www.bibula.com\/index.php?rest_route=\/wp\/v2\/users\/1"}],"replies":[{"embeddable":true,"href":"https:\/\/www.bibula.com\/index.php?rest_route=%2Fwp%2Fv2%2Fcomments&post=97787"}],"version-history":[{"count":0,"href":"https:\/\/www.bibula.com\/index.php?rest_route=\/wp\/v2\/posts\/97787\/revisions"}],"wp:attachment":[{"href":"https:\/\/www.bibula.com\/index.php?rest_route=%2Fwp%2Fv2%2Fmedia&parent=97787"}],"wp:term":[{"taxonomy":"category","embeddable":true,"href":"https:\/\/www.bibula.com\/index.php?rest_route=%2Fwp%2Fv2%2Fcategories&post=97787"},{"taxonomy":"post_tag","embeddable":true,"href":"https:\/\/www.bibula.com\/index.php?rest_route=%2Fwp%2Fv2%2Ftags&post=97787"}],"curies":[{"name":"wp","href":"https:\/\/api.w.org\/{rel}","templated":true}]}}