{"id":97749,"date":"2017-10-20T09:24:23","date_gmt":"2017-10-20T13:24:23","guid":{"rendered":"http:\/\/www.bibula.com\/?p=97749"},"modified":"2017-10-20T09:24:23","modified_gmt":"2017-10-20T13:24:23","slug":"polska-tarcza-antydemoniczna-i-jej-wrogowie","status":"publish","type":"post","link":"https:\/\/www.bibula.com\/?p=97749","title":{"rendered":"Polska Tarcza Antydemoniczna i jej wrogowie"},"content":{"rendered":"<p><strong>Co tam jakie\u015b marne bataliony US Army stacjonuj\u0105ce na wschodniej flance NATO. Oto przed dwoma tygodniami przesun\u0119li\u015bmy na granice naszego kraju ponad milion ludzi wyposa\u017conych w niezwykle zaawansowan\u0105 bro\u0144! Jej skuteczno\u015b\u0107 zosta\u0142a udowodniona na niejednym polu bitwy. Nieprzyjaciela razi stuprocentowo. Od Tatr po Ba\u0142tyk, od Odry po Bug zosta\u0142a rozpostarta Polska Tarcza Antydemoniczna (PTA).<\/strong><\/p>\r\n<p>Wdro\u017cony program obrony strategicznej (strategia najwy\u017cszych lot\u00f3w, bo dotyczy spraw ducha) spotka\u0142 si\u0119 z kontrakcj\u0105 tych, kt\u00f3rzy dostrzegli w niej przyk\u0142ad \u201epolskiej islamofobii\u201d, \u201eniech\u0119ci do imigrant\u00f3w\u201d, a nawet \u201erasizmu\u201d. Chocia\u017c w momencie instalowania nad naszym krajem PTA zako\u0144czy\u0142y si\u0119 ju\u017c, tak bardzo wzbudzaj\u0105ce obawy, manewry \u201eZapad &#8211; 17\u201d prowadzone przez Rosj\u0119 tu\u017c za nasz\u0105 wschodni\u0105 granic\u0105, to ju\u017c wieczorem 7 pa\u017adziernika na demokratycznym i wolnym Zachodzie rozpocz\u0119\u0142y si\u0119 zupe\u0142nie inne manewry. Do akcji wkroczy\u0142y \u201ewojska informacyjne\u201d (czyt. dezinformacyjne), kt\u00f3rych celem by\u0142o i jest przedstawienie inicjatywy strategicznej obrony duchowej ju\u017c to jako czynu partyjnego (\u201ewspieranie antyimigranckiej polityki rz\u0105du PiS\u201d), ju\u017c to dopatrzenie si\u0119 w tej inicjatywie \u201ekontrowersyjnych\u201d intencji (por. wy\u017cej).<\/p>\r\n<p>Fakt, \u017ce nie zdecydowano si\u0119 na taktyk\u0119 przemilczania (\u201ezamilczania na \u015bmier\u0107\u201d) jest niezwykle wymowny. Rozci\u0105gni\u0119cie nad Polsk\u0105 duchowej Tarczy Antydemonicznej ewidentnie bowiem zabola\u0142o. I to bardzo mocno. \u201eR\u00f3\u017caniec do granic\u201d by\u0142 wspania\u0142ym zwie\u0144czeniem obchod\u00f3w stulecia objawie\u0144 w Fatimie. Wspania\u0142ym, bo wprost i na wielk\u0105 skal\u0119 spe\u0142niaj\u0105cym pro\u015bb\u0119 Matki Bo\u017cej wzywaj\u0105cej do modlitwy r\u00f3\u017ca\u0144cowej. Jest jeszcze jedno podobie\u0144stwo z Fatim\u0105. Zar\u00f3wno PTA jak i objawienia 1917 roku doczeka\u0142y si\u0119 niemal natychmiast podobnie wrogiej, pisanej \u017c\u00f3\u0142ci\u0105 z domieszk\u0105 siarki, reakcji.<\/p>\r\n<p>Znamieniem naszych czas\u00f3w jest to, \u017ce front atakuj\u0105cych obj\u0105\u0142 r\u00f3wnie\u017c zachodnie media etykietowane jako katolickie. Jak chocia\u017cby w\u0142oski periodyk \u201eFamiglia Christiana\u201d, kt\u00f3ry dojrza\u0142 w modlitwie r\u00f3\u017ca\u0144cowej przy naszych granicach wyraz antyimigranckiego nastawienia Polak\u00f3w, co &#8211; jak napisa\u0142 autor paszkwilu &#8211; \u201enie spotyka si\u0119 z aprobat\u0105 Watykanu\u201d. Pomijaj\u0105c jawne nonsensy tkwi\u0105ce za tego typu rozumowaniem (to tak jakby Austriak\u00f3w modl\u0105cych si\u0119 w 1955 roku w szeregach krucjaty r\u00f3\u017ca\u0144cowej o wycofanie armii sowieckiej z ich kraju oskar\u017ca\u0107 o \u201erusofobi\u0119\u201d i \u201epodsycanie nastroj\u00f3w zimnowojennych\u201d), warto jednak odnotowa\u0107, \u017ce w jednym autor artyku\u0142u zamieszczonego we w\u0142oskim pi\u015bmie nie konfabulowa\u0142. Watyka\u0144skie media (na czele z \u201eL\u2019Osservatore Romano\u201d) rzeczywi\u015bcie do\u015b\u0107 wstrzemi\u0119\u017aliwie &#8211; \u017ce u\u017cyjemy eufemizmu &#8211; odnios\u0142y si\u0119 do r\u00f3\u017ca\u0144ca na granicach.<\/p>\r\n<p>A przecie\u017c zosta\u0142 uczyniony raban. I to wielki, bo si\u0119gaj\u0105cy samego Nieba. Inicjatywa wysz\u0142a od ludzi \u015bwieckich (s\u0142uchajcie, s\u0142uchajcie \u201edzieci soboru\u201d wci\u0105\u017c magluj\u0105cy temat \u201eudzia\u0142u os\u00f3b \u015bwieckich w \u017cyciu Ko\u015bcio\u0142a\u201d), a w modlitwie wzi\u0119\u0142y udzia\u0142 ca\u0142e, wielopokoleniowe rodziny. Ten ostatni fakt warto szczeg\u00f3lnie podkre\u015bli\u0107 w sytuacji, gdy do ataku na duchow\u0105 Tarcz\u0119 Antydemoniczn\u0105 ruszy\u0142 periodyk nosz\u0105cy nazw\u0119 \u201eRodzina Chrze\u015bcija\u0144ska\u201d (\u201eFamiglia Christiana\u201d).<\/p>\r\n<p>Reakcja \u201edzieci soboru\u201d na modlitw\u0119 r\u00f3\u017ca\u0144cow\u0105 u polskich granic potwierdza tylko to, o czym mo\u017cna by\u0142o si\u0119 przekona\u0107 ju\u017c wcze\u015bniej: has\u0142o \u201ewi\u0119kszego udzia\u0142u ludzi \u015bwieckich w \u017cyciu Ko\u015bcio\u0142a\u201d ma przede wszystkim polega\u0107 na promowaniu udzia\u0142u ludzki \u015bwieckich w podmywaniu katolickiego nauczania i katolickiej tradycji. Je\u015bli temu nie s\u0142u\u017cy, a wr\u0119cz odwrotnie &#8211; jest wyrazem zatroskania milion\u00f3w katolik\u00f3w o tradycyjn\u0105 rodzin\u0119 (np. francuska \u201eManif pour tous\u201d) lub o duchow\u0105 kondycj\u0105 narodu (nasz \u201eR\u00f3\u017caniec do granic\u201d) &#8211; to wtedy zupe\u0142nie co innego. Wtedy jest to \u201erygoryzm\u201d, \u201eprezentowanie moralnej wy\u017cszo\u015bci\u201d, a nawet \u201eislamofobia\u201d.<\/p>\r\n<p>Ataki r\u00f3\u017cnorakich \u201ewojsk informacyjnych\u201d na PTA celnie skomentowa\u0142 prof. Stanis\u0142aw Grygiel, kt\u00f3ry udzieli\u0142 niedawno wywiadu w\u0142oskiej \u201eNuova Bussola Quotidiana\u201d. Emerytowany profesor filozofii Uniwersytetu Latera\u0144skiego, niegdy\u015b cz\u0142onek Instytutu Jana Paw\u0142a II Studi\u00f3w nad \u0179yciem i Rodzin\u0105, prywatnie przyjaciel Jana Paw\u0142a II stwierdzi\u0142, i\u017c rzeczywist\u0105 przyczyn\u0105 atak\u00f3w na polski r\u00f3\u017caniec do granic jest odrzucenie przez spor\u0105 cz\u0119\u015b\u0107 tzw. europejskich elit prawdy o kulturowej to\u017csamo\u015bci Europy, kt\u00f3rej \u201ekorzenie rozci\u0105gaj\u0105 si\u0119 od Jerozolimy do Aten i Rzymu\u201d. \u201eNiekt\u00f3rzy, by\u0107 mo\u017ce zbyt wielu przedstawicieli Ko\u015bcio\u0142a na zachodzie &#8211; kontynuuje sw\u00f3j wyw\u00f3d prof. Grygiel &#8211; tego nie rozumiej\u0105. Dlaczego? Bo s\u0105 ma\u0142ej wiary, maj\u0105 ma\u0142o kultury i s\u0142ab\u0105 pami\u0119\u0107. Nie dziwi&nbsp; wi\u0119c, \u017ce tak\u017ce oni pracuj\u0105 nad tym, by Ko\u015bci\u00f3\u0142 Chrystusowy pozbawi\u0107 korzeni i zamieni\u0107 w humanitarne stowarzyszenie, podobne do wielu innych. Modlitwa cz\u0142owieka jest miar\u0105 jego wiary\u201d. I dalej: \u201eKto nie \u017cyje modlitw\u0105, ten nie mo\u017ce wiedzie\u0107, o co w tym chodzi. Kto nie \u017cyje w dialogu, nie wie te\u017c czym jest dialog. Brakuje duchowego \u017cycia. Umarli nie oddychaj\u0105. Je\u015bli niekt\u00f3rzy ksi\u0119\u017ca, a nawet biskupi twierdz\u0105, \u017ce Polacy przez r\u00f3\u017caniec niszcz\u0105 mosty i wznosz\u0105 mury, by\u0142oby lepiej, gdyby na jaki\u015b czas wycofali si\u0119 do klasztoru, by nauczy\u0107 si\u0119 modlitwy\u201d. Trafione w samo sedno.<\/p>\r\n<p><strong><em>Grzegorz Kucharczyk<\/em><\/strong><\/p>\r\n<p class=\"zrodlo\">Za: <a href=\"http:\/\/www.pch24.pl\/polska-tarcza-antydemoniczna-i-jej-wrogowie,55515,i.html#ixzz4w2YjeSVP\">PoloniaChristiana &#8211; pch24.pl (2017-10-20)<\/a><\/p>\r\n<blockquote>\r\n<p>[<strong>Wybrane wypowiedzi internaut\u00f3w pod w\/w tekstem na stronie \u017ar\u00f3d\u0142owej:<\/strong>]<\/p>\r\n<p>Dlaczego mur mia\u0142by by\u0107 czym\u015b samym w sobie z\u0142ym? Przecie\u017c w Ksi\u0119dze Nehemiasza odbudowa mur\u00f3w Jerozolimy jest przedstawiona jako chwalebne wydarzenie, Ksi\u0119ga Apokalipsy o wizji Niebia\u0144skiego Jeruzalem m\u00f3wi nast\u0119puj\u0105co- &#8222;Mia\u0142o ono mur wielki a wysoki&#8221;, klasztory te\u017c maj\u0105 mury. Twierdzenie, \u017ce jakiekolwiek mury s\u0105 niezgodne z duchem Ewangelii to ci\u0119\u017cka herezja ludzi (w tym bardzo wielu hierarch\u00f3w), kt\u00f3rzy przyczyniaj\u0105 si\u0119 do tego, \u017ce grzech i fa\u0142szywa nauka bez przeszk\u00f3d wchodz\u0105 pomi\u0119dzy cz\u0142onk\u00f3w Ko\u015bcio\u0142a Katolickiego. Jestem z ca\u0142ego serca radosny z tego, \u017ce w Polsce jest tak wielu, kt\u00f3rzy przeciwko grzechowi i herezji w tym i islamskiej chc\u0105 postawi\u0107 mury Katolickiej Wiary.<br>\r\n<em>kribac<\/em><\/p>\r\n<\/blockquote>\r\n<h4>&nbsp;<\/h4>\r\n<hr style=\"background-color: #000000; border-width: 0; color: #000000; height: 2px; line-height: 0; text-align: center; width: 100%;\">\r\n<h4>&nbsp;<\/h4>","protected":false},"excerpt":{"rendered":"Co tam jakie\u015b marne bataliony US Army stacjonuj\u0105ce na wschodniej flance NATO. Oto przed dwoma tygodniami przesun\u0119li\u015bmy na granice naszego kraju ponad milion ludzi wyposa\u017conych w niezwykle zaawansowan\u0105 bro\u0144! Jej skuteczno\u015b\u0107 zosta\u0142a udowodniona na niejednym polu bitwy. Nieprzyjaciela razi stuprocentowo. Od Tatr po Ba\u0142tyk, od Odry po Bug zosta\u0142a rozpostarta Polska Tarcza Antydemoniczna (PTA). Wdro\u017cony [&hellip;]","protected":false},"author":1,"featured_media":0,"comment_status":"closed","ping_status":"closed","sticky":false,"template":"","format":"standard","meta":{"_acf_changed":false,"_monsterinsights_skip_tracking":false,"_monsterinsights_sitenote_active":false,"_monsterinsights_sitenote_note":"","_monsterinsights_sitenote_category":0,"ngg_post_thumbnail":0,"footnotes":"","_wp_rev_ctl_limit":""},"categories":[5],"tags":[98],"acf":[],"_links":{"self":[{"href":"https:\/\/www.bibula.com\/index.php?rest_route=\/wp\/v2\/posts\/97749"}],"collection":[{"href":"https:\/\/www.bibula.com\/index.php?rest_route=\/wp\/v2\/posts"}],"about":[{"href":"https:\/\/www.bibula.com\/index.php?rest_route=\/wp\/v2\/types\/post"}],"author":[{"embeddable":true,"href":"https:\/\/www.bibula.com\/index.php?rest_route=\/wp\/v2\/users\/1"}],"replies":[{"embeddable":true,"href":"https:\/\/www.bibula.com\/index.php?rest_route=%2Fwp%2Fv2%2Fcomments&post=97749"}],"version-history":[{"count":0,"href":"https:\/\/www.bibula.com\/index.php?rest_route=\/wp\/v2\/posts\/97749\/revisions"}],"wp:attachment":[{"href":"https:\/\/www.bibula.com\/index.php?rest_route=%2Fwp%2Fv2%2Fmedia&parent=97749"}],"wp:term":[{"taxonomy":"category","embeddable":true,"href":"https:\/\/www.bibula.com\/index.php?rest_route=%2Fwp%2Fv2%2Fcategories&post=97749"},{"taxonomy":"post_tag","embeddable":true,"href":"https:\/\/www.bibula.com\/index.php?rest_route=%2Fwp%2Fv2%2Ftags&post=97749"}],"curies":[{"name":"wp","href":"https:\/\/api.w.org\/{rel}","templated":true}]}}