{"id":97733,"date":"2017-10-19T09:32:43","date_gmt":"2017-10-19T13:32:43","guid":{"rendered":"http:\/\/www.bibula.com\/?p=97733"},"modified":"2017-10-19T09:32:43","modified_gmt":"2017-10-19T13:32:43","slug":"macron-z-satanistycznym-symbolem-profesor-bartyzel-zwraca-uwage-na-pewien-szczegol","status":"publish","type":"post","link":"https:\/\/www.bibula.com\/?p=97733","title":{"rendered":"Macron z satanistycznym symbolem? Profesor Bartyzel zwraca uwag\u0119 na pewien szczeg\u00f3\u0142"},"content":{"rendered":"<p><strong>Prezydent Francji Emmanuel Macron chce sprawia\u0107 wra\u017cenie o\u015bwieconego eksperta od spraw wszelakich oraz stanowi\u0107 swoist\u0105 personifikacj\u0119 \u201ewarto\u015bci\u201d laickiej republiki. W zwi\u0105zku z tym w swoim gabinecie umie\u015bci\u0142 makatk\u0119. Jak zauwa\u017ca na Facebooku prof. Jacek Bartyzel, zdobienie zawiera \u201esymbol jednoznacznie satanistyczny\u201d.<\/strong><\/p>\r\n<p>Aran\u017cacja z makatk\u0105 w tle towarzyszy\u0142a rozmowie prezydenta z francuskimi dziennikarzami. Zdaniem agencji Reuters przedmioty otaczaj\u0105ce Macrona w czasie pierwszego wywiadu telewizyjnego podkre\u015bla\u0142y pogl\u0105dy polityka. Rozmowa zosta\u0142a wyemitowana w niedziel\u0119 przez stacj\u0119 TF1.<\/p>\r\n<p>Jak napisa\u0142 na swoim profilu na Facebooku profesor Jacek Bartyzel, Macron \u201epowiesi\u0142 sobie w gabinecie makatk\u0119 z L-E-F, Mary\u015bk\u0105 i&#8230; pentagramem wystylizowanym na g\u0142ow\u0119 koz\u0142a &#8211; symbol jednoznacznie satanistyczny\u201d.<\/p>\r\n<p>L-E-F to skr\u00f3t od francuskiego Libert\u00c3\u00a9-\u00c3\u2030galit\u00c3\u00a9-Fraternit\u00c3\u00a9 (to jest: Wolno\u015b\u0107, r\u00f3wno\u015b\u0107, braterstwo) &#8211; czyli has\u0142a towarzysz\u0105cego rewolucji francuskiej. Do dzisiaj u\u017cywane jest w Republice jako jeden z symboli narodowych.<\/p>\r\n<p>\u201eM\u00f3wimy laicko\u015b\u0107, my\u015blimy okultyzm. M\u00f3wimy Republika, my\u015blimy Lucyfer\u201d &#8211; podsumowa\u0142 zdobienia w gabinecie Macrona profesor Bartyzel.<\/p>\r\n<p><iframe src=\"https:\/\/www.facebook.com\/plugins\/post.php?href=https%3A%2F%2Fwww.facebook.com%2Fjacek.bartyzel.7%2Fposts%2F1902212106460540&amp;width=600\" scrolling=\"no\" data-mce-fragment=\"1\" width=\"600\" height=\"782\" frameborder=\"0\"><\/iframe><\/p>\r\n<p>\u0179r\u00f3d\u0142o: Facebook \/ tvn24.pl<\/p>\r\n<p>MW\u0142<\/p>","protected":false},"excerpt":{"rendered":"Prezydent Francji Emmanuel Macron chce sprawia\u0107 wra\u017cenie o\u015bwieconego eksperta od spraw wszelakich oraz stanowi\u0107 swoist\u0105 personifikacj\u0119 \u201ewarto\u015bci\u201d laickiej republiki. W zwi\u0105zku z tym w swoim gabinecie umie\u015bci\u0142 makatk\u0119. Jak zauwa\u017ca na Facebooku prof. Jacek Bartyzel, zdobienie zawiera \u201esymbol jednoznacznie satanistyczny\u201d. Aran\u017cacja z makatk\u0105 w tle towarzyszy\u0142a rozmowie prezydenta z francuskimi dziennikarzami. Zdaniem agencji Reuters przedmioty [&hellip;]","protected":false},"author":1,"featured_media":0,"comment_status":"closed","ping_status":"closed","sticky":false,"template":"","format":"standard","meta":{"_acf_changed":false,"_monsterinsights_skip_tracking":false,"_monsterinsights_sitenote_active":false,"_monsterinsights_sitenote_note":"","_monsterinsights_sitenote_category":0,"ngg_post_thumbnail":0,"footnotes":"","_wp_rev_ctl_limit":""},"categories":[6],"tags":[35,191,39],"acf":[],"_links":{"self":[{"href":"https:\/\/www.bibula.com\/index.php?rest_route=\/wp\/v2\/posts\/97733"}],"collection":[{"href":"https:\/\/www.bibula.com\/index.php?rest_route=\/wp\/v2\/posts"}],"about":[{"href":"https:\/\/www.bibula.com\/index.php?rest_route=\/wp\/v2\/types\/post"}],"author":[{"embeddable":true,"href":"https:\/\/www.bibula.com\/index.php?rest_route=\/wp\/v2\/users\/1"}],"replies":[{"embeddable":true,"href":"https:\/\/www.bibula.com\/index.php?rest_route=%2Fwp%2Fv2%2Fcomments&post=97733"}],"version-history":[{"count":0,"href":"https:\/\/www.bibula.com\/index.php?rest_route=\/wp\/v2\/posts\/97733\/revisions"}],"wp:attachment":[{"href":"https:\/\/www.bibula.com\/index.php?rest_route=%2Fwp%2Fv2%2Fmedia&parent=97733"}],"wp:term":[{"taxonomy":"category","embeddable":true,"href":"https:\/\/www.bibula.com\/index.php?rest_route=%2Fwp%2Fv2%2Fcategories&post=97733"},{"taxonomy":"post_tag","embeddable":true,"href":"https:\/\/www.bibula.com\/index.php?rest_route=%2Fwp%2Fv2%2Ftags&post=97733"}],"curies":[{"name":"wp","href":"https:\/\/api.w.org\/{rel}","templated":true}]}}