{"id":97712,"date":"2017-10-16T13:59:03","date_gmt":"2017-10-16T17:59:03","guid":{"rendered":"http:\/\/www.bibula.com\/?p=97712"},"modified":"2017-10-16T13:59:03","modified_gmt":"2017-10-16T17:59:03","slug":"","status":"publish","type":"post","link":"https:\/\/www.bibula.com\/?p=97712","title":{"rendered":"\u015awi\u0119to braci Bractwa Kap\u0142a\u0144skiego \u015aw. Piusa X"},"content":{"rendered":"<p><strong>29 wrze\u015bnia Ko\u015bci\u00f3\u0142 wspomina \u015bwi\u0119tego Micha\u0142a Archanio\u0142a. Ten dzie\u0144 jest r\u00f3wnie\u017c wa\u017cny dla Bractwa Kap\u0142a\u0144skiego \u015aw. Piusa X, a zw\u0142aszcza dla jego braci. Sk\u0142adaj\u0105 oni w\u00f3wczas swoje \u015bluby &#8211; czasowe lub wieczyste.<\/strong><\/p>\r\n<p>Arcybiskup Marcel Lefebvre zadecydowa\u0142, \u017ce \u015bw. Micha\u0142 Archanio\u0142 b\u0119dzie patronem braci FSSPX, poniewa\u017c bracia s\u0105 \u201eanio\u0142ami str\u00f3\u017cami\u201d wsp\u00f3lnot Bractwa &#8211; bez nich trudno by sobie wyobrazi\u0107 funkcjonowanie przeorat\u00f3w, seminari\u00f3w, szk\u00f3\u0142 i innych dzie\u0142 Tradycji katolickiej. Bracia s\u0105 ma\u0142o widoczni, ale niezb\u0119dni w \u017cyciu Bractwa.<\/p>\r\n<p>W niedziel\u0119 24 wrze\u015bnia w seminarium w Zaitzkofen sutann\u0119 otrzyma\u0142 jeden postulant (Niemiec), za\u015b 28 wrze\u015bnia we Flavigny &#8211; dw\u00f3ch. Liczba braci Bractwa Kap\u0142a\u0144skiego \u015aw. Piusa X, kt\u00f3rzy z\u0142o\u017cyli \u015bluby (czasowe lub wieczyste) wynosi 117.<\/p>\r\n<p>Tegoroczne \u015bwi\u0119to \u015bw. Micha\u0142a Archanio\u0142a by\u0142o szczeg\u00f3lnie uroczyste dla polskich braci FSSPX. 29 wrze\u015bnia br. w Seminarium Naj\u015bwi\u0119tszego Serca Pana Jezusa w Zaitzkofen na r\u0119ce ks. regensa Franciszka Schmidbergera \u015bluby z\u0142o\u017cy\u0142o \u0142\u0105cznie pi\u0119ciu braci, kt\u00f3rzy uko\u0144czyli nowicjat mieszcz\u0105cy si\u0119 w tym seminarium. By\u0142o w\u015br\u00f3d nich dw\u00f3ch Niemc\u00f3w (w tym jeden po raz pierwszy, na rok, a drugi na trzy lata), jeden Szwajcar (na trzy lata) i dw\u00f3ch Polak\u00f3w: br. Robert z warszawskiego przeoratu z\u0142o\u017cy\u0142 \u015bluby na trzy lata, za\u015b br. Wojciech z Bajerza zdecydowa\u0142 si\u0119 na \u015bluby wieczyste. Ponadto trzeci z polskich braci, br. Maksymilian, z\u0142o\u017cy\u0142 \u015bluby na trzy lata w ko\u015bciele pw. Niepokalanego Pocz\u0119cia w Warszawie na r\u0119ce ks. \u0141ukasza Webera, prze\u0142o\u017conego Bractwa na Europ\u0119 \u015arodkowo-Wschodni\u0105.<\/p>\r\n<p>Naszym braciom serdecznie dzi\u0119kujemy za dotychczasow\u0105 pos\u0142ug\u0119 i \u017cyczymy wszelkich \u0142ask Bo\u017cych!<\/p>\r\n<div id=\"gallery-1\" class=\"gallery galleryid-7009 gallery-columns-3 gallery-size-thumbnail\">\r\n<dl class=\"gallery-item\">\r\n<dt class=\"gallery-icon landscape\"><a href=\"https:\/\/news.fsspx.pl\/wp-content\/uploads\/img_9261.jpg\" data-slb-active=\"1\" data-slb-asset=\"1674282171\" data-slb-internal=\"0\" data-slb-group=\"7009\" data-slimstat=\"5\"><img decoding=\"async\" class=\"attachment-thumbnail size-thumbnail\" src=\"https:\/\/news.fsspx.pl\/wp-content\/uploads\/img_9261-150x150.jpg\" alt=\"\" aria-describedby=\"gallery-1-7013\" width=\"150\" height=\"150\"><\/a><\/dt>\r\n<dd id=\"gallery-1-7013\" class=\"wp-caption-text gallery-caption\">Br. Maria Maksymilian FSSPX po ceremonii z\u0142o\u017cenia \u015blub\u00f3w<\/dd>\r\n<\/dl>\r\n<dl class=\"gallery-item\">\r\n<dt class=\"gallery-icon landscape\"><a href=\"https:\/\/news.fsspx.pl\/wp-content\/uploads\/brudereinkleidung_0002_0.jpg\" data-slb-active=\"1\" data-slb-asset=\"336760210\" data-slb-internal=\"0\" data-slb-group=\"7009\" data-slimstat=\"5\"><img decoding=\"async\" class=\"attachment-thumbnail size-thumbnail\" src=\"https:\/\/news.fsspx.pl\/wp-content\/uploads\/brudereinkleidung_0002_0-150x150.jpg\" alt=\"\" aria-describedby=\"gallery-1-7011\" width=\"150\" height=\"150\"><\/a><\/dt>\r\n<dd id=\"gallery-1-7011\" class=\"wp-caption-text gallery-caption\">Postulant w Zaiztkofen<\/dd>\r\n<\/dl>\r\n<dl class=\"gallery-item\">\r\n<dt class=\"gallery-icon landscape\"><a href=\"https:\/\/news.fsspx.pl\/wp-content\/uploads\/9280105.jpg\" data-slb-active=\"1\" data-slb-asset=\"200610038\" data-slb-internal=\"0\" data-slb-group=\"7009\" data-slimstat=\"5\"><img decoding=\"async\" class=\"attachment-thumbnail size-thumbnail\" src=\"https:\/\/news.fsspx.pl\/wp-content\/uploads\/9280105-150x150.jpg\" alt=\"\" aria-describedby=\"gallery-1-7010\" width=\"150\" height=\"150\"><\/a><\/dt>\r\n<dd id=\"gallery-1-7010\" class=\"wp-caption-text gallery-caption\">Postulanci we Flavigny oraz trzeci brat, kt\u00f3ry wraz z nimi sk\u0142ada\u0142 w tym dniu swoje \u015bluby<\/dd>\r\n<\/dl>\r\n<p>Zdj\u0119cia z uroczysto\u015bci w Zaitzkofen:<\/p>\r\n<div id=\"gallery-2\" class=\"gallery galleryid-7009 gallery-columns-3 gallery-size-thumbnail\">\r\n<dl class=\"gallery-item\">\r\n<dt class=\"gallery-icon landscape\"><a href=\"https:\/\/news.fsspx.pl\/2017\/10\/swieto-braci-bractwa-kaplanskiego-sw-piusa-x\/dsc_8553\/\" data-slb-active=\"1\" data-slb-asset=\"1100848676\" data-slb-internal=\"7023\" data-slb-group=\"7009\" data-slimstat=\"5\"><img loading=\"lazy\" decoding=\"async\" class=\"attachment-thumbnail size-thumbnail\" src=\"https:\/\/news.fsspx.pl\/wp-content\/uploads\/dsc_8553-150x150.jpg\" alt=\"\" width=\"150\" height=\"150\"><\/a><\/dt>\r\n<\/dl>\r\n<dl class=\"gallery-item\">\r\n<dt class=\"gallery-icon landscape\"><a href=\"https:\/\/news.fsspx.pl\/2017\/10\/swieto-braci-bractwa-kaplanskiego-sw-piusa-x\/dsc_8544\/\" data-slb-active=\"1\" data-slb-asset=\"876990533\" data-slb-internal=\"7024\" data-slb-group=\"7009\" data-slimstat=\"5\"><img loading=\"lazy\" decoding=\"async\" class=\"attachment-thumbnail size-thumbnail\" src=\"https:\/\/news.fsspx.pl\/wp-content\/uploads\/dsc_8544-150x150.jpg\" alt=\"\" width=\"150\" height=\"150\"><\/a><\/dt>\r\n<\/dl>\r\n<dl class=\"gallery-item\">\r\n<dt class=\"gallery-icon landscape\"><a href=\"https:\/\/news.fsspx.pl\/2017\/10\/swieto-braci-bractwa-kaplanskiego-sw-piusa-x\/dsc_8540\/\" data-slb-active=\"1\" data-slb-asset=\"1164759779\" data-slb-internal=\"7025\" data-slb-group=\"7009\" data-slimstat=\"5\"><img loading=\"lazy\" decoding=\"async\" class=\"attachment-thumbnail size-thumbnail\" src=\"https:\/\/news.fsspx.pl\/wp-content\/uploads\/dsc_8540-150x150.jpg\" alt=\"\" width=\"150\" height=\"150\"><\/a><\/dt>\r\n<\/dl>\r\n<br>\r\n<dl class=\"gallery-item\">\r\n<dt class=\"gallery-icon portrait\"><a href=\"https:\/\/news.fsspx.pl\/2017\/10\/swieto-braci-bractwa-kaplanskiego-sw-piusa-x\/dsc_8567\/\" data-slb-active=\"1\" data-slb-asset=\"2030909009\" data-slb-internal=\"7026\" data-slb-group=\"7009\" data-slimstat=\"5\"><img loading=\"lazy\" decoding=\"async\" class=\"attachment-thumbnail size-thumbnail\" src=\"https:\/\/news.fsspx.pl\/wp-content\/uploads\/dsc_8567-150x150.jpg\" alt=\"\" width=\"150\" height=\"150\"><\/a><\/dt>\r\n<\/dl>\r\n<dl class=\"gallery-item\">\r\n<dt class=\"gallery-icon landscape\"><a href=\"https:\/\/news.fsspx.pl\/2017\/10\/swieto-braci-bractwa-kaplanskiego-sw-piusa-x\/dsc_8558\/\" data-slb-active=\"1\" data-slb-asset=\"2020434013\" data-slb-internal=\"7022\" data-slb-group=\"7009\" data-slimstat=\"5\"><img loading=\"lazy\" decoding=\"async\" class=\"attachment-thumbnail size-thumbnail\" src=\"https:\/\/news.fsspx.pl\/wp-content\/uploads\/dsc_8558-150x150.jpg\" alt=\"\" width=\"150\" height=\"150\"><\/a><\/dt>\r\n<\/dl>\r\n<dl class=\"gallery-item\">\r\n<dt class=\"gallery-icon landscape\"><a href=\"https:\/\/news.fsspx.pl\/2017\/10\/swieto-braci-bractwa-kaplanskiego-sw-piusa-x\/dsc_8562\/\" data-slb-active=\"1\" data-slb-asset=\"1807199645\" data-slb-internal=\"7021\" data-slb-group=\"7009\" data-slimstat=\"5\"><img loading=\"lazy\" decoding=\"async\" class=\"attachment-thumbnail size-thumbnail\" src=\"https:\/\/news.fsspx.pl\/wp-content\/uploads\/dsc_8562-150x150.jpg\" alt=\"\" width=\"150\" height=\"150\"><\/a><\/dt>\r\n<\/dl>\r\n<br>\r\n<dl class=\"gallery-item\">\r\n<dt class=\"gallery-icon landscape\"><a href=\"https:\/\/news.fsspx.pl\/2017\/10\/swieto-braci-bractwa-kaplanskiego-sw-piusa-x\/dsc_8589\/\" data-slb-active=\"1\" data-slb-asset=\"218704475\" data-slb-internal=\"7019\" data-slb-group=\"7009\" data-slimstat=\"5\"><img loading=\"lazy\" decoding=\"async\" class=\"attachment-thumbnail size-thumbnail\" src=\"https:\/\/news.fsspx.pl\/wp-content\/uploads\/dsc_8589-150x150.jpg\" alt=\"\" width=\"150\" height=\"150\"><\/a><\/dt>\r\n<\/dl>\r\n<dl class=\"gallery-item\">\r\n<dt class=\"gallery-icon landscape\"><a href=\"https:\/\/news.fsspx.pl\/2017\/10\/swieto-braci-bractwa-kaplanskiego-sw-piusa-x\/dsc_8576\/\" data-slb-active=\"1\" data-slb-asset=\"496985099\" data-slb-internal=\"7018\" data-slb-group=\"7009\" data-slimstat=\"5\"><img loading=\"lazy\" decoding=\"async\" class=\"attachment-thumbnail size-thumbnail\" src=\"https:\/\/news.fsspx.pl\/wp-content\/uploads\/dsc_8576-150x150.jpg\" alt=\"\" width=\"150\" height=\"150\"><\/a><\/dt>\r\n<\/dl>\r\n<dl class=\"gallery-item\">\r\n<dt class=\"gallery-icon landscape\"><a href=\"https:\/\/news.fsspx.pl\/2017\/10\/swieto-braci-bractwa-kaplanskiego-sw-piusa-x\/dsc_8585\/\" data-slb-active=\"1\" data-slb-asset=\"1356980124\" data-slb-internal=\"7020\" data-slb-group=\"7009\" data-slimstat=\"5\"><img loading=\"lazy\" decoding=\"async\" class=\"attachment-thumbnail size-thumbnail\" src=\"https:\/\/news.fsspx.pl\/wp-content\/uploads\/dsc_8585-150x150.jpg\" alt=\"\" width=\"150\" height=\"150\"><\/a><\/dt>\r\n<\/dl>\r\n<div class=\"entry-utility\">&nbsp;<\/div>\r\n<\/div>\r\n<\/div>","protected":false},"excerpt":{"rendered":"29 wrze\u015bnia Ko\u015bci\u00f3\u0142 wspomina \u015bwi\u0119tego Micha\u0142a Archanio\u0142a. Ten dzie\u0144 jest r\u00f3wnie\u017c wa\u017cny dla Bractwa Kap\u0142a\u0144skiego \u015aw. Piusa X, a zw\u0142aszcza dla jego braci. Sk\u0142adaj\u0105 oni w\u00f3wczas swoje \u015bluby &#8211; czasowe lub wieczyste. Arcybiskup Marcel Lefebvre zadecydowa\u0142, \u017ce \u015bw. Micha\u0142 Archanio\u0142 b\u0119dzie patronem braci FSSPX, poniewa\u017c bracia s\u0105 \u201eanio\u0142ami str\u00f3\u017cami\u201d wsp\u00f3lnot Bractwa &#8211; bez nich trudno [&hellip;]","protected":false},"author":1,"featured_media":0,"comment_status":"closed","ping_status":"closed","sticky":false,"template":"","format":"standard","meta":{"_acf_changed":false,"_monsterinsights_skip_tracking":false,"ngg_post_thumbnail":0,"footnotes":"","_wp_rev_ctl_limit":""},"categories":[3],"tags":[32],"acf":[],"_links":{"self":[{"href":"https:\/\/www.bibula.com\/index.php?rest_route=\/wp\/v2\/posts\/97712"}],"collection":[{"href":"https:\/\/www.bibula.com\/index.php?rest_route=\/wp\/v2\/posts"}],"about":[{"href":"https:\/\/www.bibula.com\/index.php?rest_route=\/wp\/v2\/types\/post"}],"author":[{"embeddable":true,"href":"https:\/\/www.bibula.com\/index.php?rest_route=\/wp\/v2\/users\/1"}],"replies":[{"embeddable":true,"href":"https:\/\/www.bibula.com\/index.php?rest_route=%2Fwp%2Fv2%2Fcomments&post=97712"}],"version-history":[{"count":0,"href":"https:\/\/www.bibula.com\/index.php?rest_route=\/wp\/v2\/posts\/97712\/revisions"}],"wp:attachment":[{"href":"https:\/\/www.bibula.com\/index.php?rest_route=%2Fwp%2Fv2%2Fmedia&parent=97712"}],"wp:term":[{"taxonomy":"category","embeddable":true,"href":"https:\/\/www.bibula.com\/index.php?rest_route=%2Fwp%2Fv2%2Fcategories&post=97712"},{"taxonomy":"post_tag","embeddable":true,"href":"https:\/\/www.bibula.com\/index.php?rest_route=%2Fwp%2Fv2%2Ftags&post=97712"}],"curies":[{"name":"wp","href":"https:\/\/api.w.org\/{rel}","templated":true}]}}