{"id":97702,"date":"2017-10-16T13:46:23","date_gmt":"2017-10-16T17:46:23","guid":{"rendered":"http:\/\/www.bibula.com\/?p=97702"},"modified":"2017-10-16T13:46:23","modified_gmt":"2017-10-16T17:46:23","slug":"","status":"publish","type":"post","link":"https:\/\/www.bibula.com\/?p=97702","title":{"rendered":"Polacy w tradycyjnych seminariach 2017\/2018"},"content":{"rendered":"<p><strong>Jak co roku, publikujemy radosne wie\u015bci o Polakach przygotowuj\u0105cych si\u0119 do kap\u0142a\u0144stwa w instytutach kap\u0142a\u0144skich na prawie papieskim podleg\u0142ych Papieskiej Komisji Ecclesia Dei. Seminarzy\u015bci prosz\u0105 o modlitwy w intencji ich powo\u0142a\u0144 kap\u0142a\u0144skich.&nbsp;<\/strong><\/p>\r\n<div class=\"alignleft\">\r\n<p><img decoding=\"async\" class=\"alignleft\" style=\"border: 0px none; margin: 10px;\" src=\"https:\/\/2.bp.blogspot.com\/-EV-dYDP3Z7M\/UJalYTTGw7I\/AAAAAAAAAVM\/IkFt3L3ygr8\/s200\/fsspherb.jpg\" width=\"131\" border=\"0\" align=\"left\" height=\"129\"> W europejskim seminarium<b>&nbsp;Bractwa Kap\u0142a\u0144skiego \u015aw. Piotra (FSSP)&nbsp;<\/b>w Wigratzbad w Bawarii do kap\u0142a\u0144stwa przygotowuje si\u0119 diakon Micha\u0142 z archidiecezji warszawskiej. Na etapie studi\u00f3w teologicznych jest kl. Wojciech z diecezji bielsko-\u017cywieckiej. W ameryka\u0144skim seminarium FSSP w Denton na etapie studi\u00f3w filozoficznych jest kl. Adrian pochodz\u0105cy z archidiecezji krakowskiej.<\/p>\r\n<\/div>\r\n<h4>&nbsp;<\/h4>\r\n<hr style=\"background-color: #000000; border-width: 0; color: #000000; height: 2px; line-height: 0; text-align: center; width: 2%;\">\r\n<h4>&nbsp;<\/h4>\r\n<div class=\"alignleft\">\r\n<p><img decoding=\"async\" class=\"alignleft\" style=\"border: 0px none; margin: 10px;\" src=\"https:\/\/4.bp.blogspot.com\/-Bjjl0ju8yrk\/UJbOIg4IzRI\/AAAAAAAAAVg\/kn7Kxt0n_hk\/s200\/ibp.PNG\" width=\"131\" border=\"0\" align=\"left\" height=\"117\"> W seminarium&nbsp;<b>Instytutu Dobrego Pasterza (IBP)<\/b>&nbsp;w Courtalain we Francji na etapie studi\u00f3w teologicznych jest kl. Przemys\u0142aw z archidiecezji warszawskiej. W tym roku do seminarium wst\u0105pi\u0142 Jan z diecezji warszawsko-praskiej oraz \u0141ukasz z archidiecezji cz\u0119stochowskiej.&nbsp;<\/p>\r\n<\/div>\r\n<h4>&nbsp;<\/h4>\r\n<hr style=\"background-color: #000000; border-width: 0; color: #000000; height: 2px; line-height: 0; text-align: center; width: 2%;\">\r\n<h4>&nbsp;<\/h4>\r\n<div class=\"alignleft\">\r\n<p><img decoding=\"async\" class=\"alignleft\" style=\"border: 0px none; margin: 10px;\" src=\"https:\/\/4.bp.blogspot.com\/-UGbe8eD9c6Q\/UJbRl8iWO2I\/AAAAAAAAAV0\/2oa-PqfN8pA\/s200\/ispn.PNG\" width=\"131\" border=\"0\" align=\"left\" height=\"139\"> W&nbsp;<b>Instytucie \u015aw. Filipa Neri (ISPN)&nbsp;<\/b>z siedzib\u0105 w Berlinie, do kap\u0142a\u0144stwa przygotowuje si\u0119 diakon Marcin pochodz\u0105cy z diecezji rzeszowskiej.<\/p>\r\n<\/div>\r\n<h4>&nbsp;<\/h4>\r\n<hr style=\"background-color: #000000; border-width: 0; color: #000000; height: 2px; line-height: 0; text-align: center; width: 2%;\">\r\n<h4>&nbsp;<\/h4>\r\n<div class=\"alignleft\">\r\n<p><strong><em>Sancte Gabriel Possenti, ora pro eis!<\/em><\/strong><\/p>\r\n<\/div>","protected":false},"excerpt":{"rendered":"Jak co roku, publikujemy radosne wie\u015bci o Polakach przygotowuj\u0105cych si\u0119 do kap\u0142a\u0144stwa w instytutach kap\u0142a\u0144skich na prawie papieskim podleg\u0142ych Papieskiej Komisji Ecclesia Dei. Seminarzy\u015bci prosz\u0105 o modlitwy w intencji ich powo\u0142a\u0144 kap\u0142a\u0144skich.&nbsp; W europejskim seminarium&nbsp;Bractwa Kap\u0142a\u0144skiego \u015aw. Piotra (FSSP)&nbsp;w Wigratzbad w Bawarii do kap\u0142a\u0144stwa przygotowuje si\u0119 diakon Micha\u0142 z archidiecezji warszawskiej. Na etapie studi\u00f3w teologicznych [&hellip;]","protected":false},"author":1,"featured_media":0,"comment_status":"closed","ping_status":"closed","sticky":false,"template":"","format":"standard","meta":{"_acf_changed":false,"_monsterinsights_skip_tracking":false,"ngg_post_thumbnail":0,"footnotes":"","_wp_rev_ctl_limit":""},"categories":[5],"tags":[24],"acf":[],"_links":{"self":[{"href":"https:\/\/www.bibula.com\/index.php?rest_route=\/wp\/v2\/posts\/97702"}],"collection":[{"href":"https:\/\/www.bibula.com\/index.php?rest_route=\/wp\/v2\/posts"}],"about":[{"href":"https:\/\/www.bibula.com\/index.php?rest_route=\/wp\/v2\/types\/post"}],"author":[{"embeddable":true,"href":"https:\/\/www.bibula.com\/index.php?rest_route=\/wp\/v2\/users\/1"}],"replies":[{"embeddable":true,"href":"https:\/\/www.bibula.com\/index.php?rest_route=%2Fwp%2Fv2%2Fcomments&post=97702"}],"version-history":[{"count":0,"href":"https:\/\/www.bibula.com\/index.php?rest_route=\/wp\/v2\/posts\/97702\/revisions"}],"wp:attachment":[{"href":"https:\/\/www.bibula.com\/index.php?rest_route=%2Fwp%2Fv2%2Fmedia&parent=97702"}],"wp:term":[{"taxonomy":"category","embeddable":true,"href":"https:\/\/www.bibula.com\/index.php?rest_route=%2Fwp%2Fv2%2Fcategories&post=97702"},{"taxonomy":"post_tag","embeddable":true,"href":"https:\/\/www.bibula.com\/index.php?rest_route=%2Fwp%2Fv2%2Ftags&post=97702"}],"curies":[{"name":"wp","href":"https:\/\/api.w.org\/{rel}","templated":true}]}}