{"id":97576,"date":"2017-09-24T19:52:20","date_gmt":"2017-09-24T23:52:20","guid":{"rendered":"http:\/\/www.bibula.com\/?p=97576"},"modified":"2017-09-24T19:52:20","modified_gmt":"2017-09-24T23:52:20","slug":"jakubiak-kukiz15-do-prezydenta-dudy-prosze-ujawnic-aneks-wsi","status":"publish","type":"post","link":"https:\/\/www.bibula.com\/?p=97576","title":{"rendered":"Jakubiak (Kukiz\u201915) do prezydenta Dudy: Prosz\u0119 ujawni\u0107 aneks WSI"},"content":{"rendered":"<p><strong>Pose\u0142 Kukiz\u201915 Marek Jakubiak uwa\u017ca, ujawnienie aneksu WSI pozwoli na&nbsp;ukr\u00f3cenie plotek z&nbsp;nim zwi\u0105zanych. Dokument powsta\u0142 w&nbsp;2007 roku.<\/strong><\/p>\r\n<p>Marek Jakubiak z&nbsp;Kukiz\u201915 w&nbsp;programie \u201eKawa na&nbsp;\u0142aw\u0119\u201d w&nbsp;TVN24 o\u015bwiadczy\u0142: <em>To jest kolejny prezydent, kt\u00f3ry nie ujawnia aneksu, a plotki chodz\u0105 wsz\u0119dzie. Prosz\u0119 go ujawni\u0107 i&nbsp;si\u0119 sko\u0144czy!<\/em><\/p>\r\n<p>Prowadz\u0105cy program TVN24 Bogdan Rymanowski przypomnia\u0142, \u017ce aneksu do raportu z&nbsp;Weryfikacji WSI nie chcia\u0142 ujawni\u0107 ju\u017c prezydent Lech Kaczy\u0144ski. <em>Bo tam nic nie ma, dlatego prosz\u0119 go ujawni\u0107<\/em> &#8211; uwa\u017ca Marek Jakubiak.<\/p>\r\n<ul>\r\n\t<li><strong>CZYTAJ WI\u0118CEJ: <a title=\"fot. fb\/andrzejduda\" href=\"https:\/\/kresy.pl\/wydarzenia\/kiedy-duda-ujawni-aneks-do-raportu-o-likwidacji-wsi\/\" rel=\"bookmark\">Kiedy Duda ujawni aneks do raportu o&nbsp;likwidacji Wojskowych S\u0142u\u017cb Informacyjnych?<\/a><\/strong><\/li>\r\n<\/ul>\r\n<p>Rzecznik Andrzeja Dudy Krzysztof \u0141api\u0144ski t\u0142umaczy\u0142, \u017ce aneks z&nbsp;likwidacji WSI nie zosta\u0142 ujawniony z&nbsp;powodu w\u0105tpliwo\u015bci jakie pojawi\u0142y si\u0119 w&nbsp;wyroku Trybuna\u0142u Konstytucyjnego w&nbsp;tej sprawie. <em>W takim razie prosz\u0119 si\u0119 zwr\u00f3ci\u0107 do TK i&nbsp;powiedzie\u0107 nam: trybuna\u0142 nie pozwala ujawni\u0107 aneksu WSI<\/em> &#8211; zaapelowa\u0142 pose\u0142 Kukiz\u201915 i&nbsp;przedstawiciel stowarzyszenia Endecja.<\/p>\r\n<p>Na pytanie zadane przez Rymanowskiego, czy Andrzej Duda odtajni dokument, rzecznik prezydenta nie odpowiedzia\u0142.<\/p>\r\n<p>W 2015 roku ujawnienie aneksu do raportu z&nbsp;weryfikacji Wojskowych S\u0142u\u017cb Informacyjnych po wyborach zapowiada\u0142 obecny szef MON Antoni Macierewicz. Polityk PiS stwierdzi\u0142 wtedy, \u017ce dokument nie zosta\u0142 ujawniony za prezydentury Lecha Kaczy\u0144skiego, z&nbsp;powodu konieczno\u015bci wprowadzenia w&nbsp;nim zmian.<\/p>\r\n<p>Kresy.pl \/ dorzezczy.pl<\/p>","protected":false},"excerpt":{"rendered":"Pose\u0142 Kukiz\u201915 Marek Jakubiak uwa\u017ca, ujawnienie aneksu WSI pozwoli na&nbsp;ukr\u00f3cenie plotek z&nbsp;nim zwi\u0105zanych. Dokument powsta\u0142 w&nbsp;2007 roku. Marek Jakubiak z&nbsp;Kukiz\u201915 w&nbsp;programie \u201eKawa na&nbsp;\u0142aw\u0119\u201d w&nbsp;TVN24 o\u015bwiadczy\u0142: To jest kolejny prezydent, kt\u00f3ry nie ujawnia aneksu, a plotki chodz\u0105 wsz\u0119dzie. Prosz\u0119 go ujawni\u0107 i&nbsp;si\u0119 sko\u0144czy! Prowadz\u0105cy program TVN24 Bogdan Rymanowski przypomnia\u0142, \u017ce aneksu do raportu z&nbsp;Weryfikacji WSI nie [&hellip;]","protected":false},"author":1,"featured_media":0,"comment_status":"closed","ping_status":"closed","sticky":false,"template":"","format":"standard","meta":{"_acf_changed":false,"_monsterinsights_skip_tracking":false,"_monsterinsights_sitenote_active":false,"_monsterinsights_sitenote_note":"","_monsterinsights_sitenote_category":0,"ngg_post_thumbnail":0,"footnotes":"","_wp_rev_ctl_limit":""},"categories":[8],"tags":[349,98,36],"acf":[],"_links":{"self":[{"href":"https:\/\/www.bibula.com\/index.php?rest_route=\/wp\/v2\/posts\/97576"}],"collection":[{"href":"https:\/\/www.bibula.com\/index.php?rest_route=\/wp\/v2\/posts"}],"about":[{"href":"https:\/\/www.bibula.com\/index.php?rest_route=\/wp\/v2\/types\/post"}],"author":[{"embeddable":true,"href":"https:\/\/www.bibula.com\/index.php?rest_route=\/wp\/v2\/users\/1"}],"replies":[{"embeddable":true,"href":"https:\/\/www.bibula.com\/index.php?rest_route=%2Fwp%2Fv2%2Fcomments&post=97576"}],"version-history":[{"count":0,"href":"https:\/\/www.bibula.com\/index.php?rest_route=\/wp\/v2\/posts\/97576\/revisions"}],"wp:attachment":[{"href":"https:\/\/www.bibula.com\/index.php?rest_route=%2Fwp%2Fv2%2Fmedia&parent=97576"}],"wp:term":[{"taxonomy":"category","embeddable":true,"href":"https:\/\/www.bibula.com\/index.php?rest_route=%2Fwp%2Fv2%2Fcategories&post=97576"},{"taxonomy":"post_tag","embeddable":true,"href":"https:\/\/www.bibula.com\/index.php?rest_route=%2Fwp%2Fv2%2Ftags&post=97576"}],"curies":[{"name":"wp","href":"https:\/\/api.w.org\/{rel}","templated":true}]}}