{"id":97502,"date":"2017-09-20T15:50:31","date_gmt":"2017-09-20T19:50:31","guid":{"rendered":"http:\/\/www.bibula.com\/?p=97502"},"modified":"2017-09-20T15:50:31","modified_gmt":"2017-09-20T19:50:31","slug":"koscielne-dzwony-bija-od-wiekow-ostatnio-zaczely-przeszkadzac","status":"publish","type":"post","link":"https:\/\/www.bibula.com\/?p=97502","title":{"rendered":"Ko\u015bcielne dzwony: bij\u0105 od wiek\u00f3w, ostatnio zacz\u0119\u0142y przeszkadza\u0107"},"content":{"rendered":"<p><strong>Katolickie parafie w Rybniku s\u0105 karane przez s\u0105d mandatami za bicie ko\u015bcielnych dzwon\u00f3w. Wystarczy zg\u0142oszenie nawet pojedynczej osoby i stra\u017c miejska kieruje spraw\u0119 do rozstrzygni\u0119cia przez wymiar sprawiedliwo\u015bci. Ten za\u015b, z braku odpowiednich przepis\u00f3w, traktuje parafie na r\u00f3wni z\u2026 zak\u0142adami przemys\u0142owymi.<\/strong><\/p>\r\n<p>&#8211; <em>Zap\u0142acili\u015bmy mandat, ale dostali\u015bmy drugi, mimo \u017ce ju\u017c \u015bciszyli\u015bmy dzwony. Jestem w kontakcie z mecenasem. Nie mamy ju\u017c chyba innego wyj\u015bcia jak tylko wyst\u0105pi\u0107 na drog\u0119 s\u0105dow\u0105<\/em> &#8211; m\u00f3wi w rozmowie z \u201eDziennikiem Zachodnim\u201d ojciec Jan Pilek, proboszcz prowadzonej przez werbist\u00f3w parafii Kr\u00f3lowej Aposto\u0142\u00f3w.<\/p>\r\n<p>Za pierwszym razem kara wynosi\u0142a dwie\u015bcie z\u0142otych plus koszty manipulacyjne. Tym razem jest dwukrotnie wi\u0119ksza.<\/p>\r\n<p>Wszystko z powodu natr\u0119tnego mieszka\u0144ca, kt\u00f3ry gdy tylko us\u0142yszy d\u017awi\u0119k porannych dzwon\u00f3w, zaczyna telefonowa\u0107 na wszystkie numery parafii oraz do stra\u017cy miejskiej.<\/p>\r\n<p>W rozmowie z gazet\u0105 Dawid B\u0142ato\u0144, rzecznik stra\u017cy miejskiej przyzna\u0142, \u017ce autorem zg\u0142osze\u0144 jest jedna osoba, kt\u00f3ra zasypuje posterunek alarmistycznymi listami. &#8211; <em>Musimy reagowa\u0107, wszczynamy normalne czynno\u015bci. Osoba sk\u0142ada zeznania, przes\u0142uchujemy \u015bwiadk\u00f3w, a potem wysy\u0142amy wniosek do s\u0105du. My mandatu parafii nie dajemy. S\u0105d rozstrzyga<\/em> &#8211; doda rzecznik.<\/p>\r\n<p>Ojciec Pilek podkre\u015bla jednak, \u017ce stra\u017c miejska kieruje wniosek o ukaranie od razu, bez dok\u0142adnego sprawdzenia sprawy. Ponadto, parafia, po badaniach ha\u0142asu wykonanych przez Inspektorat Ochrony \u015arodowiska, znacznie wyciszy\u0142a dzwony i skr\u00f3ci\u0142a czas emisji d\u017awi\u0119ku. Powt\u00f3rne badania wykaza\u0142y, \u017ce po zmianach mie\u015bci si\u0119 on w wyznaczonych normach.<\/p>\r\n<p>&#8211; <em>W 1983 roku by\u0142em w Monachium, w naszym domu. W\u00f3wczas wsp\u00f3\u0142bracia m\u00f3wili mi, \u017ce kto\u015b tam ma pretensje, \u017ce dzwony bij\u0105 w ko\u015bciele. Pomy\u015bla\u0142em sobie wtedy, co za ludzie tu mieszkaj\u0105? Komu przeszkadzaj\u0105 dzwony, kt\u00f3re od wiek\u00f3w dzwoni\u0105? Niestety, do\u017cy\u0142em czas\u00f3w, \u017ce spotka\u0142o to tak\u017ce nas <\/em>&#8211; powiedzia\u0142 proboszcz.<\/p>\r\n<p>Podobne problemy spotykaj\u0105 ksi\u0119\u017cy z rybnickiej bazyliki i z ko\u015bcio\u0142a przy szpitalu psychiatrycznym.<\/p>\r\n<p>Agnieszka Skupie\u0144 z gabinetu prezydenta miasta powiedzia\u0142a gazecie, \u017ce urz\u0105d notuje coraz wi\u0119cej skarg na parafialne dzwony. &#8211; <em>Je\u015bli chodzi o poziom ha\u0142asu, to ko\u015bcio\u0142y traktowane s\u0105 jako zak\u0142ady przemys\u0142owe. Nie ma przepis\u00f3w, kt\u00f3re zwalnia\u0142yby ko\u015bcio\u0142y od tego, by stosowa\u0107 wobec nich te same normy, jakie stosuje si\u0119 dla zak\u0142ad\u00f3w w sprawie dopuszczenia poziomu ha\u0142asu, zgodne z rozporz\u0105dzeniem ministra \u015brodowiska<\/em> &#8211; m\u00f3wi.<\/p>\r\n<p>\u0179r\u00f3d\u0142o: \u201eDziennik Zachodni\u201d<\/p>\r\n<p>RoM<\/p>","protected":false},"excerpt":{"rendered":"Katolickie parafie w Rybniku s\u0105 karane przez s\u0105d mandatami za bicie ko\u015bcielnych dzwon\u00f3w. Wystarczy zg\u0142oszenie nawet pojedynczej osoby i stra\u017c miejska kieruje spraw\u0119 do rozstrzygni\u0119cia przez wymiar sprawiedliwo\u015bci. Ten za\u015b, z braku odpowiednich przepis\u00f3w, traktuje parafie na r\u00f3wni z\u2026 zak\u0142adami przemys\u0142owymi. &#8211; Zap\u0142acili\u015bmy mandat, ale dostali\u015bmy drugi, mimo \u017ce ju\u017c \u015bciszyli\u015bmy dzwony. Jestem w kontakcie [&hellip;]","protected":false},"author":1,"featured_media":0,"comment_status":"closed","ping_status":"closed","sticky":false,"template":"","format":"standard","meta":{"_acf_changed":false,"_monsterinsights_skip_tracking":false,"_monsterinsights_sitenote_active":false,"_monsterinsights_sitenote_note":"","_monsterinsights_sitenote_category":0,"ngg_post_thumbnail":0,"footnotes":"","_wp_rev_ctl_limit":""},"categories":[5],"tags":[132,98],"acf":[],"_links":{"self":[{"href":"https:\/\/www.bibula.com\/index.php?rest_route=\/wp\/v2\/posts\/97502"}],"collection":[{"href":"https:\/\/www.bibula.com\/index.php?rest_route=\/wp\/v2\/posts"}],"about":[{"href":"https:\/\/www.bibula.com\/index.php?rest_route=\/wp\/v2\/types\/post"}],"author":[{"embeddable":true,"href":"https:\/\/www.bibula.com\/index.php?rest_route=\/wp\/v2\/users\/1"}],"replies":[{"embeddable":true,"href":"https:\/\/www.bibula.com\/index.php?rest_route=%2Fwp%2Fv2%2Fcomments&post=97502"}],"version-history":[{"count":0,"href":"https:\/\/www.bibula.com\/index.php?rest_route=\/wp\/v2\/posts\/97502\/revisions"}],"wp:attachment":[{"href":"https:\/\/www.bibula.com\/index.php?rest_route=%2Fwp%2Fv2%2Fmedia&parent=97502"}],"wp:term":[{"taxonomy":"category","embeddable":true,"href":"https:\/\/www.bibula.com\/index.php?rest_route=%2Fwp%2Fv2%2Fcategories&post=97502"},{"taxonomy":"post_tag","embeddable":true,"href":"https:\/\/www.bibula.com\/index.php?rest_route=%2Fwp%2Fv2%2Ftags&post=97502"}],"curies":[{"name":"wp","href":"https:\/\/api.w.org\/{rel}","templated":true}]}}