{"id":97231,"date":"2017-08-11T16:37:03","date_gmt":"2017-08-11T20:37:03","guid":{"rendered":"http:\/\/www.bibula.com\/?p=97231"},"modified":"2017-08-11T16:37:03","modified_gmt":"2017-08-11T20:37:03","slug":"kto-placi-ten-wymaga-nowe-logo-kul-bez-krzyza-i-korony","status":"publish","type":"post","link":"https:\/\/www.bibula.com\/?p=97231","title":{"rendered":"Kto p\u0142aci, ten wymaga. Nowe logo KUL bez krzy\u017ca i korony!"},"content":{"rendered":"<p>Przed laty znany re\u017cyser Andrzej Wajda nada\u0142 jednemu ze swoich film\u00f3w znamienny tytu\u0142 \u201eWszystko na sprzeda\u017c\u201d. Wiem, wiem, licentia poetica, ale warto przy tym tytule postawi\u0107 du\u017cy znak zapytania, odnosz\u0105c go do kwestii zasadniczych. A zw\u0142aszcza naszej chrze\u015bcija\u0144skiej wiary. Nie a\u017c tak du\u017cym echem odbi\u0142a si\u0119 informacja, \u017ce przed kilkoma miesi\u0105cami podj\u0119to decyzj\u0119 o usuni\u0119ciu krzy\u017ca z herbu Realu Madryt. Dotyczy\u0142o to gad\u017cet\u00f3w sprzedawanych w wybranych krajach Bliskiego Wschodu. Arabska firma, kt\u00f3ra dystrybuowa\u0142a je m.in. do Arabii Saudyjskiej, Zjednoczonych Emirat\u00f3w Arabskich, Kataru i innych, zastrzeg\u0142a to w kontrakcie, powo\u0142uj\u0105c si\u0119 na \u201ewzgl\u0119dy kulturowe\u201d. M\u00f3wi\u0105c wprost, muzu\u0142manie oferuj\u0105 miliony, ale nie b\u0119d\u0105 kupowa\u0107 \u017cadnych emblemat\u00f3w, nawet Realu Madryt, z krzy\u017cem w herbie. Dla lukratywnych kontrakt\u00f3w krzy\u017c musia\u0142 wi\u0119c znikn\u0105\u0107. Notabene nie pierwszy raz. Trzy lata wcze\u015bniej arabski sponsor za\u017cyczy\u0142 sobie usuni\u0119cia krzy\u017ca z herbu tego znanego klubu na kartach kredytowych.<\/p>\r\n<div class=\"entry-thumbnail\"><img fetchpriority=\"high\" decoding=\"async\" class=\"attachment-large  wp-post-image aligncenter\" src=\"http:\/\/46bah7dkfu-flywheel.netdna-ssl.com\/wp-content\/uploads\/2017\/08\/kul-nowe-logo.jpg\" sizes=\"(max-width: 624px) 100vw, 624px\" srcset=\"http:\/\/46bah7dkfu-flywheel.netdna-ssl.com\/wp-content\/uploads\/2017\/08\/kul-nowe-logo.jpg 624w, http:\/\/46bah7dkfu-flywheel.netdna-ssl.com\/wp-content\/uploads\/2017\/08\/kul-nowe-logo-300x192.jpg 300w, http:\/\/46bah7dkfu-flywheel.netdna-ssl.com\/wp-content\/uploads\/2017\/08\/kul-nowe-logo-200x128.jpg 200w\" alt=\"\" width=\"599\" height=\"384\">\r\n<p>Kto p\u0142aci\u2026 Czy jednak podobne praktyki musz\u0105 by\u0107 afirmowane w Europie? Chrze\u015bcija\u0144skiej przecie\u017c. Chrze\u015bcija\u0144stwo, a w nim krzy\u017c, to nasz kod kulturowy. Wielokrotnie wskazywa\u0142em, jak wymazuje si\u0119 go z dokument\u00f3w Unii Europejskiej, przestrzeni unijnych budowli, np. niedawno powsta\u0142ego Domu Historii Europejskiej.<\/p>\r\n<p>Z ogromn\u0105 przykro\u015bci\u0105 i niedowierzaniem przyj\u0105\u0142em informacj\u0119, \u017ce podobno Katolicki Uniwersytet Lubelski Jana Paw\u0142a II usuwa ze swego logo krzy\u017c oraz tradycyjne zawo\u0142anie \u201eDeo et Patriae\u201d (Bogu i Ojczy\u017anie), a tak\u017ce polskiego Or\u0142a w koronie. Trzydzie\u015bci dwa lata temu, jako student, z dum\u0105 przypi\u0105\u0142em znaczek z takimi w\u0142a\u015bnie emblematami do swetra. Mia\u0142em go tak\u017ce, gdy prowadzi\u0142em zaj\u0119cia jako wyk\u0142adowca KUL.<\/p>\r\n<p>Nie tylko ja zreszt\u0105. Obecnie, z racji sprawowania mandatu pos\u0142a do Parlamentu Europejskiego, jestem w mojej Uczelni na bezp\u0142atnym urlopie. Bywam wi\u0119c tylko informowany o r\u00f3\u017cnych zjawiskach zachodz\u0105cych przy Alejach Rac\u0142awickich 14 w Lublinie. Nie mog\u0105c do ko\u0144ca ich sprawdzi\u0107, otworzy\u0142em stron\u0119 internetow\u0105 KUL i nie dostrzeg\u0142em mojego logo. Znikn\u0119\u0142o. W zak\u0142adce \u201elogo KUL\u201d, jak mo\u017cna by\u0142o wnioskowa\u0107, w kontek\u015bcie przypadaj\u0105cego w przysz\u0142ym roku 100-lecia Uniwersytetu powsta\u0142o nowe logo. \u201eLogo 100-lecia\u201d. A w nim nie ma ani krzy\u017ca, ani dewizy, ani polskiego Or\u0142a w koronie. Pomy\u015bla\u0142em sobie w\u00f3wczas, \u017ce jest to siarczysty policzek wymierzony za\u0142o\u017cycielowi KUL ks. Idziemu Radziszewskiemu, a tak\u017ce ks. Antoniemu S\u0142omkowskiemu, pierwszemu powojennemu rektorowi tej jedynej katolickiej uczelni w bloku socjalistycznym, oraz ogromnej rzeszy profesor\u00f3w pracuj\u0105cych na KUL, student\u00f3w, absolwent\u00f3w, tak\u017ce mnie osobi\u015bcie. Czy jednak musimy si\u0119 z tym godzi\u0107 i pokornie nadstawia\u0107 drugi?<\/p>\r\n<p><em><strong>Miros\u0142aw Piotrowski<\/strong><\/em><br>\r\n Pose\u0142 do Parlamentu Europejskiego<br>\r\n <a href=\"http:\/\/www.piotrowski.org.pl\">www.piotrowski.org.pl<\/a><\/p>\r\n<p>\u0179r\u00f3d\u0142o: <a href=\"http:\/\/niedziela.pl\/artykul\/132353\/nd\">Niedziela.pl<\/a>, 2017-08-09<\/p>\r\n<p>&nbsp; * &nbsp; * &nbsp; * &nbsp; *<\/p>\r\n<h2>Odpowied\u017a prof. Piotrowskiego na komentarze ws. KUL-u<\/h2>\r\n<strong>Odpowied\u017a opublikowana na portalu&nbsp;<a href=\"http:\/\/m.niedziela.pl\/artykul\/30474\/Odpowiedz-prof-Piotrowskiego-na\" target=\"_blank\" rel=\"noopener\">Tygodnika Katolickiego Niedziela<\/a><\/strong>\r\n<p><img decoding=\"async\" class=\"aligncenter\" src=\"http:\/\/46bah7dkfu-flywheel.netdna-ssl.com\/wp-content\/uploads\/2017\/08\/euro-posel-miros%C5%82aw-piotrowski.jpg\" width=\"602\" height=\"386\"><\/p>\r\n<p style=\"text-align: center;\"><em>Prof. Miros\u0142aw Piotrowski, pose\u0142 do Parlamentu Europejskiego. Fot. za. piotrowski.org.pl<\/em><\/p>\r\n<p><em>W zwi\u0105zku z pojawiaj\u0105cymi si\u0119 o\u015bwiadczeniami i komentarzami, dotycz\u0105cymi mojego felietonu \u201eNie wszystko na sprzeda\u017c\u201d, kt\u00f3ry ukaza\u0142 si\u0119 w Tygodniku Katolickim \u201eNiedziela\u201d, pragn\u0119 zapyta\u0107 przekr\u0119caj\u0105cych moje s\u0142owa:<\/em><\/p>\r\n<p><em>Czy trwa\u0142y znak rozpoznawczy KUL, od dziesi\u0119cioleci traktowany jako logo tej Uczelni, zawieraj\u0105cy znak krzy\u017ca, wizerunek Or\u0142a Bia\u0142ego z koron\u0105 na g\u0142owie, dewiz\u0119 Deo et Patriae, zosta\u0142 usuni\u0119ty ze strony startowej KUL jako jej element trwa\u0142y?<\/em><\/p>\r\n<p><em>Czy prawd\u0105 jest, \u017ce ju\u017c wcze\u015bniej duchowni i \u015bwieccy pracownicy KUL domagali si\u0119 wyja\u015bnie\u0144 w tej sprawie?<\/em><\/p>\r\n<p><em>Miros\u0142aw Piotrowski<\/em><\/p>\r\n<p>Za: &nbsp;<a href=\"https:\/\/www.piotrowski.org.pl\/odpowiedz-prof-piotrowskiego-na-komentarze-ws-kul-u,1767.html\">www.piotrowski.org.pl<\/a> , 10 sierpnia 2017.<\/p>\r\n<\/div>","protected":false},"excerpt":{"rendered":"Przed laty znany re\u017cyser Andrzej Wajda nada\u0142 jednemu ze swoich film\u00f3w znamienny tytu\u0142 \u201eWszystko na sprzeda\u017c\u201d. Wiem, wiem, licentia poetica, ale warto przy tym tytule postawi\u0107 du\u017cy znak zapytania, odnosz\u0105c go do kwestii zasadniczych. A zw\u0142aszcza naszej chrze\u015bcija\u0144skiej wiary. Nie a\u017c tak du\u017cym echem odbi\u0142a si\u0119 informacja, \u017ce przed kilkoma miesi\u0105cami podj\u0119to decyzj\u0119 o usuni\u0119ciu [&hellip;]","protected":false},"author":1,"featured_media":0,"comment_status":"closed","ping_status":"closed","sticky":false,"template":"","format":"standard","meta":{"_acf_changed":false,"_monsterinsights_skip_tracking":false,"_monsterinsights_sitenote_active":false,"_monsterinsights_sitenote_note":"","_monsterinsights_sitenote_category":0,"ngg_post_thumbnail":0,"footnotes":"","_wp_rev_ctl_limit":""},"categories":[5],"tags":[98,33],"acf":[],"_links":{"self":[{"href":"https:\/\/www.bibula.com\/index.php?rest_route=\/wp\/v2\/posts\/97231"}],"collection":[{"href":"https:\/\/www.bibula.com\/index.php?rest_route=\/wp\/v2\/posts"}],"about":[{"href":"https:\/\/www.bibula.com\/index.php?rest_route=\/wp\/v2\/types\/post"}],"author":[{"embeddable":true,"href":"https:\/\/www.bibula.com\/index.php?rest_route=\/wp\/v2\/users\/1"}],"replies":[{"embeddable":true,"href":"https:\/\/www.bibula.com\/index.php?rest_route=%2Fwp%2Fv2%2Fcomments&post=97231"}],"version-history":[{"count":0,"href":"https:\/\/www.bibula.com\/index.php?rest_route=\/wp\/v2\/posts\/97231\/revisions"}],"wp:attachment":[{"href":"https:\/\/www.bibula.com\/index.php?rest_route=%2Fwp%2Fv2%2Fmedia&parent=97231"}],"wp:term":[{"taxonomy":"category","embeddable":true,"href":"https:\/\/www.bibula.com\/index.php?rest_route=%2Fwp%2Fv2%2Fcategories&post=97231"},{"taxonomy":"post_tag","embeddable":true,"href":"https:\/\/www.bibula.com\/index.php?rest_route=%2Fwp%2Fv2%2Ftags&post=97231"}],"curies":[{"name":"wp","href":"https:\/\/api.w.org\/{rel}","templated":true}]}}