{"id":97145,"date":"2017-08-04T13:07:51","date_gmt":"2017-08-04T17:07:51","guid":{"rendered":"http:\/\/www.bibula.com\/?p=97145"},"modified":"2017-08-04T13:07:51","modified_gmt":"2017-08-04T17:07:51","slug":"ekskomunika-przez-twittera-co-dalej-z-krytykiem-papieza","status":"publish","type":"post","link":"https:\/\/www.bibula.com\/?p=97145","title":{"rendered":"Ekskomunika przez Twittera. Co dalej z krytykiem papie\u017ca?"},"content":{"rendered":"<p><strong>Og\u0142oszono ekskomunik\u0119 Jos\u00c3\u00a9 Galata, by\u0142ego rektora Uniwersytetu La Gran Kolumbia i za\u0142o\u017cyciela stacji telewizyjnej Teleamiga &#8211; twierdzi zagraniczny portal religijny. O braku mo\u017cliwo\u015bci przyjmowania sakrament\u00f3w przez profesora Galata poinformowal przewodnicz\u0105cy Ko\u015bcielnego Trybuna\u0142u Bogoty. Z jednej strony nie da si\u0119 ukry\u0107, \u017ce profesor g\u0142osi\u0142 tezy trudne do zaakceptowania, jak cho\u0107by rzekoma niewa\u017cno\u015b\u0107 wyboru Franciszka na Stolic\u0119 Piotrow\u0105. Mimo to w\u015br\u00f3d komentator\u00f3w pojawia si\u0119 oburzenie dysproporcj\u0105 mi\u0119dzy traktowaniem konserwatywnych przeciwnik\u00f3w Ojca \u015awi\u0119tego, a tolerancj\u0105 najskrajniejszych post\u0119powc\u00f3w, a nawet otwartych wrog\u00f3w Ko\u015bcio\u0142a.<\/strong><\/p>\r\n<p>By\u0142y rektor Uniwersytetu La Gran Kolumbia g\u0142osi\u0142 mi\u0119dzy innymi, \u017ce papie\u017c Franciszek zosta\u0142 nieprawnie wybrany i oskar\u017ca\u0142 go o sprzeciwianie si\u0119 wielu fundamentalnym aspektom nauki katolickiej. Tezy te Maike Hicksona przedstawia\u0142 na antenie za\u0142o\u017conej i posiadanej przez niego stacji Teleamiga.<\/p>\r\n<p>W zwi\u0105zku z tym kolumbijscy biskupi podj\u0119li \u201ekroki kanoniczne\u201d przeciwko profesorowi, os\u0105dzanemu o postaw\u0119 schizmatyck\u0105. One Peter Five spekuluje, \u017ce dzia\u0142ania hierarch\u00f3w wi\u0105\u017c\u0105 si\u0119 z przygotowaniami na zaplanowan\u0105 na \u015brodek wrze\u015bnia pielgrzymk\u0119 papie\u017ca Franciszka.<\/p>\r\n<p>W sprawie wypowiedzia\u0142 si\u0119 te\u017c pra\u0142at Pedro Mercado, przewodnicz\u0105cy Ko\u015bcielnego Trybuna\u0142u Bogoty. 26 lipca opublikowa\u0142 on o\u015bwiadczenie g\u0142osz\u0105ce, \u017ce \u201ez powodu uporczywego niepos\u0142usze\u0144stwa wobec papie\u017ca Jos\u00c3\u00a9 Galat umie\u015bci\u0142 si\u0119 poza komuni\u0105 z Ko\u015bcio\u0142em. Nie mo\u017ce on przyjmowa\u0107 Sakrament\u00f3w\u201d. Pikanterii sprawie dodaje fakt, \u017ce o\u015bwiadczenie ukaza\u0142o si\u0119 pierwotnie na Twitterze. R\u00f3wnie\u017c 26 lipca pra\u0142at Mercado r\u00f3wnie\u017c na tym portalu spo\u0142eczno\u015bciowym pochwali\u0142 si\u0119 pisz\u0105c \u201ejestem katolikiem i znajduj\u0119 si\u0119 w komunii\u201d. Dow\u00f3d tego stanowi\u0142o zdj\u0119cie jego wraz z papie\u017cem Franciszkiem.&nbsp;<\/p>\r\n<p>Jos\u00c3\u00a9 Galat dwukrotnie odpowiedzia\u0142 na stawiane mu zarzuty. 25 lipa stwierdzi\u0142, \u017ce \u201eto prawda, \u017ce katolik musi \u017cywi\u0107 mi\u0142o\u015b\u0107 i szacunek dla legalnego nast\u0119pcy aposto\u0142a Piotra\u201d. Jednak jego zdaniem mo\u017cna si\u0119 zastanawia\u0107 czy papie\u017c naprawd\u0119 zosta\u0142 wybrany przez Boga czy mo\u017ce przez cz\u0142owieka, a mo\u017ce wr\u0119cz \u201emafi\u0119 kardyna\u0142\u00f3w\u201d. Powo\u0142a\u0142 si\u0119 na s\u0142owa kardyna\u0142a Godfrieda Danneelsa, twierdz\u0105cego, \u017ce to presja tej \u201emafii\u201d doprowadzi\u0142a do rezygnacji Benedykta XVI i wyboru Franciszka. Zdaniem profesora Galata papie\u017c Franciszek g\u0142osi tezy sprzeczne z nauk\u0105 Ko\u015bcio\u0142a w kwestii prozelityzmu (nawracania), pot\u0119pienia wiecznego czy Komunii dla pewnych os\u00f3b w cudzo\u0142o\u017cnych zwi\u0105zkach.<\/p>\r\n<p>Z kolei 26 lipca Jos\u00c3\u00a9 Galat stwierdzi\u0142 na Facebooku, \u017ce nie mo\u017ce zgodzi\u0107 si\u0119 ze stwierdzeniami, jakoby u\u017cywa\u0142 \u201eszkodliwych i powierzchownych argument\u00f3w\u201d. Jego zdaniem takie okre\u015blenia pasuj\u0105 do rozpowszechnianych \u201efa\u0142szywych doktryn na temat wiary i Ko\u015bcio\u0142a nauczanych i utrzymywanych przez papie\u017ca Franciszka\u201d.&nbsp;Skrytykowa\u0142 tak\u017ce \u201ed\u0105\u017cenie do zniszczenia rodziny\u201d poprzez \u201epraktyczn\u0105 legalizacj\u0119 cudzo\u0142\u00f3stwa\u201d.<\/p>\r\n<p>Opinie Jos\u00c3\u00a9 Galata jawi\u0105 si\u0119 jako zbyt daleko id\u0105ce i istotnie nosz\u0105ce znamiona schizmy. Nie istniej\u0105 bowiem dowody, pozwalaj\u0105ce s\u0105dzi\u0107, jakoby wyb\u00f3r Franciszka by\u0142 nielegalny. Publiczne o\u015bwiadczenia Benedykta XVI wskazuj\u0105 na dobrowolno\u015b\u0107 rezygnacji papie\u017ca-seniora i uznawanie przeze\u0144 Ojca \u015awi\u0119tego Franciszka.<\/p>\r\n<p>Mimo to tak surowe dzia\u0142ania przeciwko 88 latkowi zas\u0142u\u017conemu w dzia\u0142alno\u015b\u0107 dla dobra kraju budz\u0105 zaniepokojenie Maike Hicksona z portalu One Peter Five. Jego zdaniem hierarchia post\u0119puje w tym przypadku w sprzeczno\u015bci z g\u0142oszon\u0105 przez Ko\u015bci\u00f3\u0142 zasad\u0105 mi\u0142osierdzia.&nbsp;&nbsp;<\/p>\r\n<p>\u0179r\u00f3d\u0142o: onepeterfive.com<\/p>\r\n<p>mjend&nbsp;<\/p>\r\n<blockquote>\r\n<p>[<strong>Wybrane wypowiedzi internaut\u00f3w pod w\/w tekstem na stronie \u017ar\u00f3d\u0142owej:<\/strong>]<\/p>\r\n<p><em>pg<\/em><br>\r\n Mog\u0142aby Szanowna Redakcja zapozna\u0107 si\u0119 bli\u017cej z argumentami przemawiaj\u0105cymi za niewa\u017cno\u015bci\u0105 wyboru Bergoglio, zamiast podsumowywa\u0107 p\u0142ytkim i powierzchownym &#8222;nie istniej\u0105 dowody&#8221;. A sk\u0105d redakcja wie, \u017ce nie istniej\u0105, skoro nie zada\u0142a sobie trudu, \u017ceby chocia\u017c zapozna\u0107 si\u0119 z argumenrami strony, kt\u00f3ra tak twierdzi. Argumenty te wcale nie musz\u0105 prowadzi\u0107 do &#8222;sede vacante&#8221;. Ostatecznie \u017cyje jeszcze Benedykt XVI, kt\u00f3ry wcale i bynajmniej nie zrzek\u0142 si\u0119 swojego papiestwa, a zosta\u0142 &#8211; jak sam twierdzi &#8211; papie\u017cem-emerytem. Oczywi\u015bcie nie mo\u017ce by\u0107 dw\u00f3ch papie\u017cy, ale nie ma tu miejsca na rozwijanie tematu. Dla mnie ostatecznym argumentem jest oczywista herezja, a raczej liczne herezje Bergoglio, jego tyra\u0144skie rz\u0105dy, pogarda dla tradycji i prawowiernych katolik\u00f3w, mi\u0142o\u015b\u0107 do lewactwa, ludzie, a raczej kliki, w tym homoseksualne, kt\u00f3rymi si\u0119 otacza, doprowadzenie do olbrzymiej schizmy w Ko\u015bciele i konsekwentne niszczenie Ko\u015bcio\u0142a. Naprawd\u0119 trzeba by\u0107 \u015blepym, \u017ceby nie widzie\u0107 Z\u0142a,kt\u00f3re reprezentuj<\/p>\r\n<p><em>lukas<\/em><br>\r\n Czy ekskomunika przez Twittera jest wa\u017cna? zapewne kpk przewiduje tak\u0105 procedur\u0119 og\u0142aszania ekskomuniki. Je\u015bli kogo\u015b &#8222;papie\u017c&#8221; Franciszek i jego akolici ekskomunikuj\u0105 to najprawdopodobniej jest to prawowierny katolik g\u0142osz\u0105cy prawd\u0119 i przypominaj\u0105cy niezmutowan\u0105 nauk\u0119 ko\u015bcio\u0142a<\/p>\r\n<p><em>Megi<\/em><br>\r\n To bardzo niepokoj\u0105ce, ze genera\u0142 Jezuit\u00f3w za konstrukt wyimaginowanego diab\u0142a nie zosta\u0142 ukarany, o.Martin za wypowiedzi i postulowanie zmiany j\u0119zyka KKK w odniesieniu do sodomit\u00f3w, bo rzekomo s\u0105 przez KK \u017ale traktowani(sic!), r\u00f3wnie\u017c \u017cadnego upomnienia nie otrzyma\u0142. Znany proceder z proaborcyjnym prewmierem , kt\u00f3ry z r\u0105k kanadyjskiego hierarchy przyj\u0105\u0142 Naj\u015bwi\u0119tszy Sakrament te\u017c nie zosta\u0142 przez Watykan zauwa\u017cony&#8230;a profesor Galat, za krytyk\u0119 dzia\u0142a\u0144 papie\u017ca , kt\u00f3ry notorycznie powo\u0142uje si\u0119 na mi\u0142osierdzie co do cia\u0142a, z ca\u0142kowitym pomini\u0119ciem duszy jest ekskomunikowany &#8230;Przera\u017ca widok papie\u017ca,kt\u00f3ry 13.10.2016r przekl\u0119tego Lutra w auli Paw\u0142a VI z honorami jak \u015bwi\u0119tego przyjmuje, a na wierne Bogu dzieci KK rzuca kl\u0105tw\u0119 i wyklucza&#8230;Jak tak dalej b\u0119dzie, to wierni Chrystusowi kap\u0142ani i my laikat zmuszeni b\u0119dziemy czci\u0107 naszego Pana w katakumbach, za to \u017ce nie godzimy si\u0119 na WYPACZANIE EWANGELII i bezczeszczenie O\u0142tarza Pa\u0144skiego. JEZU RATUJ!<\/p>\r\n<p><em>Bond (James)<\/em><br>\r\n A co z kardyna\u0142em niemieckiego Ko\u015bcio\u0142a Katolickiego(?), kt\u00f3ry publicznie powiedzia\u0142: &#8222;Nie jeste\u015bmy fili\u0105 Rzymu&#8221; ???<\/p>\r\n<p><em>Filip S<\/em><br>\r\n Oto jak w praktyce wygl\u0105da &#8222;mi\u0142osierdzie&#8221; w wykonaniu modernist\u00f3w i libera\u0142\u00f3w.<\/p>\r\n<p><em>Megi<\/em><br>\r\n Bardzo skuteczna metoda kneblowania ust&#8230;Ignorancja Dubi\u00f3w ju\u017c nie wystarcza&#8230;Bardzo niepokoi metoda zamordyzmu bardzo dobrze znanych s\u0142u\u017cb bezpiecze\u0144stwa ideologii w\u0142adcy tego \u015bwiata&#8230;Jezu ratuj nas przed gorszycielami, i faryzeuszami o mentalno\u015bci judaszowskiej, kt\u00f3rzy w Twoim Ko\u015bciele ucz\u0105 nas \u017cycia w niesakramentalnych zwi\u0105zkach, zniewa\u017caj\u0105 Twoje Naj\u015bwi\u0119tsze Cia\u0142o i Krew, przez usprawiedliwianie obrzydliwo\u015bci, kt\u00f3re Ty pot\u0119piasz.<\/p>\r\n<p><em>Leaf427<\/em><br>\r\n Czasy zam\u0119tu powszechnego. Nasi pasterze, ci z najwy\u017cszej p\u00f3\u0142ki doprowadzili do sytuacji, w kt\u00f3rej szeregowe owieczki, kt\u00f3re zada\u0142y sobie nieco trudu i cho\u0107by pobie\u017cnie przestudiowa\u0142y Bibli\u0119, prawdy przekazywane przez Tradycj\u0119 i histori\u0119 KK, doznaj\u0105 dysonansu poznawczego pomi\u0119dzy s\u0142owami i czynami wierchuszki watyka\u0144skiej a Prawdzie zawartej w depozycie wiary, kt\u00f3rej ta wierchuszka ma strzec. Tego ju\u017c nie da si\u0119 d\u0142u\u017cej maskowa\u0107 i pudrowa\u0107. Najgorsze jest to, \u017ce milczy si\u0119 w sprawie dubi\u00f3w w nadziei, \u017ce owieczki zapomn\u0105, a w obliczu \u015bmia\u0142ej krytyki Watykanu jak w przypadku Galata nikt mu dubi\u00f3w nie wysy\u0142a, nikt nie zbija jego argument\u00f3w tylko wymierza si\u0119 maksymaln\u0105 kar\u0119. Taka nowa forma dialogu. To ju\u017c z protestantami, \u017cydami i islamistami grzeczniej dialoguj\u0105. Ks. Murzi\u0144ski przepowiada\u0142, \u017ce b\u0119dziemy bici pa\u0142k\u0105 pos\u0142usze\u0144stwa. Poczekajmy na owoce i m\u00f3dlmy si\u0119 za KK.<\/p>\r\n<\/blockquote>","protected":false},"excerpt":{"rendered":"Og\u0142oszono ekskomunik\u0119 Jos\u00c3\u00a9 Galata, by\u0142ego rektora Uniwersytetu La Gran Kolumbia i za\u0142o\u017cyciela stacji telewizyjnej Teleamiga &#8211; twierdzi zagraniczny portal religijny. O braku mo\u017cliwo\u015bci przyjmowania sakrament\u00f3w przez profesora Galata poinformowal przewodnicz\u0105cy Ko\u015bcielnego Trybuna\u0142u Bogoty. Z jednej strony nie da si\u0119 ukry\u0107, \u017ce profesor g\u0142osi\u0142 tezy trudne do zaakceptowania, jak cho\u0107by rzekoma niewa\u017cno\u015b\u0107 wyboru Franciszka na Stolic\u0119 [&hellip;]","protected":false},"author":1,"featured_media":0,"comment_status":"closed","ping_status":"closed","sticky":false,"template":"","format":"standard","meta":{"_acf_changed":false,"_monsterinsights_skip_tracking":false,"_monsterinsights_sitenote_active":false,"_monsterinsights_sitenote_note":"","_monsterinsights_sitenote_category":0,"ngg_post_thumbnail":0,"footnotes":"","_wp_rev_ctl_limit":""},"categories":[3],"tags":[16,301,33],"acf":[],"_links":{"self":[{"href":"https:\/\/www.bibula.com\/index.php?rest_route=\/wp\/v2\/posts\/97145"}],"collection":[{"href":"https:\/\/www.bibula.com\/index.php?rest_route=\/wp\/v2\/posts"}],"about":[{"href":"https:\/\/www.bibula.com\/index.php?rest_route=\/wp\/v2\/types\/post"}],"author":[{"embeddable":true,"href":"https:\/\/www.bibula.com\/index.php?rest_route=\/wp\/v2\/users\/1"}],"replies":[{"embeddable":true,"href":"https:\/\/www.bibula.com\/index.php?rest_route=%2Fwp%2Fv2%2Fcomments&post=97145"}],"version-history":[{"count":0,"href":"https:\/\/www.bibula.com\/index.php?rest_route=\/wp\/v2\/posts\/97145\/revisions"}],"wp:attachment":[{"href":"https:\/\/www.bibula.com\/index.php?rest_route=%2Fwp%2Fv2%2Fmedia&parent=97145"}],"wp:term":[{"taxonomy":"category","embeddable":true,"href":"https:\/\/www.bibula.com\/index.php?rest_route=%2Fwp%2Fv2%2Fcategories&post=97145"},{"taxonomy":"post_tag","embeddable":true,"href":"https:\/\/www.bibula.com\/index.php?rest_route=%2Fwp%2Fv2%2Ftags&post=97145"}],"curies":[{"name":"wp","href":"https:\/\/api.w.org\/{rel}","templated":true}]}}