{"id":97048,"date":"2017-07-31T16:27:07","date_gmt":"2017-07-31T20:27:07","guid":{"rendered":"http:\/\/www.bibula.com\/?p=97048"},"modified":"2017-07-31T16:27:07","modified_gmt":"2017-07-31T20:27:07","slug":"fundacji-ktora-chciala-majdanu-w-polsce-odebrano-koncesje-na-handel-bronia","status":"publish","type":"post","link":"https:\/\/www.bibula.com\/?p=97048","title":{"rendered":"Fundacji, kt\u00f3ra chcia\u0142a Majdanu w Polsce, odebrano koncesj\u0119 na handel broni\u0105"},"content":{"rendered":"<p><strong>Otwarty Dialog straci\u0142 koncesj\u0119 na&nbsp;obr\u00f3t broni\u0105 i&nbsp;amunicj\u0105. Jak przyzna\u0142o kierownictwo fundacji, pocz\u0105tkowo wykonywano t\u0119 dzia\u0142alno\u015b\u0107 nielegalnie.<\/strong><\/p>\r\n<p>Fundacja Otwarty Dialog, kt\u00f3rej jeden z&nbsp;szef\u00f3w, Bartosz Kramek opracowa\u0142 <a href=\"https:\/\/kresy.pl\/wydarzenia\/fundacja-otwarty-dialog-publikuje-instrukcje-majdan-warszawie\/\">specjalny plan \u201ezatrzymania\u201d polskiego pa\u0144stwa i&nbsp;\u201ewy\u0142\u0105czenia rz\u0105du\u201d bazuj\u0105cy na&nbsp;do\u015bwiadczeniach kijowskiego Majdanu<\/a>, do niedawna posiada\u0142a koncesj\u0119 na&nbsp;handel broni\u0105. W czerwcu br. MSWiA odebra\u0142o jej t\u0119 koncesj\u0119. &#8211; ustali\u0142 portal wPolityce.&nbsp;<\/p>\r\n<p><em>Fundacja Otwarty Dialog z&nbsp;siedzib\u0105 Warszawa, Al. Szucha 11 lok 21 posiada\u0142a koncesj\u0119 nr B-088\/2014 udzielon\u0105 przez Ministra Spraw Wewn\u0119trznych w&nbsp;dniu 15.12.2014 r na&nbsp;wykonywanie dzia\u0142alno\u015bci gospodarczej w&nbsp;zakresie obrotu wyrobami o&nbsp;przeznaczeniu wojskowym lub policyjnym okre\u015blonymi w&nbsp;WT XII ust 1, 3 i&nbsp;4 oraz WT XIV ust 12 Za\u0142\u0105cznika nr 2 ;Wykaz wyrob\u00f3w i&nbsp;technologii o&nbsp;przeznaczeniu wojskowym lub policyjnym &#8211; do Rozporz\u0105dzenia Rady Ministr\u00f3w z&nbsp;dn. 03.12.2001 r. w&nbsp;sprawie rodzaj\u00f3w broni i&nbsp;amunicji oraz wykazu wyrob\u00f3w i&nbsp;technologii o&nbsp;przeznaczeniu wojskowym lub policyjnym, na&nbsp;kt\u00f3rych wytwarzanie lub obr\u00f3t jest wymagana koncesja; bez prawa magazynowania.<\/em><br>\r\n <em> Decyzj\u0105 z&nbsp;dnia 12.06.2017 r. ww koncesja zosta\u0142a cofni\u0119ta. Decyzja jest prawomocna.<\/em> &#8211; napisano w&nbsp;komunikacie MSWiA przes\u0142anym portalowi.<\/p>\r\n<p>Szefowie fundacji &#8211; Lyudmyla Kozlovska i&nbsp;Bartosz Kramek &#8211; przyznali, \u017ce fundacja prowadzi\u0142a obr\u00f3t broni\u0105 w&nbsp;wywiadzie udzielonym Tomaszowi Sekielskiemu.<\/p>\r\n<p><em>My nawet do niedawna byli\u015bmy posiadaczami specjalnej koncesji od Ministerstwa Spraw Wewn\u0119trznych na, potocznie m\u00f3wi\u0105c, handel broni\u0105, co wynika\u0142o z&nbsp;kolei z&nbsp;tego, \u017ce dostarczali\u015bmy kamizelki kuloodporne i&nbsp;he\u0142my na&nbsp;Ukrain\u0119. Robili\u015bmy to pocz\u0105tkowo nielegalnie, bo nie byli\u015bmy \u015bwiadomi istnienia tych przepis\u00f3w. Potem si\u0119 zreflektowali\u015bmy. By\u0142a wielka afera. W ko\u0144cu post\u0119powanie umorzono ze wzgl\u0119du na&nbsp;nisk\u0105 szkodliwo\u015b\u0107 spo\u0142eczn\u0105<\/em> &#8211; m\u00f3wi\u0142 Kramek w&nbsp;programie red. Sekielskiego.<\/p>\r\n<p>Oboje przyznali tak\u017ce, \u017ce plan przedstawiony przez Kramka <strong>nie jest jego prywatn\u0105 opini\u0105, lecz stanowiskiem fundacji.<\/strong><\/p>\r\n<div class=\"avia-iframe-wrap\"><iframe src=\"https:\/\/www.youtube.com\/embed\/sZOCY381ehU?feature=oembed&amp;wmode=opaque\" allowfullscreen=\"allowfullscreen\" data-mce-fragment=\"1\" width=\"600\" height=\"444\" frameborder=\"0\"><\/iframe>\r\n<p>Przypomnijmy, \u017ce szefa Rady Fundacji Bartosz Kramek opublikowa\u0142 w&nbsp;lipcu br. w&nbsp;mediach spo\u0142eczno\u015bciowych 16-punktow\u0105 instrukcj\u0119 jak za pomoc\u0105 m.in. masowych protest\u00f3w, niep\u0142acenia podatk\u00f3w czy buntu samorz\u0105d\u00f3w i&nbsp;s\u0119dzi\u00f3w odsun\u0105\u0107 PiS od w\u0142adzy. Tekst, jak sam podkre\u015bla\u0142, by\u0142 oparty na&nbsp;\u201edo\u015bwiadczeniach wyniesionych z&nbsp;misji obserwacji i&nbsp;wsparcia ukrai\u0144skiego Euromajdanu\u201d. Jednocze\u015bnie Kramek odni\u00f3s\u0142 si\u0119 do mo\u017cliwego rozlewu krwi w&nbsp;Polsce:<\/p>\r\n<p><strong><em>Nikt nie chce Majdanu i&nbsp;rozlewu krwi w&nbsp;Polsce, ale eskalacja napi\u0119cia ka\u017ce bra\u0107 niemal ka\u017cdy, dot\u0105d niewyobra\u017calny scenariusz pod uwag\u0119 &#8211; i&nbsp;by\u0107 na&nbsp;niego gotowym.<\/em><\/strong> &#8211; pisa\u0142 Kramek.<\/p>\r\n<p>W wyniku trzymiesi\u0119cznych protest\u00f3w na&nbsp;kijowskim Majdanie na&nbsp;prze\u0142omie 2013 i&nbsp;2014 roku zgin\u0119\u0142o oko\u0142o 100 os\u00f3b, g\u0142\u00f3wnie zwolennik\u00f3w \u00f3wczesnej opozycji, ale r\u00f3wnie\u017c 13 milicjant\u00f3w. Wed\u0142ug przyj\u0119tej a priori i&nbsp;narzuconej przez przyt\u0142aczaj\u0105c\u0105 wi\u0119kszo\u015b\u0107 medi\u00f3w wersji wydarze\u0144, zab\u00f3jstw manifestant\u00f3w dokonali snajperzy rz\u0105du Janukowycza. Jednak wed\u0142ug <a href=\"http:\/\/kresy.pl\/publicystyka\/nowa-analiza-dr-iwana-kaczanowskiego-wiekszosc-zabitych-na-majdanie-to-ofiary-uzbrojonych-aktywistow\/\">analiz dr Iwana Kaczanowskiego z&nbsp;Uniwersytetu w&nbsp;Ottawie, wielokrotnie omawianych przez Kresy.pl<\/a>, masakra na&nbsp;Majdanie by\u0142a operacj\u0105 typu \u201efalse flag\u201d &nbsp;dokonan\u0105 przez &nbsp;snajper\u00f3w zwi\u0105zanych z&nbsp;cz\u0119\u015bci\u0105 opozycji, najprawdopodobniej z&nbsp;ugrupowaniami radykalnymi.<\/p>\r\n<section class=\"adsblock_section avia_code_block_section avia_code_block_0\"><\/section>\r\n<ul>\r\n\t<li>CZYTAJ TAK\u0179E: <a href=\"https:\/\/kresy.pl\/wydarzenia\/polityka\/kaminski-wnioskuje-o-kontrole-fundacji-otwarty-dialog\/\">Kami\u0144ski wnioskuje o&nbsp;kontrol\u0119 w&nbsp;Fundacji Otwarty Dialog<\/a><\/li>\r\n<\/ul>\r\n<p>Kresy.pl \/ wpolityce.pl \/ wprawo.pl<\/p>\r\n<\/div>","protected":false},"excerpt":{"rendered":"Otwarty Dialog straci\u0142 koncesj\u0119 na&nbsp;obr\u00f3t broni\u0105 i&nbsp;amunicj\u0105. Jak przyzna\u0142o kierownictwo fundacji, pocz\u0105tkowo wykonywano t\u0119 dzia\u0142alno\u015b\u0107 nielegalnie. Fundacja Otwarty Dialog, kt\u00f3rej jeden z&nbsp;szef\u00f3w, Bartosz Kramek opracowa\u0142 specjalny plan \u201ezatrzymania\u201d polskiego pa\u0144stwa i&nbsp;\u201ewy\u0142\u0105czenia rz\u0105du\u201d bazuj\u0105cy na&nbsp;do\u015bwiadczeniach kijowskiego Majdanu, do niedawna posiada\u0142a koncesj\u0119 na&nbsp;handel broni\u0105. W czerwcu br. MSWiA odebra\u0142o jej t\u0119 koncesj\u0119. &#8211; ustali\u0142 portal wPolityce.&nbsp; Fundacja [&hellip;]","protected":false},"author":1,"featured_media":0,"comment_status":"closed","ping_status":"closed","sticky":false,"template":"","format":"standard","meta":{"_acf_changed":false,"_monsterinsights_skip_tracking":false,"_monsterinsights_sitenote_active":false,"_monsterinsights_sitenote_note":"","_monsterinsights_sitenote_category":0,"ngg_post_thumbnail":0,"footnotes":"","_wp_rev_ctl_limit":""},"categories":[8],"tags":[65,114,84,98],"acf":[],"_links":{"self":[{"href":"https:\/\/www.bibula.com\/index.php?rest_route=\/wp\/v2\/posts\/97048"}],"collection":[{"href":"https:\/\/www.bibula.com\/index.php?rest_route=\/wp\/v2\/posts"}],"about":[{"href":"https:\/\/www.bibula.com\/index.php?rest_route=\/wp\/v2\/types\/post"}],"author":[{"embeddable":true,"href":"https:\/\/www.bibula.com\/index.php?rest_route=\/wp\/v2\/users\/1"}],"replies":[{"embeddable":true,"href":"https:\/\/www.bibula.com\/index.php?rest_route=%2Fwp%2Fv2%2Fcomments&post=97048"}],"version-history":[{"count":0,"href":"https:\/\/www.bibula.com\/index.php?rest_route=\/wp\/v2\/posts\/97048\/revisions"}],"wp:attachment":[{"href":"https:\/\/www.bibula.com\/index.php?rest_route=%2Fwp%2Fv2%2Fmedia&parent=97048"}],"wp:term":[{"taxonomy":"category","embeddable":true,"href":"https:\/\/www.bibula.com\/index.php?rest_route=%2Fwp%2Fv2%2Fcategories&post=97048"},{"taxonomy":"post_tag","embeddable":true,"href":"https:\/\/www.bibula.com\/index.php?rest_route=%2Fwp%2Fv2%2Ftags&post=97048"}],"curies":[{"name":"wp","href":"https:\/\/api.w.org\/{rel}","templated":true}]}}