{"id":97035,"date":"2017-07-31T10:22:38","date_gmt":"2017-07-31T14:22:38","guid":{"rendered":"http:\/\/www.bibula.com\/?p=97035"},"modified":"2017-07-31T10:59:32","modified_gmt":"2017-07-31T14:59:32","slug":"ue-zakazala-wycinki-puszczy-bialowieskiej","status":"publish","type":"post","link":"https:\/\/www.bibula.com\/?p=97035","title":{"rendered":"UE zakaza\u0142a wycinki Puszczy Bia\u0142owieskiej"},"content":{"rendered":"<p><strong>INFO: Trybuna\u0142 Sprawiedliwo\u015bci UE zakaza\u0142 dalszej wycinki Puszczy Bia\u0142owieskiej &#8211; informuje money.pl.<\/strong><\/p>\r\n<p>Trybuna\u0142 orzek\u0142, \u017ce wycinka we wpisanej na list\u0119 UNESCO Puszczy Bia\u0142owieskiej ma zosta\u0107 natychmiastowo wstrzymana. Portal wyja\u015bnia, \u017ce decyzja ta jest wa\u017cna do czasu podj\u0119cia ostatecznego wyroku. Decyzja jest nast\u0119pstwem skargi skierowanej przeciwko Polsce przez Komisj\u0119 Europejsk\u0105.<\/p>\r\n<p>\u0179r\u00f3d\u0142o: <a href=\"https:\/\/www.money.pl\/gospodarka\/unia-europejska\/wiadomosci\/artykul\/puszcza-bialowieska-wycinka,157,0,2349725.html\">money.pl<\/a><\/p>\r\n<p>Opracowa\u0142: GK<\/p>\r\n<p class=\"zrodlo\">Za: <a href=\"http:\/\/korwin-mikke.pl\/europa\/zobacz\/ue_zakazala_wycinki_puszczy_bialowieskiej\/150548\">korwin-mikke.pl (30-07-2017)<\/a><\/p>\r\n<h4>&nbsp;<\/h4>\r\n<hr style=\"background-color: #000000; border-width: 0; color: #000000; height: 2px; line-height: 0; text-align: center; width: 100%;\">\r\n<h4>&nbsp;<\/h4>\r\n<h2><strong>Polecamy merytoryczne wypowiedzi w sprawie wycinki drzew w Puszczy Bio\u0142owieskiej<\/strong><\/h2>\r\n<h6>TVTRWAM &#8211; Polski punkt widzenia<\/h6>\r\n<p>12.07.2017<br>\r\n <strong>Komisja europejska o Puszczy Bia\u0142owieskiej<\/strong><\/p>\r\n<p><iframe title=\"A Konieczny:Ile wyci\u0119to drzew w Puszczy Bia\u0142owieskiej\" width=\"800\" height=\"450\" src=\"https:\/\/www.youtube.com\/embed\/Wa_cDqVTRMk?feature=oembed\" frameborder=\"0\" allow=\"accelerometer; autoplay; clipboard-write; encrypted-media; gyroscope; picture-in-picture\" allowfullscreen><\/iframe><\/p>\r\n<h4>&nbsp;<\/h4>\r\n<h6>Radio WNET<\/h6>\r\n<p>29.07.2017<br>\r\n <strong>Prof. Jan Szyszko: Brak ingerencji cz\u0142owieka w przyrod\u0119 jest przest\u0119pstwem<\/strong><\/p>\r\n<p><iframe title=\"Prof. Jan Szyszko: Brak ingerencji cz\u0142owieka w przyrod\u0119 jest przest\u0119pstwem\" width=\"800\" height=\"450\" src=\"https:\/\/www.youtube.com\/embed\/OW542mgM6q8?feature=oembed\" frameborder=\"0\" allow=\"accelerometer; autoplay; clipboard-write; encrypted-media; gyroscope; picture-in-picture\" allowfullscreen><\/iframe><\/p>\r\n<h4>&nbsp;<\/h4>\r\n<h6>TVTRWAM &#8211; Polski punkt widzenia<\/h6>\r\n<p>18.07.2017<br>\r\n <strong>Jan Szyszko minister \u015brodowiska o UNESCO w Polsce ws Puszczy Bia\u0142owieskiej, ostateczna decyzja<\/strong><\/p>\r\n<p><iframe title=\"Jan Szyszko minister \u015brodowiska o UNESCO w Polsce ws Puszczy Bia\u0142owieskiej ,ostateczna decyzja\" width=\"800\" height=\"450\" src=\"https:\/\/www.youtube.com\/embed\/umDH8lSK1cY?feature=oembed\" frameborder=\"0\" allow=\"accelerometer; autoplay; clipboard-write; encrypted-media; gyroscope; picture-in-picture\" allowfullscreen><\/iframe><\/p>\r\n<h4>&nbsp;<\/h4>\r\n<h6>Wypowied\u017a ministra Jana Szyszko w Sejmie<\/h6>\r\n<p>18.07.2017<br>\r\n <strong>Minister Szyszko w Sejmie o Puszczy Bia\u0142owieskiej<\/strong><\/p>\r\n<p><iframe title=\"Minister Szyszko w Sejmie o Puszczy Bia\u0142owieskiej\" width=\"800\" height=\"600\" src=\"https:\/\/www.youtube.com\/embed\/i1ATFt8TGAM?feature=oembed\" frameborder=\"0\" allow=\"accelerometer; autoplay; clipboard-write; encrypted-media; gyroscope; picture-in-picture\" allowfullscreen><\/iframe><\/p>\r\n<h4>&nbsp;<\/h4>\r\n<h6>Wypowied\u017a ministra Jana Szyszko w Sejmie<\/h6>\r\n<p>24.03.2017<br>\r\n <strong>Minister Jan Szyszko odpowiada na ABSURDALNE zarzuty opozycji ws. wycinki drzew!<\/strong><\/p>\r\n<p>https:\/\/www.youtube.com\/watch?v=WBf4CKZGxn8<\/p>\r\n<h4>&nbsp;<\/h4>\r\n<hr style=\"background-color: #000000; border-width: 0; color: #000000; height: 2px; line-height: 0; text-align: center; width: 100%;\">\r\n<h4>&nbsp;<\/h4>","protected":false},"excerpt":{"rendered":"INFO: Trybuna\u0142 Sprawiedliwo\u015bci UE zakaza\u0142 dalszej wycinki Puszczy Bia\u0142owieskiej &#8211; informuje money.pl. Trybuna\u0142 orzek\u0142, \u017ce wycinka we wpisanej na list\u0119 UNESCO Puszczy Bia\u0142owieskiej ma zosta\u0107 natychmiastowo wstrzymana. Portal wyja\u015bnia, \u017ce decyzja ta jest wa\u017cna do czasu podj\u0119cia ostatecznego wyroku. Decyzja jest nast\u0119pstwem skargi skierowanej przeciwko Polsce przez Komisj\u0119 Europejsk\u0105. \u0179r\u00f3d\u0142o: money.pl Opracowa\u0142: GK Za: korwin-mikke.pl [&hellip;]","protected":false},"author":1,"featured_media":0,"comment_status":"closed","ping_status":"closed","sticky":false,"template":"","format":"standard","meta":{"_acf_changed":false,"_monsterinsights_skip_tracking":false,"_monsterinsights_sitenote_active":false,"_monsterinsights_sitenote_note":"","_monsterinsights_sitenote_category":0,"ngg_post_thumbnail":0,"footnotes":"","_wp_rev_ctl_limit":""},"categories":[8],"tags":[65,146,169],"acf":[],"_links":{"self":[{"href":"https:\/\/www.bibula.com\/index.php?rest_route=\/wp\/v2\/posts\/97035"}],"collection":[{"href":"https:\/\/www.bibula.com\/index.php?rest_route=\/wp\/v2\/posts"}],"about":[{"href":"https:\/\/www.bibula.com\/index.php?rest_route=\/wp\/v2\/types\/post"}],"author":[{"embeddable":true,"href":"https:\/\/www.bibula.com\/index.php?rest_route=\/wp\/v2\/users\/1"}],"replies":[{"embeddable":true,"href":"https:\/\/www.bibula.com\/index.php?rest_route=%2Fwp%2Fv2%2Fcomments&post=97035"}],"version-history":[{"count":0,"href":"https:\/\/www.bibula.com\/index.php?rest_route=\/wp\/v2\/posts\/97035\/revisions"}],"wp:attachment":[{"href":"https:\/\/www.bibula.com\/index.php?rest_route=%2Fwp%2Fv2%2Fmedia&parent=97035"}],"wp:term":[{"taxonomy":"category","embeddable":true,"href":"https:\/\/www.bibula.com\/index.php?rest_route=%2Fwp%2Fv2%2Fcategories&post=97035"},{"taxonomy":"post_tag","embeddable":true,"href":"https:\/\/www.bibula.com\/index.php?rest_route=%2Fwp%2Fv2%2Ftags&post=97035"}],"curies":[{"name":"wp","href":"https:\/\/api.w.org\/{rel}","templated":true}]}}