{"id":97025,"date":"2017-07-31T09:53:57","date_gmt":"2017-07-31T13:53:57","guid":{"rendered":"http:\/\/www.bibula.com\/?p=97025"},"modified":"2017-07-31T09:53:57","modified_gmt":"2017-07-31T13:53:57","slug":"watykanski-sekretarz-stanu-pojedzie-do-moskwy-przelom-czy-powrot-do-ugodowej-ostpolityk","status":"publish","type":"post","link":"https:\/\/www.bibula.com\/?p=97025","title":{"rendered":"Watyka\u0144ski Sekretarz Stanu pojedzie do Moskwy: prze\u0142om, czy powr\u00f3t do ugodowej Ostpolityk?"},"content":{"rendered":"<p><strong>Zbli\u017caj\u0105ca si\u0119 wizyta watyka\u0144skiego Sekretarza Stanu, Pietro kardyna\u0142a Parolina w Moskwie wzbudza \u017cywe zainteresowanie komentator\u00f3w. Pojawiaj\u0105 si\u0119 nawet spekulacje, jakoby stanowi\u0142a ona preludium do prze\u0142omowej wizyty w Rosji papie\u017ca Franciszka, a nawet po\u015bwi\u0119cenia tego kraju Niepokalanemu Sercu Maryi! Inni z kolei dostrzegaj\u0105 w tym powt\u00f3rk\u0119 z kontrowersyjnej Ostpolitik Paw\u0142a VI. <\/strong><\/p>\r\n<p>Jak zauwa\u017ca Claire Giangrave na portalu Crux Now \u201ewatyka\u0144ski numer dwa znajdzie zapewne ch\u0119tnego s\u0142uchacza w Putinie, t\u0119skni\u0105cym do ustanowienia si\u0119 ostoj\u0105 moralno\u015bci i obro\u0144c\u0105 prze\u015bladowanych prawos\u0142awnych w wielu rejonach Bliskiego Wschodu\u201d.<\/p>\r\n<p>Planowanej na sierpie\u0144 wizycie Sekretarza Stanu Stolicy Apostolskiej, Pietro kardyna\u0142a Parolina po\u015bwi\u0119cony zosta\u0142 film dokumentalny we w\u0142oskiej telewizji narodowej \u201eRai\u201d. W filmowym wywiadzie kardyna\u0142 Parolin m\u00f3wi, \u017ce zamierza przyjecha\u0107 do Federacji Rosyjskiej, by realizowa\u0107 zamys\u0142 papie\u017ca Franciszka. &#8211;<em> Jad\u0119 do Rosji jako wsp\u00f3\u0142pracownik osoby pragn\u0105cej budowa\u0107 mosty w celu zwi\u0119kszenia zdolno\u015bci do lepszego wzajemnego zrozumienia i dialogu na \u015bwiecie <\/em>&#8211; stwierdzi\u0142. &#8211; <em>A tak\u017ce zbudowania klimatu sprawiedliwo\u015bci i pokoju <\/em>&#8211; doda\u0142.<\/p>\r\n<p>Watyka\u0144ski sekretarz stanu podkre\u015bli\u0142 r\u00f3wnie\u017c, \u017ce watyka\u0144ska dyplomacja uwzgl\u0119dnia realne czynniki. Idzie to w parze ze s\u0142owami Lucio Caracciolo z w\u0142oskiego magazynu \u201eLimes\u201d. Nazwa\u0142 on Franciszka mianem \u201egeopolitycznego papie\u017ca\u201d.<\/p>\r\n<p>\u201eCrux Now\u201d przypomina, \u017ce Ojciec \u015awi\u0119ty ju\u017c podczas pocz\u0105tk\u00f3w swojego pontyfikatu interesowa\u0142 si\u0119 sprawami rozmaitych zak\u0105tk\u00f3w ziemi: od problem\u00f3w gospodarczy po\u0142udniowej Afryki, po ekonomiczne sankcje na\u0142o\u017cone na Rosj\u0119. Pod koniec 2013 roku sprzeciwia\u0142 si\u0119 ofensywie Zachodu przeciwko syryjskiemu rz\u0105dowi Bashara al-Assada.<\/p>\r\n<p>Z kolei w konflikcie rosyjsko-ukrai\u0144skim, cho\u0107 nie popiera\u0142 moskiewskiej ekspansji, to powstrzyma\u0142 si\u0119 od jawnej krytyki polityki Putina. \u201eFranciszek pokaza\u0142 r\u00f3wnie\u017c, \u017ce wie, kiedy zamilkn\u0105\u0107\u201d, zauwa\u017ca &#8222;Crux Now&#8221;, odnosz\u0105c si\u0119 do stonowanej postawy Rzymu po dokonanej przez Moskw\u0119 aneksji Krymu.<\/p>\r\n<p>Mi\u0119dzy innymi dzi\u0119ki temu papie\u017c osi\u0105gn\u0105\u0142, zapewne sw\u00f3j eklezjalny cel: spotkanie z patriarch\u0105 Cyrylem na Kubie w lutym 2016 roku. Okaza\u0142o si\u0119 to pierwszym od oko\u0142o 1000 lat spotkaniem g\u0142owy Ko\u015bcio\u0142a katolickiego i moskiewskiej Cerkwi prawos\u0142awnej.<\/p>\r\n<p>Do tego spotkania i wsp\u00f3lnej deklaracji Franciszka i Cyryla nie dosz\u0142oby, gdyby wcze\u015bniej Franciszek rozdra\u017cni\u0142 Moskw\u0119. Cerkiew pozostaje bowiem w znacznej mierze uzale\u017cniona od politycznych w\u0142adz.<\/p>\r\n<p>Kolejnym krokiem na drodze do katolicko-prawos\u0142awnego zbli\u017cenia okaza\u0142o si\u0119 wys\u0142anie relikwii \u015bwi\u0119tego Miko\u0142aja z w\u0142oskiego Bari do Moskwy. Dotar\u0142y one do stolicy Federacji Rosyjskiej w maju 2017 roku. Od tej pory, wed\u0142ug Cerkwi, odwiedzi\u0142o je ju\u017c ponad milion Rosjan. W\u015br\u00f3d nich znalaz\u0142 si\u0119 tak\u017ce Wladimir Putin.<\/p>\r\n<p>To tak\u017ce tworzy dobry klimat wok\u00f3\u0142 zaplanowanej na sierpie\u0144 wizyty watyka\u0144skiego Sekretarza Stanu. Dziennikarka \u201eCrux Now\u201d snuje wizje przysz\u0142ej pielgrzymki Franciszka do Rosji. Ta jego zdaniem mo\u017ce umo\u017cliwi\u0107 po\u015bwi\u0119cenie Rosji Niepokalanemu Sercu Maryi, o czym m\u00f3wi tre\u015b\u0107 drugiej Tajemnicy Fatimskiej.<\/p>\r\n<p>Pozostaje modli\u0107 si\u0119, by tak si\u0119 sta\u0142o. Warto jednak pami\u0119ta\u0107, \u017ce or\u0119dzie fatimskie m\u00f3wi tak\u017ce o rozprzestrzenianiu si\u0119 \u201eb\u0142\u0119d\u00f3w Rosji\u201d i konieczno\u015bci jej \u201enawr\u00f3cenia\u201d. Dwuznaczny stosunek obecnych w\u0142adz moskiewskich do komunizmu pozwala \u017cywi\u0107 w\u0105tpliwo\u015bci czy przyjm\u0105 one papie\u017ca i zgodz\u0105 si\u0119 na dokonanie <em>explicite<\/em> po\u015bwi\u0119cenia Rosji.<\/p>\r\n<p>Zbli\u017cenie z prawos\u0142awn\u0105 Cerkwi\u0105 nie oznacza pe\u0142nej zbie\u017cno\u015bci mi\u0119dzy celami Watykanu i Rosji. Z jednej strony Stolica Apostolska i Rosja&nbsp; zgadzaj\u0105 si\u0119 ze sob\u0105 w sprawie sytuacji w Syrii. Z drugiej jednak istniej\u0105 rozbie\u017cno\u015bci w kwestii Ukrainy. Pomoc udzielana przez Watykan tamtejszym chrze\u015bcijanom nie budzi zapewne rado\u015bci W\u0142adimira Putina.&nbsp;<\/p>\r\n<p>W lipcowym wywiadzie z w\u0142osk\u0105 La Repubblica, papie\u017c skrytykowa\u0142 sojusze mi\u0119dzy mocarstwami o \u201ewypaczonym \u015bwiatopogl\u0105dzie\u201d. Jako przyk\u0142ad poda\u0142 Stany Zjednoczone i Rosj\u0119. Oznacza to odej\u015bcie od dotychczasowej watyka\u0144skiej polityki sprzyjania porozumieniu mi\u0119dzy obydwoma pa\u0144stwami.<\/p>\r\n<p>\u0179r\u00f3d\u0142o: cruxnow.com<\/p>\r\n<p>mjend<\/p>","protected":false},"excerpt":{"rendered":"Zbli\u017caj\u0105ca si\u0119 wizyta watyka\u0144skiego Sekretarza Stanu, Pietro kardyna\u0142a Parolina w Moskwie wzbudza \u017cywe zainteresowanie komentator\u00f3w. Pojawiaj\u0105 si\u0119 nawet spekulacje, jakoby stanowi\u0142a ona preludium do prze\u0142omowej wizyty w Rosji papie\u017ca Franciszka, a nawet po\u015bwi\u0119cenia tego kraju Niepokalanemu Sercu Maryi! Inni z kolei dostrzegaj\u0105 w tym powt\u00f3rk\u0119 z kontrowersyjnej Ostpolitik Paw\u0142a VI. Jak zauwa\u017ca Claire Giangrave na [&hellip;]","protected":false},"author":1,"featured_media":0,"comment_status":"closed","ping_status":"closed","sticky":false,"template":"","format":"standard","meta":{"_acf_changed":false,"_monsterinsights_skip_tracking":false,"_monsterinsights_sitenote_active":false,"_monsterinsights_sitenote_note":"","_monsterinsights_sitenote_category":0,"ngg_post_thumbnail":0,"footnotes":"","_wp_rev_ctl_limit":""},"categories":[3],"tags":[141,41],"acf":[],"_links":{"self":[{"href":"https:\/\/www.bibula.com\/index.php?rest_route=\/wp\/v2\/posts\/97025"}],"collection":[{"href":"https:\/\/www.bibula.com\/index.php?rest_route=\/wp\/v2\/posts"}],"about":[{"href":"https:\/\/www.bibula.com\/index.php?rest_route=\/wp\/v2\/types\/post"}],"author":[{"embeddable":true,"href":"https:\/\/www.bibula.com\/index.php?rest_route=\/wp\/v2\/users\/1"}],"replies":[{"embeddable":true,"href":"https:\/\/www.bibula.com\/index.php?rest_route=%2Fwp%2Fv2%2Fcomments&post=97025"}],"version-history":[{"count":0,"href":"https:\/\/www.bibula.com\/index.php?rest_route=\/wp\/v2\/posts\/97025\/revisions"}],"wp:attachment":[{"href":"https:\/\/www.bibula.com\/index.php?rest_route=%2Fwp%2Fv2%2Fmedia&parent=97025"}],"wp:term":[{"taxonomy":"category","embeddable":true,"href":"https:\/\/www.bibula.com\/index.php?rest_route=%2Fwp%2Fv2%2Fcategories&post=97025"},{"taxonomy":"post_tag","embeddable":true,"href":"https:\/\/www.bibula.com\/index.php?rest_route=%2Fwp%2Fv2%2Ftags&post=97025"}],"curies":[{"name":"wp","href":"https:\/\/api.w.org\/{rel}","templated":true}]}}