{"id":96875,"date":"2017-07-24T11:58:36","date_gmt":"2017-07-24T15:58:36","guid":{"rendered":"http:\/\/www.bibula.com\/?p=96875"},"modified":"2017-07-24T11:58:36","modified_gmt":"2017-07-24T15:58:36","slug":"niewidome-malzenstwo-przezylo-razem-72-lata-wychowalo-dziesiecioro-dzieci","status":"publish","type":"post","link":"https:\/\/www.bibula.com\/?p=96875","title":{"rendered":"Niewidome ma\u0142\u017ce\u0144stwo prze\u017cy\u0142o razem 72 lata. Wychowa\u0142o dziesi\u0119cioro dzieci!"},"content":{"rendered":"<p><strong><em>Niecodzienn\u0105 histori\u0119 dwojga niewidomych ma\u0142\u017conk\u00f3w na \u0142amach portalu Aleteia.org opisuje \u0141ukasz Kobeszko:<\/em><\/strong><\/p>\r\n<p>Nigdy nie zobaczyli swoich twarzy, cho\u0107 prze\u017cyli w sakramentalnym zwi\u0105zku ponad 70 lat. Co wi\u0119cej, sami wychowali dziesi\u0119cioro dzieci i doczekali si\u0119 25 wnuk\u00f3w! (\u2026)<\/p>\r\n<p><strong>Histori\u0119 Roberta i Jennie Kubinger Mahoney\u00f3w.<\/strong><\/p>\r\n<p>Wczesn\u0105 wiosn\u0105 2017 roku w wieku 95 lat zmar\u0142 Robert (Bob) Mahoney, wieloletni \u0142awnik s\u0105du stanowego w ameryka\u0144skim Michigan. Cztery lata wcze\u015bniej, po 72 latach ma\u0142\u017ce\u0144stwa zmar\u0142a jego \u017cona, Jenny Kubinger. Pary, kt\u00f3re prze\u017cywaj\u0105 razem kilkadziesi\u0105t lat wci\u0105\u017c nie s\u0105 na \u015bwiecie zjawiskiem rzadkim, niemniej Mahoneyowie to przypadek wyj\u0105tkowy.&nbsp;<strong>Obydwoje od wczesnej m\u0142odo\u015bci byli niewidomi, ale niepe\u0142nosprawno\u015b\u0107 nie stan\u0119\u0142a na przeszkodzie do ich wsp\u00f3lnego i szcz\u0119\u015bliwego \u017cycia.<\/strong>&nbsp;(\u2026)<\/p>\r\n<p>Para pochodzi\u0142a z rodzin czeskich i irlandzkich imigrant\u00f3w, kt\u00f3rzy przybyli za Ocean na pocz\u0105tku XX wieku. Jennie straci\u0142a wzrok w wieku zaledwie trzech lat, na skutek tragicznego wypadku. Ucz\u0119szcza\u0142a do szko\u0142y podstawowej dla dzieci niewidomych, gdzie tu\u017c przed zako\u0144czeniem nauki&nbsp;<strong>pozna\u0142a 15-letniego Roberta, kt\u00f3ry r\u00f3wnie\u017c dopiero co sta\u0142 si\u0119 niewidomym w wyniku wrodzonej wady neurologicznej.<\/strong>&nbsp;Po okresie narzecze\u0144stwa, para zawar\u0142a \u015blub w 1941 roku. Jennie wspomina\u0142a, \u017ce by\u0142 to bardzo trudny czas nie tylko z uwagi na przyst\u0105pienie USA do II wojny \u015bwiatowej po japo\u0144skim ataku na baz\u0119 Pearl Harbor, ale r\u00f3wnie\u017c&nbsp; z powodu \u015bmierci jej ojca, do kt\u00f3rego by\u0142a bardzo przywi\u0105zana. M\u0142oda para nie by\u0142a zasobna finansowo\u2026<\/p>\r\n<p>Z ogromnym wysi\u0142kiem (w l. 40. na uczelniach wy\u017cszych praktycznie nie spotyka\u0142o si\u0119 os\u00f3b niepe\u0142nosprawnych) Robert uko\u0144czy\u0142 studia prawnicze i powo\u0142any zosta\u0142 na \u0142awnika s\u0105du stanowego&nbsp;<strong>Michigan. By\u0142 to pierwszy przypadek w historii Stan\u00f3w Zjednoczonych, kiedy tak\u0105 funkcj\u0119 obj\u0105\u0142 cz\u0142owiek niewidomy<\/strong>. Sytuacja finansowa ma\u0142\u017ce\u0144stwa poprawi\u0142a si\u0119 na tyle, \u017ce mogli kupi\u0107 w\u0142asne, niewielkie mieszkanie.<\/p>\r\n<p>Pierwsze ich dziecko, syn Gary, przysz\u0142o na \u015bwiat po 2,5 latach ma\u0142\u017ce\u0144stwa. Jennie prze\u017cywa\u0142a ogromny stres, ba\u0142a si\u0119 bowiem k\u0105pa\u0107 ch\u0142opca i wykonywa\u0107 przy nim zwyk\u0142e, codzienne czynno\u015bci. Na samym pocz\u0105tku pomog\u0142a jej mama, ale ju\u017c po trzech tygodniach nauki by\u0142a w stanie robi\u0107 to samodzielnie. Sama r\u00f3wnie\u017c, r\u0119cznie pra\u0142a pieluchy i po\u015bciel. \u201eWiele os\u00f3b pyta\u0142o nas, jak si\u0119 zmieni\u0142o nasze \u017cycie po urodzeniu dziecka i jak dali\u015bmy sobie z tym rad\u0119. Ot\u00f3\u017c zmieni\u0142o si\u0119 tylko tak, \u017ce nie mieli\u015bmy ju\u017c czasu podawa\u0107 sobie \u015bniadania do \u0142\u00f3\u017cka, co by\u0142o regu\u0142\u0105 zaraz po \u015blubie\u201d<em>&nbsp;&#8211;&nbsp;<\/em>\u017cartobliwie t\u0142umaczy\u0142a pani Mahoney. Po Garym, w niewidomym ma\u0142\u017ce\u0144stwie na przestrzeni \u0107wier\u0107wiecza<strong>&nbsp;urodzi\u0142o si\u0119 jeszcze dziesi\u0119cioro dzieci. Wszystkie nie mia\u0142y problemu z widzeniem.&nbsp;<\/strong>(\u2026)<\/p>\r\n<p>Para zawsze podkre\u015bla\u0142a, jakie znaczenie w ich \u017cyciu odegra\u0142a wiara. \u201eWierz\u0119, \u017ce by\u0142 przy nas ca\u0142y czas B\u00f3g, inaczej nie daliby\u015bmy rady. My po prostu byli\u015bmy zwyczajni i \u017cyli\u015bmy normalnie, jak inni\u201d&nbsp;<em>&#8211;<\/em>&nbsp;przypomina\u0142a Jennie. Obydwoje przez wszystkie lata ma\u0142\u017ce\u0144stwa&nbsp;<strong>codziennie odmawiali r\u00f3\u017caniec, nie opuszczali niedzielnej liturgii, a wszystkie dzieci pos\u0142ali do katolickich szk\u00f3\u0142.<\/strong>&nbsp;(\u2026)<\/p>\r\n<p><em>Zaprezentowane &nbsp;fragmenty jak r\u00f3wnie\u017c tytu\u0142owe zdj\u0119cie pochodz\u0105 z publikowanego na portalu Aleteia.org artyku\u0142u p.t.<\/em> <a href=\"https:\/\/pl.aleteia.org\/2017\/07\/20\/bylismy-po-prostu-zwyczajni-niewidome-malzenstwo-przezylo-razem-72-lata\/\">\u201e<strong>\u201eByli\u015bmy po prostu zwyczajni!\u201d Niewidome ma\u0142\u017ce\u0144stwo prze\u017cy\u0142o razem 72 lata<\/strong>\u201e.<\/a><\/p>\r\n<p><a href=\"https:\/\/pl.aleteia.org\/2017\/07\/20\/bylismy-po-prostu-zwyczajni-niewidome-malzenstwo-przezylo-razem-72-lata\/\"><em>Przeczytaj ca\u0142y artyku\u0142\u2026<\/em><\/a>.<\/p>\r\n<p>Za:&nbsp;<a href=\"https:\/\/pl.aleteia.org\/2017\/07\/20\/bylismy-po-prostu-zwyczajni-niewidome-malzenstwo-przezylo-razem-72-lata\/\">Aleteia.org<\/a> , 20 lipca 2017.<\/p>","protected":false},"excerpt":{"rendered":"Niecodzienn\u0105 histori\u0119 dwojga niewidomych ma\u0142\u017conk\u00f3w na \u0142amach portalu Aleteia.org opisuje \u0141ukasz Kobeszko: Nigdy nie zobaczyli swoich twarzy, cho\u0107 prze\u017cyli w sakramentalnym zwi\u0105zku ponad 70 lat. Co wi\u0119cej, sami wychowali dziesi\u0119cioro dzieci i doczekali si\u0119 25 wnuk\u00f3w! (\u2026) Histori\u0119 Roberta i Jennie Kubinger Mahoney\u00f3w. Wczesn\u0105 wiosn\u0105 2017 roku w wieku 95 lat zmar\u0142 Robert (Bob) Mahoney, [&hellip;]","protected":false},"author":1,"featured_media":0,"comment_status":"closed","ping_status":"closed","sticky":false,"template":"","format":"standard","meta":{"_acf_changed":false,"_monsterinsights_skip_tracking":false,"ngg_post_thumbnail":0,"footnotes":"","_wp_rev_ctl_limit":""},"categories":[12],"tags":[177],"acf":[],"_links":{"self":[{"href":"https:\/\/www.bibula.com\/index.php?rest_route=\/wp\/v2\/posts\/96875"}],"collection":[{"href":"https:\/\/www.bibula.com\/index.php?rest_route=\/wp\/v2\/posts"}],"about":[{"href":"https:\/\/www.bibula.com\/index.php?rest_route=\/wp\/v2\/types\/post"}],"author":[{"embeddable":true,"href":"https:\/\/www.bibula.com\/index.php?rest_route=\/wp\/v2\/users\/1"}],"replies":[{"embeddable":true,"href":"https:\/\/www.bibula.com\/index.php?rest_route=%2Fwp%2Fv2%2Fcomments&post=96875"}],"version-history":[{"count":0,"href":"https:\/\/www.bibula.com\/index.php?rest_route=\/wp\/v2\/posts\/96875\/revisions"}],"wp:attachment":[{"href":"https:\/\/www.bibula.com\/index.php?rest_route=%2Fwp%2Fv2%2Fmedia&parent=96875"}],"wp:term":[{"taxonomy":"category","embeddable":true,"href":"https:\/\/www.bibula.com\/index.php?rest_route=%2Fwp%2Fv2%2Fcategories&post=96875"},{"taxonomy":"post_tag","embeddable":true,"href":"https:\/\/www.bibula.com\/index.php?rest_route=%2Fwp%2Fv2%2Ftags&post=96875"}],"curies":[{"name":"wp","href":"https:\/\/api.w.org\/{rel}","templated":true}]}}