{"id":96838,"date":"2017-07-20T18:37:31","date_gmt":"2017-07-20T22:37:31","guid":{"rendered":"http:\/\/www.bibula.com\/?p=96838"},"modified":"2017-07-20T18:37:31","modified_gmt":"2017-07-20T22:37:31","slug":"wegry-wydaly-oswiadczenie-ws-krytyki-polski-przez-komisje-europejska","status":"publish","type":"post","link":"https:\/\/www.bibula.com\/?p=96838","title":{"rendered":"W\u0119gry wyda\u0142y o\u015bwiadczenie ws. krytyki Polski przez Komisj\u0119 Europejsk\u0105"},"content":{"rendered":"<p><strong>Szef MSZ W\u0119gier Peter Szijjarto o\u015bwiadczy\u0142, \u017ce jego kraj pozostanie solidarny z&nbsp;Polsk\u0105 w&nbsp;kwestii reform s\u0105downictwa krytykowanej przez Komisj\u0119 Europejsk\u0105.<\/strong><\/p>\r\n<p>Szijjarto o\u015bwiadczy\u0142: <em><strong>Stoimy u boku Polski i&nbsp;wzywamy Komisj\u0119 Europejsk\u0105, by nie przekracza\u0142a swoich pe\u0142nomocnictw i&nbsp;nie pr\u00f3bowa\u0142a dzia\u0142a\u0107 jako cia\u0142o polityczne, bo w&nbsp;Unii Europejskiej cia\u0142em politycznym jest Rada Europejska, czyli cia\u0142o sk\u0142adaj\u0105ce si\u0119 z&nbsp;szef\u00f3w pa\u0144stw i&nbsp;rz\u0105d\u00f3w unijnych pa\u0144stw cz\u0142onkowskich, nie za\u015b Komisja Europejska<\/strong><\/em>.<\/p>\r\n<p>Komisja Europejska wyda\u0142a wczoraj o\u015bwiadczenie, \u017ce jest bliska uruchomienia art. 7 traktatu unijnego, kt\u00f3ry przewiduje sankcje. Fakt ten mia\u0142 by\u0107 zwi\u0105zany z&nbsp;planowan\u0105 w&nbsp;Polsce reformie s\u0105downictwa. Wiceszef Komisji Europejskiej Frans Timmermans reforma znosi niezale\u017cno\u015b\u0107 s\u0105d\u00f3w i&nbsp;zagra\u017ca rz\u0105dom prawa w&nbsp;Polsce.<\/p>\r\n<ul>\r\n\t<li><strong>CZYTAJ TAK\u0179E: <\/strong><a title=\"Frans Timmermans, foto: wikimedia.org\" href=\"https:\/\/kresy.pl\/wydarzenia\/timmermans-grozi-polsce\/\" rel=\"bookmark\"><strong>Timmermans grozi Polsce<\/strong> <\/a><\/li>\r\n<\/ul>\r\n<p>Szijjarto doda\u0142, \u017ce W\u0119gry pozostaj\u0105 solidarne z&nbsp;Polsk\u0105, a premier W\u0119gier Viktor Orban wys\u0142a\u0142 dzisiaj rano list do premier Beacie Szyd\u0142o, w&nbsp;kt\u00f3rym zapewni\u0142 j\u0105 o&nbsp;przyja\u017ani i&nbsp;solidarno\u015bci W\u0119gier.<\/p>\r\n<p>Szefa w\u0119gierskiej dyplomacji stwierdzi\u0142, \u017ce Komisja Europejska \u201erozp\u0119ta\u0142a nagonk\u0119\u201d na&nbsp;kilka pa\u0144stw \u015brodkowoeuropejskich, kt\u00f3re &#8211; jak t\u0142umaczy\u0142 &#8211; szczerze i&nbsp;jasno m\u00f3wi\u0105 o&nbsp;problemach przed jakimi stoi Europa i&nbsp;udzieli\u0142y na&nbsp;nie skutecznych odpowiedzi. W ramach nagonki rozp\u0119tanej przez Komisj\u0119 Europejsk\u0105 organ ten <em>upatruje sobie a to W\u0119gry, a to Polsk\u0119<\/em>. Podkre\u015bli\u0142, \u017ce najnowszym tego wyrazem jest fakt, \u017ce KE w&nbsp;dalszym ci\u0105gu podejmuje pr\u00f3by ingerowania w&nbsp;wewn\u0119trzne sprawy Polak\u00f3w &#8211; doda\u0142.<\/p>\r\n<ul>\r\n\t<li><strong>CZYTAJ TAK\u0179E: <\/strong><a title=\"Kamila Gasiuk-Pihowicz. Fot. wikimadia.org\" href=\"https:\/\/kresy.pl\/wydarzenia\/polityka\/gasiuk-pihowicz-glos-timmermans-glos-przyjaciol-polskiej-demokracji\/\" rel=\"bookmark\"><strong>Gasiuk-Pihowicz: G\u0142os Timmermans to g\u0142os przyjaci\u00f3\u0142 polskiej demokracji<\/strong> <\/a><\/li>\r\n<\/ul>\r\n<p>Szijjarto podkre\u015bli\u0142, \u017ce wed\u0142ug litery unijnego prawa Komisja powinna czuwa\u0107 nad przestrzeganiem europejskich porozumie\u0144, a nie <em><strong>wyst\u0119powa\u0107 jako cia\u0142o polityczne, a ju\u017c zw\u0142aszcza nie wyg\u0142aszanie deklaracji o&nbsp;charakterze politycznym<\/strong><\/em>.<\/p>\r\n<section class=\"adsblock_section avia_code_block_section avia_code_block_0\"><\/section>\r\n<p>Szef w\u0119gierskiego MSZ uwa\u017ca, \u017ce obecna \u201eakcja\u201d KE pozostaje w&nbsp;sprzeczno\u015bci z&nbsp;unijnymi przepisami i&nbsp;podstawowymi warto\u015bciami europejskimi. <em>Jeste\u015bmy zdumieni, \u017ce dotarli\u015bmy do kolejnego etapu tej nagonki<\/em> &#8211; o\u015bwiadczy\u0142.<\/p>\r\n<ul>\r\n\t<li><strong>ZOBACZ R\u00d3WNIE\u017b: <a title=\"Biurowiec Gazety Wyborczej, foto: wikimedia.org\" href=\"http:\/\/kresy.pl\/wydarzenia\/gazeta-wyborcza-wzywa-paralizowania-polskich-miast\/\" rel=\"bookmark\">Gazeta Wyborcza wzywa do \u201eparali\u017cowania\u201d polskich miast <\/a><\/strong><\/li>\r\n<\/ul>\r\n<p>kresy.pl \/ interia.pl<\/p>","protected":false},"excerpt":{"rendered":"Szef MSZ W\u0119gier Peter Szijjarto o\u015bwiadczy\u0142, \u017ce jego kraj pozostanie solidarny z&nbsp;Polsk\u0105 w&nbsp;kwestii reform s\u0105downictwa krytykowanej przez Komisj\u0119 Europejsk\u0105. Szijjarto o\u015bwiadczy\u0142: Stoimy u boku Polski i&nbsp;wzywamy Komisj\u0119 Europejsk\u0105, by nie przekracza\u0142a swoich pe\u0142nomocnictw i&nbsp;nie pr\u00f3bowa\u0142a dzia\u0142a\u0107 jako cia\u0142o polityczne, bo w&nbsp;Unii Europejskiej cia\u0142em politycznym jest Rada Europejska, czyli cia\u0142o sk\u0142adaj\u0105ce si\u0119 z&nbsp;szef\u00f3w pa\u0144stw i&nbsp;rz\u0105d\u00f3w unijnych [&hellip;]","protected":false},"author":1,"featured_media":0,"comment_status":"closed","ping_status":"closed","sticky":false,"template":"","format":"standard","meta":{"_acf_changed":false,"_monsterinsights_skip_tracking":false,"_monsterinsights_sitenote_active":false,"_monsterinsights_sitenote_note":"","_monsterinsights_sitenote_category":0,"ngg_post_thumbnail":0,"footnotes":"","_wp_rev_ctl_limit":""},"categories":[6],"tags":[23,98,179],"acf":[],"_links":{"self":[{"href":"https:\/\/www.bibula.com\/index.php?rest_route=\/wp\/v2\/posts\/96838"}],"collection":[{"href":"https:\/\/www.bibula.com\/index.php?rest_route=\/wp\/v2\/posts"}],"about":[{"href":"https:\/\/www.bibula.com\/index.php?rest_route=\/wp\/v2\/types\/post"}],"author":[{"embeddable":true,"href":"https:\/\/www.bibula.com\/index.php?rest_route=\/wp\/v2\/users\/1"}],"replies":[{"embeddable":true,"href":"https:\/\/www.bibula.com\/index.php?rest_route=%2Fwp%2Fv2%2Fcomments&post=96838"}],"version-history":[{"count":0,"href":"https:\/\/www.bibula.com\/index.php?rest_route=\/wp\/v2\/posts\/96838\/revisions"}],"wp:attachment":[{"href":"https:\/\/www.bibula.com\/index.php?rest_route=%2Fwp%2Fv2%2Fmedia&parent=96838"}],"wp:term":[{"taxonomy":"category","embeddable":true,"href":"https:\/\/www.bibula.com\/index.php?rest_route=%2Fwp%2Fv2%2Fcategories&post=96838"},{"taxonomy":"post_tag","embeddable":true,"href":"https:\/\/www.bibula.com\/index.php?rest_route=%2Fwp%2Fv2%2Ftags&post=96838"}],"curies":[{"name":"wp","href":"https:\/\/api.w.org\/{rel}","templated":true}]}}