{"id":96720,"date":"2017-07-22T09:32:58","date_gmt":"2017-07-22T13:32:58","guid":{"rendered":"http:\/\/www.bibula.com\/?p=96720"},"modified":"2017-07-27T09:35:57","modified_gmt":"2017-07-27T13:35:57","slug":"biskupi-lacinscy-w-berdyczowie-powierzyli-ukraine-niepokalanemu-sercu-maryi","status":"publish","type":"post","link":"https:\/\/www.bibula.com\/?p=96720","title":{"rendered":"Biskupi \u0142aci\u0144scy w Berdyczowie powierzyli Ukrain\u0119 Niepokalanemu Sercu Maryi"},"content":{"rendered":"<p><strong>&#8211; M\u00f3dlmy si\u0119 w tym sanktuarium, nie tylko w w\u0142asnych intencjach, ale tak\u017ce za wasz ca\u0142y kraj, za \u015bwiat, o jego nawr\u00f3cenie, o zwyci\u0119stwo prawdy i dobra &#8211; wezwa\u0142 sobot\u0119 w narodowym sanktuarium Matki Bo\u017cej Szkaplerznej w Berdyczowie by\u0142y prefekt Kongregacji Wychowania Katolickiego, kard. Zenon Grocholewski. Przewodniczy\u0142 on tam g\u0142\u00f3wnym uroczysto\u015bciom dzi\u0119kczynnym z okazji Roku Jubileuszowego setnej rocznicy objawie\u0144 fatimskich. <\/strong><\/p>\r\n<div class=\"foto\"><img fetchpriority=\"high\" decoding=\"async\" class=\"aligncenter\" src=\"http:\/\/www.pch24.pl\/images\/min_mid_big\/mid_53101.jpg?v=8594\" alt=\"Biskupi \u0142aci\u0144scy w Berdyczowie powierzyli Ukrain\u0119 Niepokalanemu Sercu Maryi\" width=\"601\" height=\"355\">\r\n<div class=\"podpisfoto\" style=\"text-align: center;\">Klasztor karmelit\u00f3w w Berdyczowie. Fot. Haidamac \/ Wikimedia Commons<\/div>\r\n<\/div>\r\n<p>Go\u015bcia z Watykanu przywita\u0142 arcybiskup Mieczys\u0142aw Mokrzycki, przewodnicz\u0105cy konferencji episkopatu \u0142aci\u0144skiego Ukrainy, obecnym na uroczysto\u015bci wraz z ksi\u0119\u017cmi biskupami.<\/p>\r\n<p>Do karmelita\u0144skiego sanktuarium przyby\u0142o duchowie\u0144stwo i wierni ze wszystkich diecezji tego kraju oraz pielgrzymi z Polski, Bia\u0142orusi, Rosji. Przez sze\u015b\u0107 dni szli p\u0105tnicy z Chmielnickiego (P\u0142oskirowa). Grupa wiernych z Charkowa pokona\u0142a na rowerach a\u017c siedemset kilometr\u00f3w.<br>\r\n <br>\r\n &#8211; <em>Jestem szcz\u0119\u015bliwy, \u017ce mog\u0119 przewodniczy\u0107 Mszy \u015bwi\u0119tej w tym uroczym Sanktuarium MB Szkaplerznej w Berdyczowie<\/em> &#8211; powiedzia\u0142 w homilii kard. Grocholewski. &#8211; <em>Z wielkim zainteresowaniem przeczyta\u0142em o \u015bwietlanej historii tego centrum kultu maryjnego, i to nie tylko gdy chodzi o \u017cycie religijne, ale tak\u017ce o dzia\u0142alno\u015b\u0107 charytatywn\u0105, naukow\u0105, kulturow\u0105, edukacyjn\u0105 i wydawnicz\u0105. Niestety, to miejsce dzieli\u0142o te\u017c bardzo dotkliwie losy historii tego regionu: pl\u0105druj\u0105ce najazdy kozak\u00f3w, tatar\u00f3w, a w p\u00f3\u017aniejszych czasach Rosjan; kasaty zajmuj\u0105cych si\u0119 tym miejscem karmelit\u00f3w bosych, kilkakrotne zburzenie ko\u015bcio\u0142a i budynk\u00f3w klasztornych, kradzie\u017ce, profanacje miejsc \u015bwi\u0119tych, zw\u0142aszcza poprzez przekszta\u0142cenie \u015bwi\u0105tyni w muzeum ateizmu, itd. Dzisiaj cieszymy si\u0119, \u017ce to miejsce \u015bwi\u0119te w ostatnich dziesi\u0105tkach lat odrodzi\u0142o si\u0119, nabra\u0142o szczeg\u00f3lnego splendoru. Sam papie\u017c \u015bw. Jan Pawe\u0142 II po\u015bwi\u0119ci\u0142 nowy obraz Matki Bo\u017cej Berdyczowskiej (9 VI 1997). Zosta\u0142 on wkr\u00f3tce potem ukoronowany koronami papieskimi (19 VII 1998), a w pa\u017adzierniku 2011 r. episkopat Ukrainy og\u0142osi\u0142 ca\u0142y zesp\u00f3\u0142 klasztorny Sanktuarium Narodowym Ukrainy. Najbardziej jednak cieszy fakt, \u017ce obecnie tylu wiernych przybywa do tego sanktuarium, by uczci\u0107 Matk\u0119 Bo\u017c\u0105, wyrazi\u0107 Jej swoj\u0105 mi\u0142o\u015b\u0107 i prosi\u0107 J\u0105 o wstawiennictwo przed Tronem Bo\u017cym <\/em>&#8211; zaznaczy\u0142 kard. Grocholewski.<br>\r\n <br>\r\n Nawi\u0105zuj\u0105c do objawie\u0144 Matki Bo\u017cej w Fatimie hierarcha powiedzia\u0142, \u017ce \u201eMaryja ukaza\u0142a w\u00f3wczas tragedi\u0119 wsp\u00f3\u0142czesnego \u015bwiata: potworne wojny, zbrodnie, prze\u015bladowania, upadek moralno\u015bci, brak szacunku do \u017cycia.\u201d<\/p>\r\n<p>&#8211; <em>Te tragedie dotykaj\u0105 dzisiaj bole\u015bnie wasz kraj. To wszystko jest powodem ogromnych niesprawiedliwo\u015bci, cierpienia, b\u00f3lu, \u0142ez, chor\u00f3b i \u015bmierci ogromnej liczby ludzi. By uleczy\u0107 \u015bwiat z tych potworno\u015bci, tzn. by przemieni\u0107 rzeczywisto\u015b\u0107 wsp\u00f3\u0142czesnego \u015bwiata, jako Dobra Matka, Maryja wezwa\u0142a Ko\u015bci\u00f3\u0142 i ca\u0142\u0105 ludzko\u015b\u0107 do pokuty, do nawr\u00f3cenia, do zawierzenia si\u0119 Jej Niepokalanemu Sercu, do modlitwy zw\u0142aszcza r\u00f3\u017ca\u0144cowej i do szkaplerza. Jest to wo\u0142anie Matki, zatroskanej o nasze dobro, o nasze zbawienie, o dobro ca\u0142ej ludzko\u015bci. Niech ono dotrze do naszych serc. M\u00f3dlmy si\u0119 w tym sanktuarium, nie tylko w w\u0142asnych intencjach, ale tak\u017ce za wasz ca\u0142y kraj, za \u015bwiat, o jego nawr\u00f3cenie, o zwyci\u0119stwo prawdy i dobra<\/em> &#8211; wezwa\u0142 kard. Grocholewski.<br>\r\n <br>\r\n Na zako\u0144czenie doda\u0142: &#8211;<em> Uczy\u0144my Maryj\u0119 naprawd\u0119 Matk\u0105 i Kr\u00f3low\u0105 naszych parafii, naszych spo\u0142eczno\u015bci, naszych rodzin, naszych dom\u00f3w zakonnych, Matk\u0105 naszych serc, naszych my\u015bli, naszych pragnie\u0144. A Ona, ta wspania\u0142a Matka, b\u0119dzie nas prowadzi\u0142a do najwy\u017cszego dobra, do Chrystusa, kt\u00f3rego dzisiaj \u015bwiat tak bardzo potrzebuje<\/em>.&nbsp;<br>\r\n <br>\r\n Zosta\u0142 odczytany Akt ofiarowania Ukrainy Niepokalanemu Sercu Maryi przez biskup\u00f3w \u0142aci\u0144skich tego kraju.<br>\r\n <br>\r\n Kardyna\u0142 Grocholewski zwiedza\u0142 tak\u017ce Lw\u00f3w, gdzie przewodniczy\u0142 Mszy \u015bwi\u0119tej w katedrze \u0142aci\u0144skiej, a w \u0179ytomierzu spotka\u0142 si\u0119 z biskupem seniorem Janem Purwi\u0144skim.<br>\r\n <br>\r\n Historia berdyczowskiego sanktuarium si\u0119ga 1630 r., kiedy to wojewoda kijowski Janusz Tyszkiewicz, jako wotum dzi\u0119kczynne za uwolnienie z niewoli tatarskiej, ufundowa\u0142 ko\u015bci\u00f3\u0142 i sprowadzi\u0142 tu ojc\u00f3w karmelit\u00f3w. Im te\u017c odda\u0142 w opiek\u0119 od dawna czczony w jego rodzinie obraz Matki Bo\u017cej, b\u0119d\u0105cy wiern\u0105 kopi\u0105 obrazu Matki Bo\u017cej \u015anie\u017cnej z Rzymu.<br>\r\n <br>\r\n Wizerunek ten szybko zas\u0142yn\u0105\u0142 cudami i do Berdyczowa zacz\u0119\u0142y nap\u0142ywa\u0107 liczne pielgrzymki. W zwi\u0105zku z tym stany Rzeczypospolitej, zebrane na sejmie walnym w Grodnie w 1752 r., poprosi\u0142y papie\u017ca o pozwolenie na koronacj\u0119 obrazu. Benedykt XIV wyrazi\u0142 zgod\u0119 i sam ofiarowa\u0142 dwie szczeroz\u0142ote korony. Na\u0142o\u017cy\u0142 je na obraz 16 lipca 1756 r. na polu za miastem biskup kijowski Kajetan Ignacy So\u0142tyk. Poniewa\u017c w pierwszej po\u0142owie XIX w. skradziono je, wi\u0119c 6 czerwca 1856 r. nowe korony, ofiarowane przez b\u0142. Piusa IX, na\u0142o\u017cy\u0142 biskup \u0142ucki Kasper Borowski.<br>\r\n <br>\r\n Mimo rozbior\u00f3w, prze\u015bladowa\u0144 Ko\u015bcio\u0142a i kasacji przez w\u0142adze carskie zakonu karmelit\u00f3w, kult Matki Bo\u017cej Berdyczowskiej zatacza\u0142 coraz szersze kr\u0119gi a\u017c do 1926 r., kiedy to klasztor wraz z ko\u015bcio\u0142em zagarn\u0119\u0142y w\u0142adze sowieckie. W g\u00f3rnym ko\u015bciele urz\u0105dzono muzeum, a w dolnym sal\u0119 kinow\u0105. Cudowny obraz przedstawiano jako zabytek sztuki oraz dow\u00f3d ciemnoty i katolickiego zacofania. W 1941 r. wybuch\u0142 po\u017car, kt\u00f3ry strawi\u0142 g\u00f3rny ko\u015bci\u00f3\u0142, pozostawiaj\u0105c jedynie mury, dolny natomiast zachowa\u0142 si\u0119 w dobrym stanie. W tym samym roku zagin\u0105\u0142 r\u00f3wnie\u017c cudowny wizerunek Matki Bo\u017cej. Nie wiadomo do ko\u0144ca, czy sp\u0142on\u0105\u0142 w po\u017carze, czy mo\u017ce wywieziono go do Polski i s\u0142uch o nim zagin\u0105\u0142. Ale m\u00f3g\u0142 te\u017c podzieli\u0107 los tylu innych obraz\u00f3w zrabowanych z ko\u015bcio\u0142\u00f3w i przechowywanych do tej pory w muzealnych magazynach.<br>\r\n <br>\r\n Ojcowie karmelici po powrocie do Berdyczowa w 1991 r. przyst\u0105pili do odbudowy zdewastowanych wn\u0119trz obu ko\u015bcio\u0142\u00f3w i upowszechnienia kultu Matki Bo\u017cej Berdyczowskiej, kt\u00f3ry mimo i\u017c sanktuarium by\u0142o zrujnowane, przetrwa\u0142 w sercach wiernych. O tym, \u017ce praca i po\u015bwi\u0119cenie kustosz\u00f3w sanktuarium wydaje konkretne owoce, \u015bwiadcz\u0105 tysi\u0105ce p\u0105tnik\u00f3w, kt\u00f3rzy corocznie przybywaj\u0105 do \u201eukrai\u0144skiej Cz\u0119stochowy\u201d.<br>\r\n <br>\r\n Intronizacji nowego obrazu, namalowanego przez malark\u0119 z Krakowa Bo\u017cen\u0119 Much\u0119-Sowi\u0144sk\u0105, kt\u00f3ry 9 czerwca 1997 r. pob\u0142ogos\u0142awi\u0142 Jan Pawe\u0142 II w ko\u015bciele \u015bw. Jadwigi w Krakowie, dokona\u0142 20 lipca 1997 r. pierwszy ordynariusz odnowionej diecezji kijowsko-\u017cytomierskiej bp Jan Purwi\u0144ski.<br>\r\n <br>\r\n W 2012 r. w Berdyczowie rekonsekrowano g\u00f3rn\u0105 cz\u0119\u015b\u0107 ko\u015bcio\u0142a Niepokalanego Pocz\u0119cia Naj\u015bwi\u0119tszej Dziewicy Maryi, a rok wcze\u015bniej episkopat Ukrainy nada\u0142 temu miejscu rang\u0119 sanktuarium narodowego.<\/p>\r\n<p>\u0179r\u00f3d\u0142o: KAI<\/p>\r\n<p>RoM<\/p>\r\n<p>Za: <a href=\"http:\/\/www.pch24.pl\/biskupi-lacinscy-w-berdyczowie-powierzyli-ukraine-niepokalanemu-sercu-maryi,53101,i.html\">PoloniaChristiana &#8211; pch24.pl (2017-07-16) <\/a><\/p>\r\n<h4>&nbsp;<\/h4>\r\n<hr style=\"background-color: #000000; border-width: 0; color: #000000; height: 2px; line-height: 0; text-align: center; width: 100%;\">\r\n<h4>&nbsp;<\/h4>\r\n<blockquote>\r\n<p><strong>KOMENTARZ <em>BIBU\u0141Y<\/em><\/strong>: Odnosimy si\u0119 z pewn\u0105 ambiwalencj\u0105 do tego pi\u0119knego aktu ofiarowania Niepokalanemu Sercu Maryi uroczych ziem kresowych zwanych dzisiaj Ukrain\u0105, oczywi\u015bcie nie mog\u0105c mie\u0107 \u017cadnych zastrze\u017ce\u0144 co do samego meritum ofiarowania, ale wyra\u017caj\u0105c wielk\u0105 rezerwacj\u0119 w\u0142a\u015bnie co do celu ofiarowania, czyli uroczych ziem kresowych b\u0105d\u0105cych u-krain\u0105 &#8211; brzegow\u0105, obrze\u017cn\u0105, pograniczn\u0105, kra\u0144cow\u0105 po\u0142aci\u0105 i w\u0142asno\u015bci\u0105 Rzeczpospolitej. Niestety, dzisiaj te ziemie zarz\u0105dzane s\u0105 przez op\u0119tan\u0105 ludob\u00f3jczymi ideologiami garstk\u0119 mieszka\u0144c\u00f3w tych ziem, kt\u00f3rzy maj\u0105c w\u0142adz\u0119 narzucaj\u0105 now\u0105 narracj\u0119 historyczn\u0105 swym poddanym oraz ba\u0142amuc\u0105 mi\u0119dzynarodow\u0105 opini\u0119 publiczn\u0105 opowiastkami o wielkiej historii sztucznego tworu pa\u0144stwowego o nazwie Ukraina.<\/p>\r\n<p>Jak <a href=\"http:\/\/www.bibula.com\/?p=73568\">pisa\u0142 celnie<\/a> dr Rados\u0142aw Sikora:<\/p>\r\n<p style=\"padding-left: 30px;\">Gdyby nie Kr\u00f3lestwo Polskie, nie by\u0142oby Ukrainy i Ukrai\u0144c\u00f3w. Przy czym warto zaznaczy\u0107, \u017ce pod tym drugim poj\u0119ciem, do ko\u0144ca istnienia dawnej Rzeczpospolitej rozumiano nie nar\u00f3d, ale mieszka\u0144c\u00f3w Ukrainy. Polski szlachcic zamieszkuj\u0105cy Ukrain\u0119 nazywa\u0142 si\u0119 Ukrai\u0144cem. Dopiero du\u017co p\u00f3\u017aniej, po rozbiorach Polski, <strong>uformowano nar\u00f3d ukrai\u0144ski, kt\u00f3ry zacz\u0105\u0142 ro\u015bci\u0107 pretensje do ziem, kt\u00f3re nigdy Ukrain\u0105 nie by\u0142y<\/strong>. Efektem tego by\u0142o mi\u0119dzy innymi ludob\u00f3jstwo na Wo\u0142yniu w czasie II Wojny \u015awiatowej.<\/p>\r\n<p>Ukraina dzisiejsza to sztuczny wytw\u00f3r polityczno-prawny, kt\u00f3ry pr\u0119dzej czy p\u00f3\u017aniej sko\u0144czy si\u0119, wraz z upadkiem-zniszczeniem-i samozniszczeniem ideologii narodowo-socjalistycznej, kt\u00f3ra jest <strong>jedynym tw\u00f3rc\u0105 i jedynym elementem scalaj\u0105cym<\/strong> op\u0119tany lud zamieszkuj\u0105cy U-krain\u0119.<\/p>\r\n<\/blockquote>\r\n<h4>&nbsp;<\/h4>\r\n<hr style=\"background-color: #000000; border-width: 0; color: #000000; height: 2px; line-height: 0; text-align: center; width: 100%;\">\r\n<h4>&nbsp;<\/h4>","protected":false},"excerpt":{"rendered":"&#8211; M\u00f3dlmy si\u0119 w tym sanktuarium, nie tylko w w\u0142asnych intencjach, ale tak\u017ce za wasz ca\u0142y kraj, za \u015bwiat, o jego nawr\u00f3cenie, o zwyci\u0119stwo prawdy i dobra &#8211; wezwa\u0142 sobot\u0119 w narodowym sanktuarium Matki Bo\u017cej Szkaplerznej w Berdyczowie by\u0142y prefekt Kongregacji Wychowania Katolickiego, kard. Zenon Grocholewski. Przewodniczy\u0142 on tam g\u0142\u00f3wnym uroczysto\u015bciom dzi\u0119kczynnym z okazji Roku [&hellip;]","protected":false},"author":1,"featured_media":0,"comment_status":"closed","ping_status":"closed","sticky":false,"template":"","format":"standard","meta":{"_acf_changed":false,"_monsterinsights_skip_tracking":false,"_monsterinsights_sitenote_active":false,"_monsterinsights_sitenote_note":"","_monsterinsights_sitenote_category":0,"ngg_post_thumbnail":0,"footnotes":"","_wp_rev_ctl_limit":""},"categories":[215],"tags":[188,167],"acf":[],"_links":{"self":[{"href":"https:\/\/www.bibula.com\/index.php?rest_route=\/wp\/v2\/posts\/96720"}],"collection":[{"href":"https:\/\/www.bibula.com\/index.php?rest_route=\/wp\/v2\/posts"}],"about":[{"href":"https:\/\/www.bibula.com\/index.php?rest_route=\/wp\/v2\/types\/post"}],"author":[{"embeddable":true,"href":"https:\/\/www.bibula.com\/index.php?rest_route=\/wp\/v2\/users\/1"}],"replies":[{"embeddable":true,"href":"https:\/\/www.bibula.com\/index.php?rest_route=%2Fwp%2Fv2%2Fcomments&post=96720"}],"version-history":[{"count":0,"href":"https:\/\/www.bibula.com\/index.php?rest_route=\/wp\/v2\/posts\/96720\/revisions"}],"wp:attachment":[{"href":"https:\/\/www.bibula.com\/index.php?rest_route=%2Fwp%2Fv2%2Fmedia&parent=96720"}],"wp:term":[{"taxonomy":"category","embeddable":true,"href":"https:\/\/www.bibula.com\/index.php?rest_route=%2Fwp%2Fv2%2Fcategories&post=96720"},{"taxonomy":"post_tag","embeddable":true,"href":"https:\/\/www.bibula.com\/index.php?rest_route=%2Fwp%2Fv2%2Ftags&post=96720"}],"curies":[{"name":"wp","href":"https:\/\/api.w.org\/{rel}","templated":true}]}}