{"id":96620,"date":"2017-07-10T12:27:06","date_gmt":"2017-07-10T16:27:06","guid":{"rendered":"http:\/\/www.bibula.com\/?p=96620"},"modified":"2017-07-10T12:27:06","modified_gmt":"2017-07-10T16:27:06","slug":"winnicki-nie-ma-polskiej-tozsamosci-narodowej-bez-kresow-wschodnich","status":"publish","type":"post","link":"https:\/\/www.bibula.com\/?p=96620","title":{"rendered":"Winnicki: Nie ma polskiej to\u017csamo\u015bci narodowej bez Kres\u00f3w Wschodnich"},"content":{"rendered":"<p><strong>Pose\u0142 niezale\u017cny i&nbsp;prezes Ruchu Narodowego, Robert Winnicki by\u0142 jednym z&nbsp;niewielu polityk\u00f3w, kt\u00f3rzy wzi\u0119li udzia\u0142 w&nbsp;spo\u0142ecznych obchodach Narodowego Dnia Pami\u0119ci Ludob\u00f3jstwa Polak\u00f3w na&nbsp;Kresach Wschodnich.<\/strong><\/p>\r\n<p>Obchody&nbsp;Narodowego Dnia Pami\u0119ci Ludob\u00f3jstwa Polak\u00f3w na&nbsp;Kresach Wschodnich zosta\u0142y zorganizowane przez same \u015brodowiska kresowian i&nbsp;potomk\u00f3w pomordowanych. &nbsp;Na czele komitetu organizuj\u0105cego stan\u0105\u0142 ks.Tadeusz Isakowicz-Zaleski j oraz Lucyna Kuli\u0144ska, Stanis\u0142aw Srokowski i&nbsp;Witold Listowski jako jego wiceprzewodnicz\u0105cy.&nbsp;&nbsp;<a href=\"http:\/\/kresy.pl\/wydarzenia\/andrzej-duda-odmowil-patronatu-obchodom-rocznicy-rzezi-wolynskiej\/\">Patronatu nad uroczysto\u015bci\u0105 odm\u00f3wi\u0142 prezydent Andrzej Duda<\/a>. Udzielili go natomiast marsza\u0142kowie wojew\u00f3dztw opolskiego, \u015bl\u0105skiego i&nbsp;mazowieckiego. Ten ostatni, Adam Struzik pojawi\u0142 si\u0119 na&nbsp;uroczysto\u015bciach.&nbsp;<\/p>\r\n<p>Obchody rozpocz\u0119\u0142y si\u0119 w&nbsp;niedziel\u0119, w&nbsp;po\u0142udnie pod Grobem Nieznanego \u0179o\u0142nierza. Apelowi Pami\u0119ci asystowa\u0142a Kompania i&nbsp;Orkiestra Reprezentacyjna Wojska Polskiego. Spo\u015br\u00f3d polityk\u00f3w pojawi\u0142 si\u0119 pose\u0142 PSL Piotr Zgorzelskie, a tak\u017ce pose\u0142 PiS Andrzej Melak, jako reprezentant marsza\u0142ka Sejmu Marka Kuchci\u0144skiego, a tak\u017ce pose\u0142 niezale\u017cny Robert Winnicki. Pojawili si\u0119 tak\u017ce reprezentanci niskiego szczebla z&nbsp;kancelarii premiera, Ministerstwa Obrony Narodowej oraz Urz\u0119du&nbsp;do Spraw&nbsp;Kombatant\u00f3w&nbsp;i Os\u00f3b&nbsp;Represjonowanych. Takie zbagatelizowanie obchod\u00f3w przez instytucje pa\u0144stwowe wywo\u0142a\u0142o krytyk\u0119 ze strony przemawiaj\u0105cych ks. Isakowicza-Zaleskiego i&nbsp;pos\u0142a Zgorzelskiego.<\/p>\r\n<p>G\u0142os zabra\u0142 r\u00f3wnie\u017c Winnicki. Prezes Ruchu Narodowego, odznaczony na&nbsp;niedawnym zje\u017adzie \u015brodowisk kresowych nagrod\u0105&nbsp;Praemium Honoris Craesovianae. Dzi\u0119kowa\u0142 on kresowianom \u201eza walk\u0119 o&nbsp;prawd\u0119 o&nbsp;banderowskim ludob\u00f3jstwie\u201d. Jak podkre\u015bla\u0142 \u201enie ma wsp\u00f3lnoty narodowej bez to\u017csamo\u015bci, a nie&nbsp;ma polskiej to\u017csamo\u015bci narodowej bez Kres\u00f3w Wschodnich. Nie ma polskiej to\u017csamo\u015bci bez pami\u0119ci o&nbsp;Wilnie, Grodnie i&nbsp;Lwowie\u201d. Uzna\u0142, \u017ce elity polityczne prze lata milcza\u0142y a teraz nie potrafi\u0105 godnie uczci\u0107 pomordowanych przez OUN-UPA, poniewa\u017c kieruj\u0105 si\u0119 w&nbsp;polityce wschodniej doktryn\u0105 Giedroycia.<\/p>\r\n<div class=\"avia-iframe-wrap\"><iframe src=\"https:\/\/www.youtube.com\/embed\/yCyiPyXvy8w?feature=oembed&amp;wmode=opaque\" allowfullscreen=\"allowfullscreen\" data-mce-fragment=\"1\" width=\"600\" height=\"444\" frameborder=\"0\"><\/iframe>\r\n<p>kresy.pl<\/p>\r\n<\/div>","protected":false},"excerpt":{"rendered":"Pose\u0142 niezale\u017cny i&nbsp;prezes Ruchu Narodowego, Robert Winnicki by\u0142 jednym z&nbsp;niewielu polityk\u00f3w, kt\u00f3rzy wzi\u0119li udzia\u0142 w&nbsp;spo\u0142ecznych obchodach Narodowego Dnia Pami\u0119ci Ludob\u00f3jstwa Polak\u00f3w na&nbsp;Kresach Wschodnich. Obchody&nbsp;Narodowego Dnia Pami\u0119ci Ludob\u00f3jstwa Polak\u00f3w na&nbsp;Kresach Wschodnich zosta\u0142y zorganizowane przez same \u015brodowiska kresowian i&nbsp;potomk\u00f3w pomordowanych. &nbsp;Na czele komitetu organizuj\u0105cego stan\u0105\u0142 ks.Tadeusz Isakowicz-Zaleski j oraz Lucyna Kuli\u0144ska, Stanis\u0142aw Srokowski i&nbsp;Witold Listowski jako jego [&hellip;]","protected":false},"author":1,"featured_media":0,"comment_status":"closed","ping_status":"closed","sticky":false,"template":"","format":"standard","meta":{"_acf_changed":false,"_monsterinsights_skip_tracking":false,"_monsterinsights_sitenote_active":false,"_monsterinsights_sitenote_note":"","_monsterinsights_sitenote_category":0,"ngg_post_thumbnail":0,"footnotes":"","_wp_rev_ctl_limit":""},"categories":[215],"tags":[98,188],"acf":[],"_links":{"self":[{"href":"https:\/\/www.bibula.com\/index.php?rest_route=\/wp\/v2\/posts\/96620"}],"collection":[{"href":"https:\/\/www.bibula.com\/index.php?rest_route=\/wp\/v2\/posts"}],"about":[{"href":"https:\/\/www.bibula.com\/index.php?rest_route=\/wp\/v2\/types\/post"}],"author":[{"embeddable":true,"href":"https:\/\/www.bibula.com\/index.php?rest_route=\/wp\/v2\/users\/1"}],"replies":[{"embeddable":true,"href":"https:\/\/www.bibula.com\/index.php?rest_route=%2Fwp%2Fv2%2Fcomments&post=96620"}],"version-history":[{"count":0,"href":"https:\/\/www.bibula.com\/index.php?rest_route=\/wp\/v2\/posts\/96620\/revisions"}],"wp:attachment":[{"href":"https:\/\/www.bibula.com\/index.php?rest_route=%2Fwp%2Fv2%2Fmedia&parent=96620"}],"wp:term":[{"taxonomy":"category","embeddable":true,"href":"https:\/\/www.bibula.com\/index.php?rest_route=%2Fwp%2Fv2%2Fcategories&post=96620"},{"taxonomy":"post_tag","embeddable":true,"href":"https:\/\/www.bibula.com\/index.php?rest_route=%2Fwp%2Fv2%2Ftags&post=96620"}],"curies":[{"name":"wp","href":"https:\/\/api.w.org\/{rel}","templated":true}]}}