{"id":96513,"date":"2017-07-05T10:11:01","date_gmt":"2017-07-05T14:11:01","guid":{"rendered":"http:\/\/www.bibula.com\/?p=96513"},"modified":"2017-07-05T10:11:01","modified_gmt":"2017-07-05T14:11:01","slug":"zmarl-kardynal-joachim-meisner-nie-doczekal-sie-odpowiedzi-na-dubia","status":"publish","type":"post","link":"https:\/\/www.bibula.com\/?p=96513","title":{"rendered":"Zmar\u0142 kardyna\u0142 Joachim Meisner. Nie doczeka\u0142 si\u0119 odpowiedzi na \u201eDubia&#8221;"},"content":{"rendered":"<p><strong>Hierarcha odpowiedzialny m.in. za <em>dubia<\/em> w sprawie <em>Amoris Laetitia<\/em> nie doczeka\u0142 si\u0119 rozwiania w\u0105tpliwo\u015bci przez papie\u017ca Franciszka. Kardyna\u0142 Joachim Meisner zmar\u0142 w wieku 84 lat w Bad Fussing.<\/strong><strong>&nbsp;<\/strong><\/p>\r\n<p>Kardyna\u0142 da\u0142 si\u0119 pozna\u0107 jako wielki obro\u0144ca kultury i jej \u015bcis\u0142ego zwi\u0105zku z kultem Bo\u017cym. Szerokim echem odbi\u0142y si\u0119 jego s\u0142owa, kt\u00f3re wypowiedzia\u0142 w 2007 roku, gdy podczas b\u0142ogos\u0142awie\u0144stwa muzeum powiedzia\u0142: \u201eGdziekolwiek kultura oddzielana jest od kultu Bo\u017cego, tam kult zmienia si\u0119 w rytualizm, a kultura si\u0119 degeneruje\u201d.<\/p>\r\n<p>Emerytowany arcybiskup Kolonii by\u0142 r\u00f3wnie\u017c wieloletnim przyjacielem \u015bw. Jana Paw\u0142a II i Benedykta XVI, o kt\u00f3rym m\u00f3wi\u0142, \u017ce \u201eposiada inteligencj\u0119 dwunastu profesor\u00f3w i pobo\u017cno\u015b\u0107 pierwszokomunijnego dziecka\u201d. Jak w 2009 roku donosi\u0142y w\u0142oskie media, kardyna\u0142 Meisner by\u0142 r\u00f3wnie\u017c nieformalnym liderem frakcji naciskaj\u0105cej na emerytowanego papie\u017ca, by ten zwolni\u0142 z obowi\u0105zk\u00f3w \u00f3wczesnego sekretarza stanu, kard. Tarsicio Bertone. Propozycjom tym Benedykt XVI stanowczo si\u0119 przeciwstawia\u0142.<\/p>\r\n<p>W 2013 roku kardyna\u0142 Meisner <a href=\"http:\/\/www.pch24.pl\/kard%E2%80%93meisner-za-pigulka-po-,12178,i.html\">da\u0142 si\u0119 r\u00f3wnie\u017c, niestety, pozna\u0107 jako zwolennik pigu\u0142ki \u201edzie\u0144 po\u201d<\/a>. Stwierdzi\u0142 bowiem, \u017ce uznaje zastosowanie antykoncepcji \u201ekryzysowej\u201d za dopuszczalne i \u201euzasadnione\u201d w niekt\u00f3rych przypadkach. &#8211; <em>Je\u017celi po gwa\u0142cie suplement jest stosowany z zamiarem zapobie\u017cenia zap\u0142odnieniu, to w moim przekonaniu jest to uzasadnione <\/em>&#8211; przekonywa\u0142.<\/p>\r\n<p>W ostatnim latach \u017cycia zas\u0142yn\u0105\u0142 jednak obron\u0105 katolickiej ortodoksji. Wraz z kardyna\u0142ami Walterem Brandmullerem, Raymoundem Leo Burkiem oraz Carlo Caffar\u0105 poprosi\u0142 papie\u017ca Franciszka o wyja\u015bnienie w\u0105tpliwo\u015bci teologicznych zwi\u0105zanych z adhortacj\u0105 <em>Amoris Laetitia. <\/em>Wcze\u015bniej kardyna\u0142owie przed\u0142o\u017cyli tzw. <em>dubia <\/em>ojcu \u015bwi\u0119temu osobi\u015bcie, jednak z powodu nieotrzymania odpowiedzi zdecydowali si\u0119 post\u0119powa\u0107 zgodnie z instrukcjami zawartymi w Ewangelii wg \u015bw. Mateusza i opublikowa\u0107 sw\u00f3j list publicznie.<em>&nbsp;<\/em><\/p>\r\n<p>W zwi\u0105zku z brakiem jakiejkolwiek odpowiedzi ze strony papie\u017ca Franciszka, po siedmiu miesi\u0105cach <a href=\"http:\/\/www.pch24.pl\/kardynalowie%E2%80%93ktorzy-nie-otrzymali-odpowiedzi-na-dubia%E2%80%93poprosili-papieza-o-audiencje-,52437,i.html\">kardyna\u0142owie poprosili o prywatn\u0105 audiencj\u0119<\/a>. Do dzi\u015b nie doczekali si\u0119 \u017cadnej odpowiedzi.<\/p>\r\n<p>&#8212;<\/p>\r\n<p>Urodzony w Bo\u017ce Narodzenie 1933 roku we Wroc\u0142awiu (wtedy Breslau) niemiecki hierarcha \u015bwi\u0119cenia kap\u0142a\u0144skie przyj\u0105\u0142 22 grudnia 1962 roku. 13 lat p\u00f3\u017aniej z r\u0105k bpa Hugona Aufderbecka, \u00f3wczesnego administratora tytularnego Viby, otrzyma\u0142 sakr\u0119 biskupi\u0105. W 1983 roku ojciec \u015bwi\u0119ty Jan Pawe\u0142 II wyni\u00f3s\u0142 go do godno\u015bci kardynalskiej.<\/p>\r\n<p>Uczestniczy\u0142 w konklawe 2005 roku, kt\u00f3re wybra\u0142o na Tron Piotrowy Benedykta XVI oraz w konklawe 2013 roku (wyb\u00f3r Franciszka). 25 grudnia 2013 w zwi\u0105zku z uko\u0144czeniem 80 lat utraci\u0142 prawo udzia\u0142u w konklawe.<\/p>\r\n<p>28 lutego 2014 papie\u017c Franciszek przyj\u0105\u0142 jego rezygnacj\u0119 z obowi\u0105zk\u00f3w arcybiskupa metropolity Kolonii.<\/p>\r\n<p>Zmar\u0142 podczas urlopu 5 lipca 2017 w Bad Fussing.<\/p>\r\n<p>OM<\/p>","protected":false},"excerpt":{"rendered":"Hierarcha odpowiedzialny m.in. za dubia w sprawie Amoris Laetitia nie doczeka\u0142 si\u0119 rozwiania w\u0105tpliwo\u015bci przez papie\u017ca Franciszka. Kardyna\u0142 Joachim Meisner zmar\u0142 w wieku 84 lat w Bad Fussing.&nbsp; Kardyna\u0142 da\u0142 si\u0119 pozna\u0107 jako wielki obro\u0144ca kultury i jej \u015bcis\u0142ego zwi\u0105zku z kultem Bo\u017cym. Szerokim echem odbi\u0142y si\u0119 jego s\u0142owa, kt\u00f3re wypowiedzia\u0142 w 2007 roku, gdy [&hellip;]","protected":false},"author":1,"featured_media":0,"comment_status":"closed","ping_status":"closed","sticky":false,"template":"","format":"standard","meta":{"_acf_changed":false,"_monsterinsights_skip_tracking":false,"_monsterinsights_sitenote_active":false,"_monsterinsights_sitenote_note":"","_monsterinsights_sitenote_category":0,"ngg_post_thumbnail":0,"footnotes":"","_wp_rev_ctl_limit":""},"categories":[3],"tags":[184,33],"acf":[],"_links":{"self":[{"href":"https:\/\/www.bibula.com\/index.php?rest_route=\/wp\/v2\/posts\/96513"}],"collection":[{"href":"https:\/\/www.bibula.com\/index.php?rest_route=\/wp\/v2\/posts"}],"about":[{"href":"https:\/\/www.bibula.com\/index.php?rest_route=\/wp\/v2\/types\/post"}],"author":[{"embeddable":true,"href":"https:\/\/www.bibula.com\/index.php?rest_route=\/wp\/v2\/users\/1"}],"replies":[{"embeddable":true,"href":"https:\/\/www.bibula.com\/index.php?rest_route=%2Fwp%2Fv2%2Fcomments&post=96513"}],"version-history":[{"count":0,"href":"https:\/\/www.bibula.com\/index.php?rest_route=\/wp\/v2\/posts\/96513\/revisions"}],"wp:attachment":[{"href":"https:\/\/www.bibula.com\/index.php?rest_route=%2Fwp%2Fv2%2Fmedia&parent=96513"}],"wp:term":[{"taxonomy":"category","embeddable":true,"href":"https:\/\/www.bibula.com\/index.php?rest_route=%2Fwp%2Fv2%2Fcategories&post=96513"},{"taxonomy":"post_tag","embeddable":true,"href":"https:\/\/www.bibula.com\/index.php?rest_route=%2Fwp%2Fv2%2Ftags&post=96513"}],"curies":[{"name":"wp","href":"https:\/\/api.w.org\/{rel}","templated":true}]}}