{"id":96429,"date":"2017-06-29T11:40:50","date_gmt":"2017-06-29T15:40:50","guid":{"rendered":"http:\/\/www.bibula.com\/?p=96429"},"modified":"2017-06-29T11:40:50","modified_gmt":"2017-06-29T15:40:50","slug":"list-bozeny-ratter-do-marii-przelomiec-i-dziennikarzy-zajmujacych-sie-tematem-kresy","status":"publish","type":"post","link":"https:\/\/www.bibula.com\/?p=96429","title":{"rendered":"List Bo\u017ceny Ratter do Marii Prze\u0142omiec i dziennikarzy zajmuj\u0105cych si\u0119 tematem &#8222;Kresy&#8221;"},"content":{"rendered":"<p>Szanowna Pani,<\/p>\r\n<p>uprzejmie prosz\u0119 o zapoznanie si\u0119 z poni\u017cszym tekstem, w kt\u00f3rym pos\u0142uguj\u0119 si\u0119 tre\u015bci\u0105 dokument\u00f3w, do kt\u00f3rych mia\u0142 dost\u0119p ukrai\u0144ski historyk Wiktor Poliszczuk i na ich podstawie nazwa\u0142 ludob\u00f3jstwem eksterminacj\u0119 ludno\u015bci polskiej (w tym polskich \u017cyd\u00f3w) przez nacjonalist\u00f3w ukrai\u0144skich. Nieznajomo\u015b\u0107 lub celowe manipulowanie faktami w Pani autorskim programie Studio Wsch\u00f3d dotyczy nie tylko Ukrainy ale i Litwy co spowodowa\u0142o publiczne o\u015bwiadczenie Wroc\u0142awskiej Fundacji Studio Wsch\u00f3d (maj\u0105cej na swoim koncie wiele dzia\u0142a\u0144 na rzecz nas wszystkich czyli r\u00f3wnie\u017c pochodz\u0105cych lub \u017cyj\u0105cych na zabranych nam ziemiach) \u201ezdecydowanie odcinamy si\u0119 od wszelkich wypowiedzi, pogl\u0105d\u00f3w oraz materia\u0142\u00f3w Marii Prze\u0142omiec\u201d<\/p>\r\n<p>Z powa\u017caniem<\/p>\r\n<p>Bo\u017cena Ratter<\/p>\r\n<p style=\"padding-left: 30px;\"><br>\r\n Cz\u0119\u015b\u0107 druga zbioru (260 dokument\u00f3w) \u2026. pozwala na dokonanie oceny, zgodnie z kt\u00f3r\u0105:<br>\r\n *Dzia\u0142alno\u015b\u0107 UWO-OUN w okresie mi\u0119dzywojennym skierowana by\u0142a wy\u0142\u0105cznie przeciwko Polsce i w \u017cadnej mierze nie poszerzy\u0142a si\u0119 na terytorium radzieckiej Ukrainy;<br>\r\n *OUN by\u0142a cz\u0142onkiem &#8222;mi\u0119dzynarod\u00f3wki faszystowskiej\u201d;<br>\r\n *OUN w swych dzia\u0142aniach nie mia\u0142a poparcia mas ukrai\u0144skich, w szczeg\u00f3lno\u015bci odnosi si\u0119 to do okresu okupacji hitlerowskiej;<\/p>\r\n<p style=\"padding-left: 30px;\"><br>\r\n *Tzw. Ukrai\u0144ska Powsta\u0144cza Armia nie by\u0142a ruchem powsta\u0144czym narodu ukrai\u0144skiego\u2026 w swej masie UPA w co najmniej 60% sk\u0142ada\u0142a si\u0119 z terrorem zmobilizowanych do niej ch\u0142op\u00f3w ukrai\u0144skich Wo\u0142ynia; w oko\u0142o 30% z ch\u0142op\u00f3w ukrai\u0144skich Wo\u0142ynia, kt\u00f3rzy w nast\u0119pstwie terroru niemieckiego uciekli &#8222;do lasu\u201d i tam ich &#8222;zagospodarowa\u0142a\u201d OUN Bandery &#8211; zmuszaj\u0105c ca\u0142o\u015b\u0107 do dokonywania zab\u00f3jstw masowych. Trzon dow\u00f3dczy UPA stanowili cz\u0142onkowie OUN Bandery z regu\u0142y Haliczanie, w szczeg\u00f3lno\u015bci policja ukrai\u0144ska oraz b. \u017co\u0142nierze batalion\u00f3w &#8222;Nachtigall\u201d i &#8222;Roland\u201d. Wobec tego, \u017ce UPA nie stanowi\u0142a formacji ochotniczej, nie mo\u017cna jej zalicza\u0107 do ruchu powsta\u0144czego, a wobec tego, \u017ce OUN Bandery nie mia\u0142a uprawnie\u0144 do wykonywania w\u0142adzy pa\u0144stwowej, nie mia\u0142a ona te\u017c prawa &#8222;mobilizowa\u0107\u201d Ukrai\u0144c\u00f3w, a wi\u0119c UPA nie stanowi\u0142a te\u017c ruchu partyzanckiego.<br>\r\n *Tylko w niewielkiej mierze OUN-UPA wyst\u0119powa\u0142a przeciwko partyzantce radzieckiej i uzbrojonej administracji niemieckiej i to tylko celem zdobycia broni, sprz\u0119tu, zapas\u00f3w \u017cywno\u015bci co wyklucza lansowan\u0105 przez OUN Bandery tez\u0119 o \u201ejednoczesnej dwufrontowej walce OUN-UPA przeciwko si\u0142om niemieckim i rosyjskim\u201d.<\/p>\r\n<p style=\"padding-left: 30px;\"><br>\r\n *D\u0105\u017cenie ruchu OUN Bandery do zbudowania ukrai\u0144skiego pa\u0144stwa nacjonalistycznego (typu faszystowskiego) nie usprawiedliwia zakwalifikowania go do narodowowyzwole\u0144czego albowiem nar\u00f3d ukrai\u0144ski nie d\u0105\u017cy\u0142 do zbudowania pa\u0144stwa faszystowskiego i nie popiera\u0142 stosowanych przez OUN UPA metod budowania takiego pa\u0144stwa.(OUN UPA zamordowa\u0142a 80 000 Ukrai\u0144c\u00f3w, kt\u00f3rzy nie przyj\u0119li entuzjastycznie nacjonalistycznej ideologii)<br>\r\n *Dokument nr 49 i 50 wskazuj\u0105 na metody dzia\u0142alno\u015bci OUN Bandery od lipca 1941 roku, w szczeg\u00f3lno\u015bci na mobilizowanie opinii publicznej dla poparcia tej frakcji.<\/p>\r\n<p style=\"padding-left: 30px;\"><br>\r\n *Z dokumentu nr 52 wynika przekszta\u0142cenie utworzonej przez OUN w lipcu 1941 roku milicji ukrai\u0144skiej w ukrai\u0144sk\u0105 policj\u0119 w s\u0142u\u017cbie niemieckiej.<br>\r\n *Wa\u017cna jest ocena OUN dokonana w 1940 roku przez dzia\u0142acza NSDAP Schikeldanza:<br>\r\n \u201ezwr\u00f3cili\u015bmy uwag\u0119 admira\u0142a (Canarisa &#8211; W.P.), \u017ce OUN w \u017caden spos\u00f3b nie mo\u017ce pretendowa\u0107 do zwi\u0119kszenia politycznego uznania. Ona jest niczym innym, jak tylko ma\u0142\u0105 grup\u0105 terrorystyczn\u0105 o specyficznym halickim zabarwieniu (dok. nr 35). (Wiktor Poliszczuk, Nacjonalizm ukrai\u0144ski w dokumentach cz\u0119\u015b\u0107 2).<br>\r\n Jednak ta ma\u0142a grupa terrorystyczna dokona\u0142a bestialskiego ludob\u00f3jstwa na co najmniej 120 000 s\u0105siadach tylko dlatego, \u017ce byli Polakami. Mordy masowe na ludno\u015bci polskiej mia\u0142y charakter doktrynalny, planowy, zorganizowany, metodyczny i by\u0142y dokonywane z rozkazu OUN Bandery.<\/p>\r\n<p><br>\r\n <strong>Z<\/strong>bli\u017ca si\u0119 dzie\u0144 11 lipca. W 1943 roku, w drug\u0105 niedziel\u0119 lipca, duchowni i wierni zgromadzeni na modlitwie podczas niedzielnej mszy \u015bw. zostali zaatakowani w ponad 100 miejscowo\u015bciach na Wo\u0142yniu zgodnie ze zbrodniczym planem eksterminacji ludno\u015bci polskiej podj\u0119tym przez OUN UPA. Banderowcy i czer\u0144 wiejska na Kresach po\u0142udniowo-wschodnich zamordowali, cz\u0119sto w barbarzy\u0144ski spos\u00f3b 148 ksi\u0119\u017cy katolickich, 15 zakonnik\u00f3w,4 kleryk\u00f3w,29 zakonnic, czyli 196 duchownych i zakonnic narodowo\u015bci polskiej oraz 26 ksi\u0119\u017cy greckokatolickich czyli cz\u0119sto swoich rodak\u00f3w o innych pogl\u0105dach. W 2009 roku biskup ordynariusz diecezji \u0142uckiej na Wo\u0142yniu powiedzia\u0142 : nie chcemy rozdrapywa\u0107 ran, nie chcemy tez powstania nowych ale zapomnie\u0107 te\u017c nie mo\u017cna. To jest niedopuszczalne, to jest nie do pomy\u015blenia. Chcemy si\u0119 modli\u0107 za tych, kt\u00f3rzy zgin\u0119li. B\u0119d\u0119 zawsze to powtarza\u0142, chcemy doko\u0144czy\u0107 sprawowanie tych mszy \u015bwi\u0119tych, kt\u00f3re niegdy\u015b zosta\u0142y przerwane i pozostaj\u0105 niedoko\u0144czone. Gin\u0119li ludzie w ko\u015bcio\u0142ach i gin\u0119li ksi\u0119\u017ca przy o\u0142tarzach. Czy mamy prawo o tym zapomnie\u0107? M\u00f3wi\u0105c s\u0142owami psalmu: Czy mog\u0119 zapomnie\u0107 o tobie Jeruzalem? Gdybym zapomnia\u0142 o tobie, to niech uschnie moja prawica i j\u0119zyk przyschnie mi do podniebienia.<\/p>\r\n<p>S\u0142owa te zosta\u0142y umieszczone we wprowadzeniu do wystawy nosz\u0105cej znamienny tytu\u0142: Niedoko\u0144czone msze wo\u0142y\u0144skie. Martyrologia duchowie\u0144stwa wo\u0142y\u0144skiego, ofiar zbrodni nacjonalist\u00f3w ukrai\u0144skich w czasie II wojny \u015bwiatowej. Wystawa przygotowana zosta\u0142a w Roku Kap\u0142a\u0144skim (2010) by przywo\u0142a\u0107 w ramach obchod\u00f3w, sylwetki duchownych, m\u0119czennik\u00f3w rzezi wo\u0142y\u0144skiej i odda\u0107 ho\u0142d dziesi\u0105tkom tysi\u0119cy niewinnych ofiar, kt\u00f3rych szcz\u0105tki nie doczeka\u0142y si\u0119 chrze\u015bcija\u0144skiego poch\u00f3wku i godnego upami\u0119tnienia. Wystawa w\u0119drowa\u0142a po polskich miastach w latach 2010 -2011. Ukazywa\u0142a ona min. \u017ce podczas sprawowania mszy \u015bwi\u0119tej w Zab\u0142o\u0107cach, pow. W\u0142odzimierz Wo\u0142y\u0144ski, zosta\u0142 zamordowany 11 lipca 1943 roku wraz ze 76 parafianami ks. J\u00f3zef Aleksandrowicz, podobnie ks. Jan Kotwicki w Chrynowie, powiat W\u0142odzimierz Wo\u0142y\u0144ski, ze 150 parafianami. R\u00f3wnie\u017c ks. Konstanty Turza\u0144ski z Wyszogr\u00f3dka, pow. Krzemieniec, zosta\u0142 zamordowany podczas odprawiania mszy \u015bwi\u0119tej wraz ze 150 wiernymi w lipcu 1943 roku. Szczeg\u00f3lnie okrutn\u0105 \u015bmier\u0107 zgotowali banderowcy ksi\u0119dzu neounickiemu Serafinowi Jarosiewiczowi z \u0179abcza pow. \u0141uck. Zosta\u0142 on spalony wraz z 4 wiernymi w cerkwi greckokatolickiej, za odmow\u0119 przej\u015bcia na prawos\u0142awie. Tak\u0105 \u015bmier\u0107 przez spalenie wraz ze 150-200 wiernymi neounitami, za odmow\u0119 powrotu na prawos\u0142awie spotka\u0142 siostr\u0119 Mari\u0119 Ossakowsk\u0105 i siostr\u0119 Jadwig\u0119 Gano w Lubieszowie, diecezji pi\u0144skiej, miejscu nauki szkolnej Tadeusza Ko\u015bciuszki. Natomiast ks. Karol Baran ze St\u0119\u017carzyc, pow. W\u0142odzimierz zosta\u0142 12 lipca 1943 roku uprowadzony przez banderowc\u00f3w do lasu, zwi\u0105zany pomi\u0119dzy deskami i przer\u017cni\u0119ty pi\u0142\u0105. W ostatnim czasie trwa proces beatyfikacyjny m\u0119czennika, ks. Ludwika Wrodarczyka, lekarza, zielarza, niezwykle pomagaj\u0105cego ludziom. Zosta\u0142 on noc\u0105 z 6\/7 grudnia 1943 roku porwany z ko\u015bcio\u0142a w Okopach, pow. Sarny i przewieziony do ukrai\u0144skiej wsi Karpi\u0142\u00f3wka. Po brutalnym biciu (krew m\u0119czennika by\u0142a widoczna na \u015bcianach po wielu latach i nie mo\u017cna by\u0142o jej zamalowa\u0107), m\u0119czennik zosta\u0142 wywleczony na dw\u00f3r. Tam Ukrainki trzyma\u0142y go za r\u0119ce i nogi a banderowiec rozci\u0105\u0142 cia\u0142o i wyrwa\u0142 drgaj\u0105ce serce. Oto serce Lacha, krzycza\u0142 bohaterski banderowiec.! Tego typu okrutnych zbrodni, pope\u0142nionych na polskich kap\u0142anach, inteligencji, ch\u0142opach oraz inaczej my\u015bl\u0105cych i czuj\u0105cych Ukrai\u0144cach, czyli po prostu chrze\u015bcijanach by\u0142o wiele, bardzo wiele.<br>\r\n Tak wi\u0119c przez strach, przera\u017cenie i wr\u0119cz niedowierzanie spowodowane tymi nieludzkimi zbrodniami nasuwaj\u0105 si\u0119 pytania. Kto i jak, dlaczego, z jakiego powodu m\u00f3g\u0142 dopu\u015bci\u0107 si\u0119 tak potwornych zbrodni z piek\u0142a rodem?<\/p>\r\n<p>Pewn\u0105 rol\u0119 odgrywa\u0142a pami\u0119\u0107 o hulaniu Lachami podczas wojny 1918-1919 o Lw\u00f3w i Galicj\u0119 Wschodni\u0105. Zbrodnie \u017co\u0142nierzy Ukrai\u0144skiej Armii Halickiej (UHA) nie zosta\u0142y w pe\u0142ni ukarane. A bezkarno\u015b\u0107 rodzi nast\u0119pne- jeszcze potworniejsze zbrodnie. Dlatego zapewne dochodzi\u0142o w latach II wojny \u015bwiatowej do bezpo\u015bredniego udzia\u0142u kap\u0142an\u00f3w greckokatolickich (cz\u0119sto by\u0142ych oficer\u00f3w UHA), ich dzieci i najbli\u017cszych krewnych w mordach. By\u0142y to przypadki na tyle cz\u0119ste, \u017ce po wojnie organizacje podziemne pr\u00f3bowa\u0142y przeprowadzi\u0107 ankiet\u0119 w\u015br\u00f3d ocala\u0142ych z rzezi kresowian na ten temat. Jak podaje Aleksander Korman, niekt\u00f3rzy historycy ukrai\u0144scy nazywaj\u0105 ksi\u0119\u017cy unickich cementem lub spoiwem bohaterskiej UPA. Je\u017celi przeanalizujemy tylko jedn\u0105 z wielu monografii Stowarzyszenia Upami\u0119tnienia Ofiar Zbrodni Ukrai\u0144skich Nacjonalist\u00f3w we Wroc\u0142awiu pt: Ludob\u00f3jstwo dokonane przez nacjonalist\u00f3w ukrai\u0144skich na Polakach w wojew\u00f3dztwie stanis\u0142awowskim 1939-1946 autorstwa Szczepana Siekierki, Henryka Koma\u0144skiego i Eugeniusza R\u00f3\u017ca\u0144skiego, to mo\u017cemy na konkretnych przyk\u0142adach zobaczy\u0107 skrajny stosunek niekt\u00f3rych paroch\u00f3w greckokatolickich diecezji stanis\u0142awowskiej do Polak\u00f3w, ich stosunku do podstawowych kanon\u00f3w wiary i mi\u0142o\u015bci do Boga i Cz\u0142owieka, czyli sensu | chrze\u015bcija\u0144stwa. W monografii tej \u015bwiadkowie opisuj\u0105 a\u017c 14 ksi\u0119\u017cy greckokatolickich i dw\u00f3ch alumn\u00f3w z ziem wojew\u00f3dztwa stanis\u0142awowskiego. Trzech z nich \u015bwi\u0119ci\u0142o no\u017ce, s\u0142u\u017c\u0105ce do mordowania Polak\u00f3w. Byli to: ks. Bodak z Doliny, ks. Wo\u0142odymyr Stemiuk , ks. Zakrzewski z Kut (p\u00f3\u017aniej pierwszy dzia\u0142acz z Kanady i pracownik Radia Swoboda). (Ludob\u00f3jstwo OUN &#8211; UPA na Kresach Po\u0142udniowo &#8211; Wschodnich tom 7 pod red. Witolda Listowskiego)<\/p>\r\n<p>A o tym, od kiedy i jak przygotowywano si\u0119 do tej zbrodni m\u00f3wi dokument 28 &#8211; poni\u017cej urywki.<br>\r\n \u201eOkres organizacyjny pracy na terenie Wolnego Miasta Gda\u0144ska za czas mego pobytu &#8211; pisze A. Fedyna &#8211; by\u0142 na tyle \u017cywy i wielostronny, \u017ce zajmuje on odr\u0119bne miejsce w historii OUN. Do Gda\u0144ska na spotkania organizacyjne przybywali, i to niejednokrotnie, Bandera, Ste\u0107ko, Janiw (rektor ukrai\u0144skiego uniwersytetu w Monachium), Ko\u0142odzin\u015bkyj, Kordiuk i szereg innych cz\u0142onk\u00f3w Krajowego Przyw\u00f3dztwa, z drugiej za\u015b strony Scibor\u015bkyj, Senyk, Martyne\u0107 i inni. Przez Gda\u0144sk bez przeszk\u00f3d przeje\u017cd\u017ca\u0142a w jedn\u0105 i w drug\u0105 stron\u0119 na wyszkolenie do Prus Wschodnich grupa bojowc\u00f3w. Od 1929 do 1934 roku o\u015brodek w Gda\u0144sku by\u0142 najwa\u017cniejszym punktem operatywnym OUN w drodze do Kraju i z Kraju. W tym czasie przez Gda\u0144sk przesz\u0142y tysi\u0105ce &#8222;Surmy\u201d i innych wyda\u0144 rewolucyjnych do Kraju, dlatego, \u017ce wszystkie inne drogi, zw\u0142aszcza przez Karpaty, by\u0142y trudne, kosztowne i jeszcze bardziej niebezpieczne\u2026 Transport wyda\u0144 dokonywa\u0142 nie jaki\u015b specjalnie do tego celu przeszkolony sztab, ale ludzie, kt\u00f3rzy traktowali t\u0119 robot\u0119 jako sw\u00f3j narodowy obowi\u0105zek i nie doszukiwali si\u0119 w tym szczeg\u00f3lnego bohaterstwa \u2026 Do us\u0142ug w transportowaniu literatury podziemnej stawali nawet cz\u0142onkowie \u00f3wczesnej Reprezentacji Parlamentarnej\u2026ojcowie rodzin, wiekiem i do\u015bwiadczeniem powa\u017cni obywatele, postawieni w\u00f3wczas na najbardziej odpowiedzialne stanowiska naszego \u017cycia spo\u0142ecznego i politycznego. Jeszcze do dzi\u015b z szacunkiem schylam czo\u0142o przed tymi, bez w\u0105tpienia, wyj\u0105tkowymi przedstawicielami naszej starszej generacji .<\/p>\r\n<p>Godzi si\u0119 podkre\u015bli\u0107, \u017ce mi\u0119dzy nimi byli te\u017c cz\u0142onkowie naszego stanu duchownego. Przez Gda\u0144sk przechodzi\u0142y wszystkie pieni\u0119\u017cne przesy\u0142ki z zagranicy do Kraju i nie by\u0142o ani jednego przypadku, aby jaka\u015b przesy\u0142ka nie dotar\u0142a na miejsce przeznaczenia. Odnosz\u0119 wra\u017cenie, \u017ce polska policja do dzi\u015b nie zna drogi, kt\u00f3r\u0105 my\u015bmy do tego celu wykorzystywali. Oddzia\u0142 miejscowy mia\u0142 wp\u0142yw i trzyma\u0142 palec na pulsie wszystkiego, zar\u00f3wno kulturalno-o\u015bwiatowego, jak organizacyjnego \u017cycia naszych student\u00f3w. O wszystkich zasadniczych sprawach w \u00f3wczesnym \u017cyciu naszych student\u00f3w decydowali\u015bmy na zebraniach Oddzia\u0142u. Kluczowe stanowiska o szczeg\u00f3lnym charakterze w og\u00f3lnostudenckim organie &#8222;Osnowa\u201d z regu\u0142y obsadzane by\u0142y nacjonalistami lub ich sympatykami. Podczas gdy wobec Polak\u00f3w stosowano numerus clausus, to znaczy ograniczenia w przyjmowaniu na politechnik\u0119, to ka\u017cdego Ukrai\u0144ca przyjmowano bez jakichkolwiek trudno\u015bci. Potrzebuj\u0105cym naszym studentom udzielano, jako jedynej grupie narodowej, stypendi\u00f3w z funduszu Humboldta. My osi\u0105gn\u0119li\u015bmy to, \u017ce ukrai\u0144skie studenckie korporacje &#8222;Czornomore\u201d, &#8222;Zarewo\u201d i &#8222;Ha\u0142ycz\u201d zosta\u0142y &#8222;bij\u0105cymi\u201d korporacjami z pe\u0142nym prawem dawania i otrzymywania satysfakcji. Zhorlakewycz, Baczyn\u015bkyj i ja przez d\u0142ugi czas prowadzili\u015bmy rozmowy z przedstawicielami niemieckich student\u00f3w i osi\u0105gn\u0119li\u015bmy to, \u017ce wszystkie wspomniane studenckie korporacje zosta\u0142y przyj\u0119te do tzw. Waffenringu,to znaczy &#8222;Zbrojnego Ko\u0142a\u201d, a przez to samo zosta\u0142y one zr\u00f3wnane z niemieckimi korporacjami\u201d.<br>\r\n Dokument 29 to \u201esprawa Wasyla Stepana Nycza, 22-letniego studenta w Gda\u0144sku, rodem z Winnik ko\u0142o Lwowa, kt\u00f3ry zosta\u0142 aresztowany gdy w 1933 roku wraca\u0142 ze studi\u00f3w i wi\u00f3z\u0142 ze sob\u0105 pakiet \u201eSurmy\u201d i \u201eRozbudowy Nacji\u201d. Zosta\u0142 zatrzymany przez komisarza Jerzego Ciesielczyka \u201eJurewicza\u201d, nast\u0119pc\u0119 zabitego przez UWO Czechowskiego i wypuszczony. Student zobowi\u0105za\u0142 si\u0119 zabi\u0107 Jurewicza, z kt\u00f3rym um\u00f3wi\u0142 si\u0119 na spotkanie na odludziu. Spud\u0142owa\u0142, zosta\u0142 skazany na 10 lat wi\u0119zienia. Po wojnie z\u0142o\u017cy\u0142 zeznanie. (Wiktor Poliszczuk, Nacjonalizm ukrai\u0144ski w dokumentach cz\u0119\u015b\u0107 2).<\/p>\r\n<p>Smutne, metropolita warszawski otwiera jednostronnie korytarze, odwo\u0142uje si\u0119 do naszego mi\u0142osierdzia by weszli nimi Ukrai\u0144cy i muzu\u0142manie. Nie dopomina si\u0119 o mi\u0142osierdzie dla um\u0119czonego bestialsko duchowie\u0144stwa a wi\u0119c o jego beatyfikacj\u0119, o odszukanie szcz\u0105tk\u00f3w, chrze\u015bcija\u0144ski poch\u00f3wek i godne upami\u0119tnienie tych, kt\u00f3rzy nie zd\u0105\u017cyli uj\u015b\u0107 spod no\u017cy morderc\u00f3w. Nie ma mi\u0142osierdzia dla uchod\u017ac\u00f3w z ziemi ojczystej, kt\u00f3rym uda\u0142o si\u0119 unikn\u0105\u0107 \u015bmierci, kt\u00f3rych przyj\u0119\u0142y inne rodziny w ci\u0119\u017ckich, powojennych czasach, kt\u00f3rzy co noc widz\u0105 mordowanych bliskich i nie mog\u0105 zapali\u0107 \u015bwieczki na ich grobie. Nie ma mi\u0142osierdzia dla Polak\u00f3w, kt\u00f3rzy ziemi ojczystej nie opu\u015bcili i jako mniejszo\u015b\u0107 na tych zabranych ziemiach nie maj\u0105 praw i wsparcia takiego, jak mniejszo\u015bci w Polsce. Od kilku dni w metrze reklama: Warszawa za aborcj\u0105, Warszawa za \u201ein vitro\u201d. Ciekawe, czy to stanowisko wszystkich stan\u00f3w w Warszawie?<br>\r\n \u201eKresy to \u015bwiat, kt\u00f3rego w\u0142a\u015bciwie ju\u017c nie ma\u201d, \u201eo kt\u00f3rym pami\u0119\u0107 wygasa\u201d, \u201eobszar t\u0119sknot i marze\u0144\u201d, a pami\u0119taj\u0105 o nich nieliczni ju\u017c \u201e\u015bwiadkowie \u017cycia kresowego\u201d, \u201epotomkowie kresowian\u201d &#8211; takie s\u0142owa wk\u0142adaj\u0105 w usta rz\u0105dz\u0105cych ukrai\u0144scy doradcy. A Kresy Po\u0142udniowo Wschodnie to Polska, to realne 50% Polski czyli ziemi, ludzi, dziedzictwa kulturowego, to polskie ziemie zabrane nam w imi\u0119 interesu naszych wrog\u00f3w. Od wiek\u00f3w mieszkali w tej cz\u0119\u015bci Polski nie \u201e\u015bwiadkowie \u017cycia kresowego\u201d ale Polacy (w tym polscy \u017bydzi, Rusini, Wo\u0142osi, Czesi itp.) bez kt\u00f3rych nie by\u0142oby polskiej nauki, sztuki, kultury, edukacji i wychowania, medycyny, architektury, rolnictwa, przemys\u0142u itp. I ka\u017cdy inteligent o tym wie. Potomkowie tej cz\u0119\u015bci narodu polskiego to te\u017c Polacy, tak jak \u017cyj\u0105cy \u017bydzi to cz\u0119\u015b\u0107 narodu \u017cydowskiego, kt\u00f3rego holocaust odby\u0142 si\u0119 w tym samym czasie co holocaust narodu polskiego. Do Auschwitz i do muzeum POLin w Warszawie codziennie przylatuj\u0105 samolotami przedstawiciele narodu \u017cydowskiego (kt\u00f3ry mieszka\u0142 w krajach Europy , min. obywatele niemieccy, dla transportu kt\u00f3rych zosta\u0142a wybudowana bezpo\u015brednia linia kolejowa Berlin &#8211; Auschwitz), kt\u00f3rzy tamten \u015bwiat postrzegaj\u0105 bardzo realnie, tak realnie, \u017ce jego materialn\u0105 realno\u015b\u0107 w Polsce wycenili na 60 mld dolar\u00f3w. A przyje\u017cd\u017caj\u0105 by si\u0119 dowiedzie\u0107, by wci\u0105\u017c przypomina\u0107, pami\u0119ta\u0107 i przekazywa\u0107 kolejnym pokoleniom a\u017c do czasu nadej\u015bcia Mesjasza. Ich pami\u0119\u0107 nie wygasa. Chyba, \u017ce jest to pami\u0119\u0107 o sprawcach shoah, w Yad Vashem nie ma ani s\u0142owa na temat Niemc\u00f3w jako sprawcach. Jacy\u015b nazi\u015bci.<\/p>\r\n<p><strong><em>Bo\u017cena Ratter<\/em><\/strong><\/p>","protected":false},"excerpt":{"rendered":"Szanowna Pani, uprzejmie prosz\u0119 o zapoznanie si\u0119 z poni\u017cszym tekstem, w kt\u00f3rym pos\u0142uguj\u0119 si\u0119 tre\u015bci\u0105 dokument\u00f3w, do kt\u00f3rych mia\u0142 dost\u0119p ukrai\u0144ski historyk Wiktor Poliszczuk i na ich podstawie nazwa\u0142 ludob\u00f3jstwem eksterminacj\u0119 ludno\u015bci polskiej (w tym polskich \u017cyd\u00f3w) przez nacjonalist\u00f3w ukrai\u0144skich. Nieznajomo\u015b\u0107 lub celowe manipulowanie faktami w Pani autorskim programie Studio Wsch\u00f3d dotyczy nie tylko Ukrainy [&hellip;]","protected":false},"author":1,"featured_media":0,"comment_status":"closed","ping_status":"closed","sticky":false,"template":"","format":"standard","meta":{"_acf_changed":false,"_monsterinsights_skip_tracking":false,"_monsterinsights_sitenote_active":false,"_monsterinsights_sitenote_note":"","_monsterinsights_sitenote_category":0,"ngg_post_thumbnail":0,"footnotes":"","_wp_rev_ctl_limit":""},"categories":[215],"tags":[65,30,98,188,167,17],"acf":[],"_links":{"self":[{"href":"https:\/\/www.bibula.com\/index.php?rest_route=\/wp\/v2\/posts\/96429"}],"collection":[{"href":"https:\/\/www.bibula.com\/index.php?rest_route=\/wp\/v2\/posts"}],"about":[{"href":"https:\/\/www.bibula.com\/index.php?rest_route=\/wp\/v2\/types\/post"}],"author":[{"embeddable":true,"href":"https:\/\/www.bibula.com\/index.php?rest_route=\/wp\/v2\/users\/1"}],"replies":[{"embeddable":true,"href":"https:\/\/www.bibula.com\/index.php?rest_route=%2Fwp%2Fv2%2Fcomments&post=96429"}],"version-history":[{"count":0,"href":"https:\/\/www.bibula.com\/index.php?rest_route=\/wp\/v2\/posts\/96429\/revisions"}],"wp:attachment":[{"href":"https:\/\/www.bibula.com\/index.php?rest_route=%2Fwp%2Fv2%2Fmedia&parent=96429"}],"wp:term":[{"taxonomy":"category","embeddable":true,"href":"https:\/\/www.bibula.com\/index.php?rest_route=%2Fwp%2Fv2%2Fcategories&post=96429"},{"taxonomy":"post_tag","embeddable":true,"href":"https:\/\/www.bibula.com\/index.php?rest_route=%2Fwp%2Fv2%2Ftags&post=96429"}],"curies":[{"name":"wp","href":"https:\/\/api.w.org\/{rel}","templated":true}]}}