{"id":96391,"date":"2017-06-27T13:19:18","date_gmt":"2017-06-27T17:19:18","guid":{"rendered":"http:\/\/www.bibula.com\/?p=96391"},"modified":"2017-06-27T13:34:19","modified_gmt":"2017-06-27T17:34:19","slug":"watykan-przeciw-liberalizacji-narkotykow","status":"publish","type":"post","link":"https:\/\/www.bibula.com\/?p=96391","title":{"rendered":"Watykan przeciw liberalizacji narkotyk\u00f3w"},"content":{"rendered":"<p><strong>Stolica Apostolska zdecydowanie sprzeciwia si\u0119 jakiejkolwiek liberalizacji handlu narkotykami, w tym marihuan\u0105.<\/strong> Da\u0142 temu wyraz prefekt watyka\u0144skiej Dykasterii ds. Integralnego Rozwoju. Wskazuje on na negatywne skutki uboczne, konsekwencje spo\u0142eczne i tworzenie niebezpiecznych wzorc\u00f3w zachowa\u0144, w kt\u00f3rych najwa\u017cniejszym staje si\u0119 natychmiastowe zaspokojenie pragnie\u0144. Kard. Peter Turkson wspomina te\u017c o powa\u017cnej odpowiedzialno\u015b\u0107 instytucji publicznych, kt\u00f3re przyzwalaj\u0105 na rozw\u00f3j szkodliwych patologii.<\/p>\r\n<p>Szef watyka\u0144skiej dykasterii przyznaje, \u017ce narkomania to zjawisko bardzo z\u0142o\u017cone, o kt\u00f3rym decyduje wiele r\u00f3\u017cnych czynnik\u00f3w: brak rodziny, presja spo\u0142eczna, propaganda handlarzy, \u017c\u0105dza nowych do\u015bwiadcze\u0144. Pokazuje to, jak szerokie i r\u00f3\u017cnorodne musi by\u0107 przeciwdzia\u0142anie temu zjawisku. Kluczowym elementem musi by\u0107 jednak edukacja, towarzyszenie m\u0142odym, aby mogli spe\u0142nia\u0107 swe marzenia i wykorzystywa\u0107 sw\u00f3j potencja\u0142 &#8211; przypomina kard. Turkson. Okazj\u0105 do zabrania g\u0142osu w tej sprawie by\u0142 obchodzony wczoraj \u015awiatowy Dzie\u0144 Walki z Narkomani\u0105 i Nielegalnym Handlem Narkotykami.<\/p>\r\n<p>kb\/ rv<\/p>\r\n<p class=\"zrodlo\">Za: <a href=\"http:\/\/pl.radiovaticana.va\/news\/2017\/06\/27\/watykan_przeciw_liberalizacji_narkotyk%C3%B3w\/1321679\">Radio Watyka\u0144skie (27\/06\/2017)<\/a><\/p>\r\n<h4>&nbsp;<\/h4>\r\n<hr style=\"background-color: #000000; border-width: 0; color: #000000; height: 2px; line-height: 0; text-align: center; width: 100%;\">\r\n<h4>&nbsp;<\/h4>\r\n<h2>\u015awiat kapituluje wobec narkotyk\u00f3w<\/h2>\r\n<p>Wsp\u00f3\u0142czesne spo\u0142ecze\u0144stwa kapituluj\u0105 wobec plagi narkomanii &#8211; alarmuje Luciano Squillaci, przewodnicz\u0105cy W\u0142oskiej Federacji Wsp\u00f3lnot Terapeutycznych, kt\u00f3re pomagaj\u0105 narkomanom w wyzwoleniu si\u0119 z na\u0142ogu. Podkre\u015bla, \u017ce dominuj\u0105ca dzi\u015b mentalno\u015b\u0107 konsumpcyjna oraz kultura odrzucenia przejawia si\u0119 r\u00f3wnie\u017c w podej\u015bciu do narkomanii. Traktuje si\u0119 j\u0105 jako co\u015b nieuchronnego. W takich warunkach ryzyko popadni\u0119cia w na\u0142\u00f3g jest bardzo wysokie. Sprzyja te\u017c temu coraz \u0142atwiejszy dost\u0119p do substancji odurzaj\u0105cych &#8211; m\u00f3wi Luciano Squillaci.&nbsp;<\/p>\r\n<p>\u201eCo roku odnotowuje si\u0119 pojawienie na rynku ponad 110 nowych narkotyk\u00f3w syntetycznych. Jest to bardzo niepokoj\u0105ce, bo dzi\u015b wystarczy poszpera\u0107 troch\u0119 w internecie, aby naby\u0107 za niewielk\u0105 cen\u0119 r\u00f3\u017cne narkotyki syntetyczne, czy ich sk\u0142adniki, kt\u00f3re ostatecznie s\u0105 jeszcze bardziej szkodliwe ni\u017c narkotyki klasyczne. A przy tym wci\u0105\u017c wzrasta spo\u017cycie kokainy. Z wielk\u0105 moc\u0105 powraca te\u017c heroina\u201d &#8211; powiedzia\u0142 Luciano Squillaci.<\/p>\r\n<p>kb\/ rv<\/p>\r\n<p class=\"zrodlo\">Za: <a href=\"http:\/\/pl.radiovaticana.va\/news\/2017\/06\/27\/%C5%9Bwiat_kapituluje_wobec_narkotyk%C3%B3w\/1321678\">Radio Watyka\u0144skie (27\/06\/2017)<\/a><\/p>\r\n<h4>&nbsp;<\/h4>\r\n<hr style=\"background-color: #000000; border-width: 0; color: #000000; height: 2px; line-height: 0; text-align: center; width: 100%;\">\r\n<h4>&nbsp;<\/h4>\r\n<h2>Legalizacja marihuany zwi\u0119kszy uzale\u017cnienie spo\u0142ecze\u0144stwa<\/h2>\r\n<p>Jak wynika z sonda\u017cu przeprowadzonego w 2013 roku przez pismo <em>Huffington Post<\/em>, 16% respondent\u00f3w, kt\u00f3rzy nigdy nie za\u017cywali marihuany stwierdzi\u0142o, \u017ce po jej legalizacji spr\u00f3bowa\u0142oby tego narkotyku, a wsr\u00f3d uczestnik\u00f3w sonda\u017cu poni\u017cej 30 roku \u017cycia &#8211; a\u017c 35%. Jednocze\u015bnie 16% respondent\u00f3w przyzna\u0142o, \u017ce ju\u017c regularnie za\u017cywa marihuan\u0119.<\/p>\r\n<p>W\u015br\u00f3d badanych os\u00f3b powy\u017cej 65 roku \u017cycia wynika, \u017ce niemal nikt nie pr\u00f3bowa\u0142 marihuany, natomiast 9% przyzna\u0142o, \u017ce spr\u00f3bowaliby jej gdyby by\u0142a legalna.<\/p>\r\n<p class=\"zrodlo\">Opracowanie: <em>Bibula Information Service (B.I.S.)<\/em> &#8211; www.bibula.com &#8211; na podstawie <a href=\"http:\/\/www.bibula.com\/?p=1079\" target=\"_blank\" rel=\"noopener\">materia\u0142\u00f3w redakcyjnych<\/a><\/p>\r\n<h4>&nbsp;<\/h4>\r\n<hr style=\"background-color: #000000; border-width: 0; color: #000000; height: 2px; line-height: 0; text-align: center; width: 100%;\">\r\n<h4>&nbsp;<\/h4>\r\n<h2>Izrael b\u0119dzie eksportowa\u0142 marihuan\u0119<\/h2>\r\n<p><strong>INFO: Izraelski komitet rz\u0105dowy wyda\u0142 zgod\u0119 na pierwszy dla tego kraju eksport medycznej marihuany.<\/strong><\/p>\r\n<p>W weekend nadesz\u0142o zielone \u015bwiat\u0142o z komitetu ministerialnego, jednak legislacja mo\u017ce potrzebowa\u0107 kilku miesi\u0119cy, aby przej\u015b\u0107 przez parlament. Wg ekspert\u00f3w \u015brodki mog\u0105 wygenerowa\u0107 1 mld szekli (ok. 267 mln USD) rocznie dochodu dla Izraela.<\/p>\r\n<p>Ustawa ma uregulowa\u0107 i umo\u017cliwi\u0107 eksport marihuany w zwi\u0105zku z rosn\u0105cym \u015bwiatowym popytem w celach medycznych.<\/p>\r\n<p>\u0179r\u00f3d\u0142o:&nbsp;<a href=\"http:\/\/www.rt.com\/news\/376394-israel-medical-marijuana-export\/\">www.rt.com<\/a><\/p>\r\n<p>Opracowa\u0142: BL&nbsp;<\/p>\r\n<p class=\"zrodlo\">Za: <a href=\"http:\/\/korwin-mikke.pl\/bliski_wschod\/zobacz\/izrael_bedzie_eksportowal_marihuane\/142262\">Korwin-mikke.pl (07-02-2017)<\/a><\/p>\r\n<h4>&nbsp;<\/h4>\r\n<hr style=\"background-color: #000000; border-width: 0; color: #000000; height: 2px; line-height: 0; text-align: center; width: 100%;\">\r\n<h4>&nbsp;<\/h4>\r\n<h2>Muzyk rockowy: marihuana to furtka do narkotyk\u00f3w twardych<\/h2>\r\n<p><strong>Mo\u017ce nawet ci, kt\u00f3rzy dzisiaj walcz\u0105 o legalizacj\u0119 medycznej marihuany nie zdaj\u0105 sobie sprawy, \u017ce b\u0119d\u0105 si\u0142y, kt\u00f3re b\u0119d\u0105 wykorzystywa\u0107 fakt zalegalizowania marihuany, \u017ceby zalegalizowa\u0107 nast\u0119pne substancje&nbsp;&#8211; powiedzia\u0142 J\u0119drzej Kodymowski, tr\u00f3jmiejski muzyk rockowy.<\/strong><\/p>\r\n<p>Lider grupy Apteka odni\u00f3s\u0142 si\u0119 w ten spos\u00f3b do z\u0142o\u017conego w poniedzia\u0142ek przez Klub Poselski Kukiz\u201915 projektu nowelizacji ustawy o&nbsp;przeciwdzia\u0142aniu narkomanii. Zmiana mia\u0142aby polega\u0107 na umo\u017cliwieniu u\u017cywania konopii indyjskich w celach medycznych. Zezwole\u0144 na ich upraw\u0119 udziela\u0142aby Pa\u0144stwowa Inspekcja Farmaceutyczna.<\/p>\r\n<p>J\u0119drzej Kodymowski stwierdzi\u0142 w czwartek w porannej audycji Radia Wnet: &nbsp;&#8211;&nbsp;<em>Mam na co dzie\u0144 styczno\u015b\u0107 ze \u015brodowiskiem, kt\u00f3re w pewnym sensie jest najbardziej nara\u017cone na kontakt ze \u015brodkami psychoaktywnymi. Z mojego trzydziestoletniego do\u015bwiadczenia musz\u0119 powiedzie\u0107, \u017ce nie pozna\u0142em ani jednej osoby w tym ca\u0142ym t\u0142umie tysi\u0119cy ludzi, kt\u00f3rych spotka\u0142em na swojej drodze, kt\u00f3rym marihuana mia\u0142aby w czymkolwiek pom\u00f3c. Z regu\u0142y jest to furtka do narkotyk\u00f3w twardych<\/em>.<\/p>\r\n<p>Zdaniem wokalisty, po ewentualnym zalegalizowaniu marihuany w kolejce ustawiliby si\u0119 zwolennicy \u201euwolnienia\u201d li\u015bci kokainy, a nast\u0119pnie opiat\u00f3w.<\/p>\r\n<p>RoM<\/p>\r\n<p>\u0179r\u00f3d\u0142o: Radio Wnet<\/p>\r\n<p class=\"zrodlo\">Za: <a href=\"http:\/\/www.pch24.pl\/muzyk-rockowy--marihuana-to-furtka-do-narkotykow-twardych,45857,i.html\">PoloniaChristiana &#8211; pch24.pl (2016-09-08)<\/a><\/p>\r\n<h4>&nbsp;<\/h4>\r\n<hr style=\"background-color: #000000; border-width: 0; color: #000000; height: 2px; line-height: 0; text-align: center; width: 100%;\">\r\n<h4>&nbsp;<\/h4>\r\n<h2>Pierwsza reklama marihuany w &#8222;New York Timesie&#8221;<\/h2>\r\n<p><strong>INFO: W lewicuj\u0105cym &#8222;New York Timesie&#8221; pojawi\u0142a si\u0119 pierwsza w historii reklama medycznej marihuany.<\/strong><\/p>\r\n<p>Reklama pojawi\u0142a si\u0119 w niespe\u0142na tydzie\u0144 po serii artyku\u0142\u00f3w w tym samym dzienniku, w kt\u00f3rym redaktorzy tej gazety wzywali rz\u0105d federalny do legalizacji marihuany, aby m\u00f3c walczy\u0107 z symptomami niekt\u00f3rych chor\u00f3b.<\/p>\r\n<p>Celem reklamy Leafly, kt\u00f3ra pojawi\u0142a si\u0119 w &#8222;NYT&#8221; jest pozbawienie marihuany wizerunku jako zwyk\u0142ej substancji odurzaj\u0105cej, a przedstawienie jej jako leku, np. na raka.<\/p>\r\n<p>\u0179r\u00f3d\u0142o: <a href=\"http:\/\/www.newsmax.com\/US\/leafly-marijuana-ad-times\/2014\/08\/03\/id\/586570\/\">www.newsmax.com<\/a><\/p>\r\n<p>Opracowa\u0142: Jaros\u0142aw W\u00f3jtowicz<\/p>\r\n<p class=\"zrodlo\">Za: <a href=\"http:\/\/korwin-mikke.pl\/ogolne\/zobacz\/pierwsza_reklama_marihuany_w_new_york_timesie\/98216\">korwin-mikke.pl (04-08-2014)<\/a><\/p>\r\n<h4>&nbsp;<\/h4>\r\n<hr style=\"background-color: #000000; border-width: 0; color: #000000; height: 2px; line-height: 0; text-align: center; width: 100%;\">\r\n<h4>&nbsp;<\/h4>","protected":false},"excerpt":{"rendered":"Stolica Apostolska zdecydowanie sprzeciwia si\u0119 jakiejkolwiek liberalizacji handlu narkotykami, w tym marihuan\u0105. Da\u0142 temu wyraz prefekt watyka\u0144skiej Dykasterii ds. Integralnego Rozwoju. Wskazuje on na negatywne skutki uboczne, konsekwencje spo\u0142eczne i tworzenie niebezpiecznych wzorc\u00f3w zachowa\u0144, w kt\u00f3rych najwa\u017cniejszym staje si\u0119 natychmiastowe zaspokojenie pragnie\u0144. Kard. Peter Turkson wspomina te\u017c o powa\u017cnej odpowiedzialno\u015b\u0107 instytucji publicznych, kt\u00f3re przyzwalaj\u0105 na [&hellip;]","protected":false},"author":1,"featured_media":0,"comment_status":"closed","ping_status":"closed","sticky":false,"template":"","format":"standard","meta":{"_acf_changed":false,"_monsterinsights_skip_tracking":false,"ngg_post_thumbnail":0,"footnotes":"","_wp_rev_ctl_limit":""},"categories":[3],"tags":[58,105,61,98,221,41],"acf":[],"_links":{"self":[{"href":"https:\/\/www.bibula.com\/index.php?rest_route=\/wp\/v2\/posts\/96391"}],"collection":[{"href":"https:\/\/www.bibula.com\/index.php?rest_route=\/wp\/v2\/posts"}],"about":[{"href":"https:\/\/www.bibula.com\/index.php?rest_route=\/wp\/v2\/types\/post"}],"author":[{"embeddable":true,"href":"https:\/\/www.bibula.com\/index.php?rest_route=\/wp\/v2\/users\/1"}],"replies":[{"embeddable":true,"href":"https:\/\/www.bibula.com\/index.php?rest_route=%2Fwp%2Fv2%2Fcomments&post=96391"}],"version-history":[{"count":0,"href":"https:\/\/www.bibula.com\/index.php?rest_route=\/wp\/v2\/posts\/96391\/revisions"}],"wp:attachment":[{"href":"https:\/\/www.bibula.com\/index.php?rest_route=%2Fwp%2Fv2%2Fmedia&parent=96391"}],"wp:term":[{"taxonomy":"category","embeddable":true,"href":"https:\/\/www.bibula.com\/index.php?rest_route=%2Fwp%2Fv2%2Fcategories&post=96391"},{"taxonomy":"post_tag","embeddable":true,"href":"https:\/\/www.bibula.com\/index.php?rest_route=%2Fwp%2Fv2%2Ftags&post=96391"}],"curies":[{"name":"wp","href":"https:\/\/api.w.org\/{rel}","templated":true}]}}