{"id":96351,"date":"2017-06-26T10:21:38","date_gmt":"2017-06-26T14:21:38","guid":{"rendered":"http:\/\/www.bibula.com\/?p=96351"},"modified":"2017-06-26T10:21:38","modified_gmt":"2017-06-26T14:21:38","slug":"dokad-zawedrowalas-holandio","status":"publish","type":"post","link":"https:\/\/www.bibula.com\/?p=96351","title":{"rendered":"Dok\u0105d zaw\u0119drowa\u0142a\u015b Holandio?"},"content":{"rendered":"<p><strong>Multikulti, homozwi\u0105zki i wolno\u015b\u0107\u2026 tyle, \u017ce nie dla ka\u017cdego. Holandia upada coraz ni\u017cej. Jak to mo\u017cliwe, \u017ce kraj &#8211; wydawa\u0142oby si\u0119 tak pouk\u0142adany i uporz\u0105dkowany &#8211; m\u00f3g\u0142 zaliczy\u0107 tak dotkliwy upadek duchowy i moralny? Nie id\u017amy t\u0105 drog\u0105!<\/strong><\/p>\r\n<p><img fetchpriority=\"high\" decoding=\"async\" class=\"aligncenter\" src=\"http:\/\/www.pch24.pl\/images\/min_mid_big\/mid_52578.jpg?v=8044\" alt=\"Dok\u0105d zaw\u0119drowa\u0142a\u015b Holandio?\" width=\"597\" height=\"353\"><\/p>\r\n<p style=\"text-align: center;\"><em>PCh TV<\/em><\/p>\r\n<p>Pi\u0119kne zagrody, zadbane ulice i obej\u015bcia, ciesz\u0105ce oko budynki &#8211; z zewn\u0105trz nawet przeci\u0119tne holenderskie miasto prezentuje si\u0119 bardzo \u0142adnie. C\u00f3\u017c z tego, skoro patrz\u0105c w g\u0142\u0105b jest ju\u017c tylko moralna zgnilizna? Wolno\u015b\u0107? Tak, ale nie dla ka\u017cdego! Katolik? Najlepiej niech zamknie si\u0119 w swoim domu, ko\u015bciele i nie m\u00f3wi zbyt wiele, bo kogo\u015b prawda mo\u017ce urazi\u0107.<\/p>\r\n<p>W minion\u0105 sobot\u0119 Instytut Ksi\u0119dza Piotra Skargi wspar\u0142 protest grupy holenderskich katolik\u00f3w, kt\u00f3rzy nie pogodzili si\u0119 z my\u015bl\u0105, \u017ce z okazji \u201eR\u00f3\u017cowej soboty\u201d w katolickiej katedrze odb\u0119dzie si\u0119 nabo\u017ce\u0144stwo ekumeniczne z udzia\u0142em protestanckiej, homoseksualnej \u201epastorki\u201d, na kt\u00f3re \u015bci\u0105gnie grupa \u201et\u0119czowych\u201d, kt\u00f3rzy \u201e\u015bwi\u0119towali\u201d tego dnia swoj\u0105 odmienno\u015b\u0107. Na koniec paradzie pob\u0142ogos\u0142awi\u0107 mia\u0142 te\u017c katolicki biskup.<\/p>\r\n<p>Dzi\u0119ki protestom do skandalu nie dosz\u0142o. Katolicy jednak postanowili zamanifestowa\u0107 swoj\u0105 wiar\u0119 na ulicach miasta. Jak si\u0119 okaza\u0142o, w kraju s\u0142yn\u0105cym z wolno\u015bci, wcale nie jest to takie \u0142atwe. Polityczna poprawno\u015b\u0107 nakazuje bowiem, by tego rodzaju publiczne wyst\u0105pienia nikogo nie urazi\u0142y, a ju\u017c szczeg\u00f3lnie ludzi LGBT &#8211; i tak przecie\u017c tak okrutnie \u201edyskryminowanych\u201d.<\/p>\r\n<p>Nale\u017ca\u0142o zatem ocenzurowa\u0107 has\u0142a do bezpiecznych: \u201eMa\u0142\u017ce\u0144stwo = 1 m\u0119\u017cczyzna + 1 kobieta\u201d czy \u201eB\u00f3g stworzy\u0142 m\u0119\u017cczyzn\u0119 i kobiet\u0119\u201d. Na banerach mo\u017cna by\u0142o jeszcze umie\u015bci\u0107 podzi\u0119kowanie dla biskupa miejsca, \u017ce nie dopu\u015bci\u0142 do skandalu w katolickiej \u015bwi\u0105tyni. Na tym wolno\u015b\u0107 si\u0119 ko\u0144czy. M\u00f3wienie, \u017ce homoseksualizm to grzech, \u017ce niesie za sob\u0105 ci\u0119\u017ckie medyczne konsekwencje\u2026 to ju\u017c mog\u0142oby pachnie\u0107 krymina\u0142em.<\/p>\r\n<p>Czy zatem w Holandii katolicy s\u0105 dyskryminowani? Oficjalnie &#8211; nie. W praktyce &#8211; nie &#8211; o ile nie wychodz\u0105 ze swoimi pogl\u0105dami ze swoich \u015bwi\u0105ty\u0144 i ko\u015bcio\u0142\u00f3w. Czego do\u015bwiadczyli\u015bmy? Godzina i miejsce pierwszego protestu &#8211; w pobli\u017cu centrum handlowego w mie\u015bcie Den Bosch, zosta\u0142y tak wyznaczone, by nie kolidowa\u0142y one z imprezami w ramach \u201eR\u00f3\u017cowej soboty\u201d i nie skupia\u0142y uwagi zbyt wielu przechodni\u00f3w.<\/p>\r\n<p>Drugi etap akcji odbywa\u0142 si\u0119 w pobli\u017cu dworca. Gdy jednak policja zauwa\u017cy\u0142a, \u017ce pikietuj\u0105cy maj\u0105 kontakt za zbyt du\u017c\u0105 liczb\u0105 przechodni\u00f3w, nakaza\u0142a zmian\u0119 miejsca akcji &#8211; na drug\u0105 stron\u0119 szerokiej alei &#8211; w miejsce mniej ucz\u0119szczane. Do\u015b\u0107 doda\u0107, \u017ce katolikom zabroniono u\u017cywa\u0107 nag\u0142o\u015bnienia, a banery nie mog\u0142y by\u0107 umieszczone na drewnianych dr\u0105\u017ckach, bo stanowi\u0142y one zagro\u017cenie.<\/p>\r\n<p>W tym samym czasie grupy os\u00f3b LGBT hasa\u0142y po mie\u015bcie bez \u017cadnych przeszk\u00f3d. Do ich dyspozycji oddano g\u0142\u00f3wne palce miasta &#8211; gdzie odbywa\u0142y si\u0119 pseudo\u015bwi\u0105teczne jarmarki, biesiady, koncerny, a w\u0142adze miasta, restauratorzy, sklepikarze prze\u015bcigali si\u0119 w \u201eut\u0119czowianiu\u201d i r\u00f3\u017cowieniu witryn i fasad swoich lokali.<\/p>\r\n<p>Co wi\u0119cej, homoseksuali\u015bci mogli zaczepia\u0107 protestuj\u0105cych katolik\u00f3w, drwi\u0107 z nich &#8211; tego rodzaju zachowania nie robi\u0142y wi\u0119kszego wra\u017cenia na funkcjonariuszach. Katolicy za to karceni byli, gdy zbyt \u201enachalnie\u201d zagadywali do przechodni\u00f3w &#8211; poproszenie o wypowied\u017a do kamery &#8211; to ju\u017c akt, kt\u00f3ry przecie\u017c m\u00f3g\u0142by by\u0107 uznany za przejaw agresji.<\/p>\r\n<p>Niestety, lata prania holenderskich m\u00f3zg\u00f3w, przynios\u0142y efekt. I jest on druzgoc\u0105cy. Spo\u0142ecze\u0144stwo bezrefleksyjnie popiera LGBT, nie widzi w tym nic z\u0142ego, ba, widzi w homoseksualizmie warto\u015b\u0107 dodan\u0105! I niekt\u00f3rzy tylko przechodnie cichaczem, nie\u015bmia\u0142o dawali wyraz poparcia dla lekcji normalno\u015bci zorganizowanej przez katolik\u00f3w. Byli i tacy, co chcieli do\u0142\u0105czy\u0107 do akcji, ale nie mogli. Takie zaanga\u017cowanie mog\u0142yby bowiem zosta\u0107 \u017ale odczytane przez zatrudniaj\u0105ce ich\u2026 (nawet) katolickie instytucje!<\/p>\r\n<p>Takie oto \u201eeuropejskie warto\u015bci\u201d Zach\u00f3d chce przemyci\u0107 do Polski poprzez liczne przepisy antydyskryminacyjne, rozwi\u0105zania ukrywane pod p\u0142aszczem \u201epraw\u201d homoseksualist\u00f3w. Holandia jest doskona\u0142ym dowodem na to, \u017ce nie mo\u017cna ust\u0105pi\u0107 ani o krok. W przeciwnym razie upadek moralny Polak\u00f3w b\u0119dzie nieunikniony. Na to zgody by\u0107 nie mo\u017ce.<\/p>\r\n<p><strong><em>Marcin Austyn<\/em><\/strong><\/p>","protected":false},"excerpt":{"rendered":"Multikulti, homozwi\u0105zki i wolno\u015b\u0107\u2026 tyle, \u017ce nie dla ka\u017cdego. Holandia upada coraz ni\u017cej. Jak to mo\u017cliwe, \u017ce kraj &#8211; wydawa\u0142oby si\u0119 tak pouk\u0142adany i uporz\u0105dkowany &#8211; m\u00f3g\u0142 zaliczy\u0107 tak dotkliwy upadek duchowy i moralny? Nie id\u017amy t\u0105 drog\u0105! PCh TV Pi\u0119kne zagrody, zadbane ulice i obej\u015bcia, ciesz\u0105ce oko budynki &#8211; z zewn\u0105trz nawet przeci\u0119tne holenderskie [&hellip;]","protected":false},"author":1,"featured_media":0,"comment_status":"closed","ping_status":"closed","sticky":false,"template":"","format":"standard","meta":{"_acf_changed":false,"_monsterinsights_skip_tracking":false,"_monsterinsights_sitenote_active":false,"_monsterinsights_sitenote_note":"","_monsterinsights_sitenote_category":0,"ngg_post_thumbnail":0,"footnotes":"","_wp_rev_ctl_limit":""},"categories":[6],"tags":[132,26,271,280],"acf":[],"_links":{"self":[{"href":"https:\/\/www.bibula.com\/index.php?rest_route=\/wp\/v2\/posts\/96351"}],"collection":[{"href":"https:\/\/www.bibula.com\/index.php?rest_route=\/wp\/v2\/posts"}],"about":[{"href":"https:\/\/www.bibula.com\/index.php?rest_route=\/wp\/v2\/types\/post"}],"author":[{"embeddable":true,"href":"https:\/\/www.bibula.com\/index.php?rest_route=\/wp\/v2\/users\/1"}],"replies":[{"embeddable":true,"href":"https:\/\/www.bibula.com\/index.php?rest_route=%2Fwp%2Fv2%2Fcomments&post=96351"}],"version-history":[{"count":0,"href":"https:\/\/www.bibula.com\/index.php?rest_route=\/wp\/v2\/posts\/96351\/revisions"}],"wp:attachment":[{"href":"https:\/\/www.bibula.com\/index.php?rest_route=%2Fwp%2Fv2%2Fmedia&parent=96351"}],"wp:term":[{"taxonomy":"category","embeddable":true,"href":"https:\/\/www.bibula.com\/index.php?rest_route=%2Fwp%2Fv2%2Fcategories&post=96351"},{"taxonomy":"post_tag","embeddable":true,"href":"https:\/\/www.bibula.com\/index.php?rest_route=%2Fwp%2Fv2%2Ftags&post=96351"}],"curies":[{"name":"wp","href":"https:\/\/api.w.org\/{rel}","templated":true}]}}