{"id":96177,"date":"2017-06-14T23:59:24","date_gmt":"2017-06-15T03:59:24","guid":{"rendered":"http:\/\/www.bibula.com\/?p=96177"},"modified":"2017-06-14T14:08:27","modified_gmt":"2017-06-14T18:08:27","slug":"meczenstwo-wladyslawa-frasyniuka-stanislaw-michalkiewicz","status":"publish","type":"post","link":"https:\/\/www.bibula.com\/?p=96177","title":{"rendered":"M\u0119cze\u0144stwo W\u0142adys\u0142awa Frasyniuka &#8211; <em>Stanis\u0142aw Michalkiewicz<\/em>"},"content":{"rendered":"<p>Kiedy jeden z dw\u00f3ch \u201e<i>cz\u0142owiek\u00f3w honoru<\/i>\u201d, czyli genera\u0142 Jaruzelski, suwerenn\u0105 decyzj\u0105 Leonida Bre\u017cniewa wprowadzi\u0142 w Polsce stan wojenny, dla dzia\u0142aczy \u201e<i>Solidarno\u015bci<\/i>\u201d rozpocz\u0105\u0142 si\u0119 okres martyrologiczny. Zostali internowani w rozmaitych obozach, gdzie zza krat wy\u015bpiewywali t\u0119sknie \u201e<i>Ojczyzn\u0119 woln\u0105 racz nam wr\u00f3ci\u0107 Panie!<\/i>\u201d Wiem co m\u00f3wi\u0119, bo sam by\u0142em internowany w Bia\u0142o\u0142\u0119ce, gdzie te\u017c \u015bpiewali\u015bmy t\u0119 pie\u015b\u0144 o godzinie 17 wieczorem, a poniewa\u017c jeden z naszych towarzyszy niedoli z celi nie zna\u0142 tekstu, to raz za\u015bpiewa\u0142, \u017ce \u201e<i>przed Twe o\u0142tarze zanosim \u0107wierkanie<\/i>\u201d &#8211; co wprawi\u0142o nas w doskona\u0142y humor. Oczywiscie tak by\u0142o na samym pocz\u0105tku stanu wojennego, kiedy \u015bwiat\u0142o jeszcze nie zosta\u0142o oddzielone od ciemno\u015bci. Kiedy jednak, za spraw\u0105 lewicy laickiej i genera\u0142a Kiszczaka, drugiego \u201e<i>cz\u0142owieka honoru<\/i>\u201d, \u015bwiat\u0142o zacz\u0119\u0142o by\u0107 od ciemno\u015bci stopniowo oddzielane, opozycja demokratyczna zacz\u0119\u0142a dzieli\u0107 si\u0119 na tak zwane \u201e<i>zdrowe si\u0142y<\/i>\u201d i \u201e<i>ekstrem\u0119<\/i>\u201d. Z notatek z rozm\u00f3w Jacka Kuronia, wybitnego przedstawiciela lewicy laickiej, czyli dawnych stalinowc\u00f3w z pu\u0142kownikiem SB Janem Lesiakiem wynika, \u017ce Jacek Kuro\u0144 za po\u015brednictwem p\u0142k Lesiaka w roku 1986 przedstawi\u0142 \u00f3wczesnej w\u0142adzy, czyli wywiadowi wojskowemu, polityczn\u0105 ofert\u0119, \u017ce je\u015bli RAZWIEDUPR dyskretnie pomo\u017ce lewicy laickiej w wyeliminowaniu \u201e<i>ekstremy<\/i>\u201d z podziemnych struktur, to lewica laicka w rewan\u017cu udzieli RAZWIEDUPR-owi gwarancji zachowania pozycji spo\u0142ecznej w nowych warunkach ustrojowych i spokojnego zachowania tego, co sobie RAZWIEDUPR teraz kradnie &#8211; za po\u015brednictwem sp\u00f3\u0142ek nomenklaturowych i FOZZU. Warto przypomnie\u0107, \u017ce na nielegaln\u0105 operacj\u0119 wykupienia polskiego d\u0142ugu na mi\u0119dzynarodowym rynku finansowym, pa\u0144stwo wy\u0142o\u017cy\u0142o 1 700 mln dolar\u00f3w. D\u0142ugi wykupiono &#8211; ale tylko za 60 mln dolar\u00f3w, a miliard, 640 mln gdzie\u015b si\u0119 rozp\u0142yn\u0119\u0142o &#8211; oczywi\u015bcie nie bez \u015bladu, bo w rezultacie utworzy\u0142o si\u0119 u nas bardzo wiele starych rodzin.<\/p>\r\n<p>Podczas gdy nomenklatura pod os\u0142ona surowych praw stanu wojennego uw\u0142aszcza\u0142a si\u0119 swoimi kana\u0142ami, CIA za po\u015brednictwem central zwi\u0105zkowych, np. AFL CIO, wspiera\u0142a cierpi\u0105ce pod jarzmem \u201e<i>cz\u0142owiek\u00f3w honoru<\/i>\u201d solidarno\u015bciowe podziemie. Przez dwa kana\u0142y: watyka\u0144ski, kt\u00f3ry wtedy uchodzi\u0142 za bezpieczny, (ale po rewelacjach na temat przewielebnego ojca Hejmo i jego stosunk\u00f3w z agentem SB \u201e<i>Lakarem<\/i>\u201d ju\u017c tak nie uwa\u017camy), mia\u0142o przej\u015b\u0107 ok. 200 mln dolar\u00f3w (ta kwota pojawi\u0142a si\u0119 przy okazji ujawnienia afery Banco Ambrosiano) oraz Mi\u0119dzynarodowe Biuro Solidarno\u015bci w Brukseli, na kt\u00f3rego czele sta\u0142 konfident SB Jerzy Milewski, kt\u00f3rego potem RAZWIEDUPR wyznaczy\u0142 na ministra w Kancelarii Prezydenta Lecha Wa\u0142\u0119sy. Przez ten drugi kana\u0142 mia\u0142o przej\u015b\u0107 co najmniej dwa razy tyle, czyli oko\u0142o 400 mln dolar\u00f3w. Tutaj SB ju\u017c doskonale wiedzia\u0142a, ile kto dosta\u0142 a nawet &#8211; gdzie ten szmal schowa\u0142 &#8211; i to w\u0142a\u015bnie sta\u0142o si\u0119 przyczyn\u0105 m\u0119cze\u0144stwa wielu tak zwanych \u201e<i>legendarnych postaci<\/i>\u201d Solidarno\u015bci, do kt\u00f3rych zalicza si\u0119 te\u017c pan W\u0142adys\u0142aw Frasyniuk.<\/p>\r\n<p>Czeg\u00f3\u017c to ludzie nie wygaduj\u0105 na temat tych \u201e<i>legendarnych postaci<\/i>\u201d! Na przyk\u0142ad &#8211; \u017ce pan W\u0142adys\u0142aw Frasyniuk jest \u017bydem. Nie tylko, \u017ce jest \u017bydem, ale w dodatku, \u017ce tak naprawd\u0119 nosi nazwisko \u201e<i>Rotenschwanz<\/i>\u201d. Oczywi\u015bcie \u017caden \u017byd by si\u0119 tak nie nazywa\u0142, bo nawet urz\u0119dnik w s\u0142u\u017cbie kr\u00f3la pruskiego, niejaki Hoffmann, kt\u00f3ry po trzecim rozbiorze Polski nadawa\u0142 \u017bydom nazwiska, nie o\u015bmieli\u0142by si\u0119 a\u017c na taki \u017cart. Nie by\u0142 on wprawdzie niewra\u017cliwy na pieni\u0119\u017cne argumenty i \u017bydom, kt\u00f3rzy wr\u0119czyli mu jakie\u015b \u0142ap\u00f3wki, wymy\u015bla\u0142 nazwiska w rodzaju \u201e<i>Goldberg<\/i>\u201d, czy Goldstein\u201d, a innym, kt\u00f3rzy \u0142ap\u00f3wek mu nie dali nadawa\u0142 nazwiska nieco \u015bmieszniejsze &#8211; ale nie o\u015bmieli\u0142by si\u0119 nikomu nada\u0107 nazwiska \u201e<i>Rotenschwanz<\/i>\u201d, bo kr\u00f3l oberwa\u0142by mu za to uszy. Rotenschwanz po niemiecku znaczy bowiem tyle, co Czerwony Ch&#8230;j\u201d. Jest zatem rzecz\u0105 oczywist\u0105, \u017ce takie nazwisko przypisa\u0142 panu W\u0142adys\u0142awowi jaki\u015b ubek, kt\u00f3ry te \u201e<i>listy \u017byd\u00f3w<\/i>\u201d uk\u0142ada\u0142 z zemsty &#8211; no w\u0142a\u015bnie &#8211; za co? Czy aby nie za to, \u017ce pan Frasyniuk nie podzieli\u0142 si\u0119 z nim tym, co otrzyma\u0142 za po\u015brednictwem Mi\u0119dzynarodowego Biura Solidarno\u015bci w Brukseli. To w\u0142a\u015bnie mog\u0142o sta\u0107 si\u0119 przyczyn\u0105 m\u0119cze\u0144stwa pana W\u0142adys\u0142awa Frasyniuka, kt\u00f3remu ubecka z\u0142o\u015b\u0107 przypisa\u0142a takie \u017cydowskie nazwisko.<\/p>\r\n<p>Ale na tym m\u0119cze\u0144stwo pana W\u0142adys\u0142awa Frasyniuka si\u0119 nie zako\u0144czy\u0142o tym bardziej, \u017ce &#8211; wbrew solennym obietnicom, \u017ce w \u201e<i>wolnej Polsce<\/i>\u201d nast\u0105pi rozliczenie wszystkich pieni\u0119dzy, jakie \u201e<i>legendarne postacie<\/i>\u201d podziemnej solidarno\u015bci sobie sprywatyzowa\u0142y i schowa\u0142y w bezpiecznych miejscach &#8211; \u017cadne rozliczenie nie nast\u0105pi\u0142o. Wprawdzie na pierwszym zje\u017adzie \u201e<i>Solidarno\u015bci<\/i>\u201d ju\u017c w \u201e<i>wolnej Polsce<\/i>\u201d jaki\u015b g\u0142upek postawi\u0142 wniosek, by takie rozliczenie przeprowadzi\u0107, ale \u201e<i>legendarne postacie<\/i>\u201d podnios\u0142y taki zgodny i dono\u015bny klangor, \u017ce wniosek przepad\u0142 i za ca\u0142e rozliczenie wystarczy\u0142o kap\u0142a\u0144skie s\u0142owo honoru, kt\u00f3re da\u0142 ksi\u0105dz pra\u0142at Henryk Jankowski, ze wszystko by\u0142o w jak najlepszym porz\u0105dku. W tej sytuacji nikt ju\u017c nie o\u015bmieli\u0142 si\u0119 dopytywa\u0107, za jakie to pieni\u0105dze rozmaici solidarno\u015bciowi go\u0142odupce u progu transformacji ustrojowej zak\u0142adali przedsi\u0119biorstwa wymagaj\u0105ce na pocz\u0105tek sporych inwestycji. Ale je\u015bli nawet nikt nie o\u015bmieli\u0142 si\u0119 dopytywa\u0107 o takie sprawy, to przecie\u017c RAZWIEDUPR i tak to wszystko wiedzia\u0142 od pana Jerzego Milewskiego i najwyra\u017aniej musia\u0142 \u201e<i>legendarne postacie<\/i>\u201d straszy\u0107, ze jak b\u0119d\u0105 niegrzeczne, to wyjd\u0105 na jaw rozmaite \u015bmierdz\u0105ce dmuchy. Wskutek tego \u201e<i>legendarne postacie<\/i>\u201d doznaj\u0105 m\u0119cze\u0144stwa doznaj\u0105 nieustannego m\u0119cze\u0144stwa, siedz\u0105c, jak to si\u0119 m\u00f3wi, na jednym p\u00f3\u0142dupku i nigdy nie wiedz\u0105c, co stare kiejkuty ka\u017c\u0105 im robi\u0107. Czy na przyk\u0142ad nie ka\u017c\u0105 im wzi\u0105\u0107 udzia\u0142u w kontrmiesi\u0119cznicy smole\u0144skiej w ramach szajki \u201e<i>Obywatele RP<\/i>\u201d pod egid\u0105 ob\u0142\u0105kanego docenta. I w\u0142a\u015bnie pan W\u0142adys\u0142aw Frasyniuk wzia\u0142 udzia\u0142 w takiej manifestacji, z kt\u00f3rej policjanci ostro\u017cnie go wynie\u015bli w bezpieczne miejsce &#8211; ostro\u017cnie &#8211; \u017ceby przypadkiem \u201e<i>legendarna posta\u0107<\/i>\u201d podziemnej Solidarno\u015bci si\u0119 nie pot\u0142uk\u0142a. Oczywi\u015bcie samo wyniesienie w bezpieczne miejsce zosta\u0142o przez pana W\u0142adys\u0142awa Frasyniuka potraktowane jako kolejne m\u0119cze\u0144stwo, \u201e<i>jak w stanie wojennym<\/i>\u201d &#8211; ale taki ju\u017c wida\u0107 los \u201e<i>legendarnych postaci<\/i>\u201d &#8211; \u017ce ich m\u0119cze\u0144stwo trwa nieustaj\u0105co. Tak w\u0142a\u015bnie dzia\u0142a grzech pierworodny; pope\u0142nia si\u0119 go tylko raz, ale jego skutki trwaj\u0105 ca\u0142e dziesi\u0119ciolecia, a nawet d\u0142u\u017cej.<\/p>\r\n<p><strong><em>Stanis\u0142aw Michalkiewicz<\/em><\/strong><\/p>\r\n<p>Felieton &nbsp;<b>\u2022<\/b>&nbsp; serwis \u201ePrawy.pl\u201d (prawy.pl) &nbsp;<b>\u2022<\/b>&nbsp; 14 czerwca 2017<\/p>","protected":false},"excerpt":{"rendered":"Kiedy jeden z dw\u00f3ch \u201ecz\u0142owiek\u00f3w honoru\u201d, czyli genera\u0142 Jaruzelski, suwerenn\u0105 decyzj\u0105 Leonida Bre\u017cniewa wprowadzi\u0142 w Polsce stan wojenny, dla dzia\u0142aczy \u201eSolidarno\u015bci\u201d rozpocz\u0105\u0142 si\u0119 okres martyrologiczny. Zostali internowani w rozmaitych obozach, gdzie zza krat wy\u015bpiewywali t\u0119sknie \u201eOjczyzn\u0119 woln\u0105 racz nam wr\u00f3ci\u0107 Panie!\u201d Wiem co m\u00f3wi\u0119, bo sam by\u0142em internowany w Bia\u0142o\u0142\u0119ce, gdzie te\u017c \u015bpiewali\u015bmy t\u0119 pie\u015b\u0144 [&hellip;]","protected":false},"author":1,"featured_media":0,"comment_status":"closed","ping_status":"closed","sticky":false,"template":"","format":"standard","meta":{"_acf_changed":false,"_monsterinsights_skip_tracking":false,"_monsterinsights_sitenote_active":false,"_monsterinsights_sitenote_note":"","_monsterinsights_sitenote_category":0,"ngg_post_thumbnail":0,"footnotes":"","_wp_rev_ctl_limit":""},"categories":[9],"tags":[98,34,81,87,36],"acf":[],"_links":{"self":[{"href":"https:\/\/www.bibula.com\/index.php?rest_route=\/wp\/v2\/posts\/96177"}],"collection":[{"href":"https:\/\/www.bibula.com\/index.php?rest_route=\/wp\/v2\/posts"}],"about":[{"href":"https:\/\/www.bibula.com\/index.php?rest_route=\/wp\/v2\/types\/post"}],"author":[{"embeddable":true,"href":"https:\/\/www.bibula.com\/index.php?rest_route=\/wp\/v2\/users\/1"}],"replies":[{"embeddable":true,"href":"https:\/\/www.bibula.com\/index.php?rest_route=%2Fwp%2Fv2%2Fcomments&post=96177"}],"version-history":[{"count":0,"href":"https:\/\/www.bibula.com\/index.php?rest_route=\/wp\/v2\/posts\/96177\/revisions"}],"wp:attachment":[{"href":"https:\/\/www.bibula.com\/index.php?rest_route=%2Fwp%2Fv2%2Fmedia&parent=96177"}],"wp:term":[{"taxonomy":"category","embeddable":true,"href":"https:\/\/www.bibula.com\/index.php?rest_route=%2Fwp%2Fv2%2Fcategories&post=96177"},{"taxonomy":"post_tag","embeddable":true,"href":"https:\/\/www.bibula.com\/index.php?rest_route=%2Fwp%2Fv2%2Ftags&post=96177"}],"curies":[{"name":"wp","href":"https:\/\/api.w.org\/{rel}","templated":true}]}}