{"id":96160,"date":"2017-06-14T23:59:53","date_gmt":"2017-06-15T03:59:53","guid":{"rendered":"http:\/\/www.bibula.com\/?p=96160"},"modified":"2017-06-14T11:50:49","modified_gmt":"2017-06-14T15:50:49","slug":"polscy-biskupi-zachecaja-do-fotografowania-procesji-bozego-ciala-i-publikowania-zdjec-na-facebooku","status":"publish","type":"post","link":"https:\/\/www.bibula.com\/?p=96160","title":{"rendered":"Polscy biskupi zach\u0119caj\u0105 do fotografowania procesji Bo\u017cego Cia\u0142a i publikowania zdj\u0119\u0107 na Facebooku"},"content":{"rendered":"<p><strong>W Uroczysto\u015b\u0107 Cia\u0142a i Krwi Pa\u0144skiej ulicami miast i wsi przechodz\u0105 r\u00f3\u017cnokolorowe procesje. Krocz\u0105c za swoim Panem &#8211; Jezusem Chrystusem Ko\u015bci\u00f3\u0142 wyra\u017ca wiar\u0119 w Jego obecno\u015b\u0107 w Eucharystycznym Chlebie. Konferencja Episkopatu Polski zach\u0119ca, by rado\u015b\u0107 wynikaj\u0105c\u0105 ze sta\u0142ej obecno\u015bci Chrystusa w\u015br\u00f3d swojego ludu przenie\u015b\u0107 r\u00f3wnie\u017c do internetu.<\/strong><\/p>\r\n<p>Ksi\u0105dz Pawe\u0142 Rytel-Andrianik zach\u0119ca do dzielenia si\u0119 w mediach spo\u0142eczno\u015bciowych fotografiami przedstawiaj\u0105cymi procesje Bo\u017cego Cia\u0142a w naszych miastach. &#8211; <em>Akcja #Procesja na Twitterze i Facebooku to okazja, by ka\u017cdy m\u00f3g\u0142 podzieli\u0107 si\u0119 obrazami ze swoich lokalnych uroczysto\u015bci oraz by\u015bmy mogli w jednym miejscu zobaczy\u0107 fotorelacje z ca\u0142ej Polski. B\u0105d\u017amy na procesjach Bo\u017cego Cia\u0142a, a przy okazji w mediach spo\u0142eczno\u015bciowych<\/em> \u00ad- t\u0142umaczy rzecznik Konferencji Episkopatu Polski. Zdj\u0119cia zostan\u0105 udost\u0119pnione r\u00f3wnie\u017c na profilach Biura Prasowego Episkopatu Polski.<\/p>\r\n<p>Aby do\u0142\u0105czy\u0107 do akcji wystarczy na Facebooku, Twitterze lub Instagramie opublikowa\u0107 fotografi\u0119 wykonan\u0105 podczas procesji Bo\u017cego Cia\u0142a i opisa\u0107 j\u0105 tzw. \u201ehashtagiem\u201d #Procesja. Warto jednak pami\u0119ta\u0107, aby anga\u017cuj\u0105c si\u0119 w akcj\u0119 nie zaniedbywa\u0107 czci eucharystycznej oraz nie przeszkadza\u0107 w modlitwie innym.<\/p>\r\n<p>\u0179r\u00f3d\u0142o: episkopat.pl<br>\r\n om<\/p>","protected":false},"excerpt":{"rendered":"W Uroczysto\u015b\u0107 Cia\u0142a i Krwi Pa\u0144skiej ulicami miast i wsi przechodz\u0105 r\u00f3\u017cnokolorowe procesje. Krocz\u0105c za swoim Panem &#8211; Jezusem Chrystusem Ko\u015bci\u00f3\u0142 wyra\u017ca wiar\u0119 w Jego obecno\u015b\u0107 w Eucharystycznym Chlebie. Konferencja Episkopatu Polski zach\u0119ca, by rado\u015b\u0107 wynikaj\u0105c\u0105 ze sta\u0142ej obecno\u015bci Chrystusa w\u015br\u00f3d swojego ludu przenie\u015b\u0107 r\u00f3wnie\u017c do internetu. Ksi\u0105dz Pawe\u0142 Rytel-Andrianik zach\u0119ca do dzielenia si\u0119 w [&hellip;]","protected":false},"author":1,"featured_media":0,"comment_status":"closed","ping_status":"closed","sticky":false,"template":"","format":"standard","meta":{"_acf_changed":false,"_monsterinsights_skip_tracking":false,"_monsterinsights_sitenote_active":false,"_monsterinsights_sitenote_note":"","_monsterinsights_sitenote_category":0,"ngg_post_thumbnail":0,"footnotes":"","_wp_rev_ctl_limit":""},"categories":[8],"tags":[218,98],"acf":[],"_links":{"self":[{"href":"https:\/\/www.bibula.com\/index.php?rest_route=\/wp\/v2\/posts\/96160"}],"collection":[{"href":"https:\/\/www.bibula.com\/index.php?rest_route=\/wp\/v2\/posts"}],"about":[{"href":"https:\/\/www.bibula.com\/index.php?rest_route=\/wp\/v2\/types\/post"}],"author":[{"embeddable":true,"href":"https:\/\/www.bibula.com\/index.php?rest_route=\/wp\/v2\/users\/1"}],"replies":[{"embeddable":true,"href":"https:\/\/www.bibula.com\/index.php?rest_route=%2Fwp%2Fv2%2Fcomments&post=96160"}],"version-history":[{"count":0,"href":"https:\/\/www.bibula.com\/index.php?rest_route=\/wp\/v2\/posts\/96160\/revisions"}],"wp:attachment":[{"href":"https:\/\/www.bibula.com\/index.php?rest_route=%2Fwp%2Fv2%2Fmedia&parent=96160"}],"wp:term":[{"taxonomy":"category","embeddable":true,"href":"https:\/\/www.bibula.com\/index.php?rest_route=%2Fwp%2Fv2%2Fcategories&post=96160"},{"taxonomy":"post_tag","embeddable":true,"href":"https:\/\/www.bibula.com\/index.php?rest_route=%2Fwp%2Fv2%2Ftags&post=96160"}],"curies":[{"name":"wp","href":"https:\/\/api.w.org\/{rel}","templated":true}]}}