{"id":96148,"date":"2017-06-14T09:23:02","date_gmt":"2017-06-14T13:23:02","guid":{"rendered":"http:\/\/www.bibula.com\/?p=96148"},"modified":"2017-06-14T09:23:02","modified_gmt":"2017-06-14T13:23:02","slug":"rzecznik-jezuitow-po-slowach-ojca-sosy-o-symbolicznym-diable-general-wierzy-w-to-czego-naucza-kosciol","status":"publish","type":"post","link":"https:\/\/www.bibula.com\/?p=96148","title":{"rendered":"Rzecznik jezuit\u00f3w po s\u0142owach ojca Sosy o \u201esymbolicznym diable&#8221;: genera\u0142 wierzy w to, czego naucza Ko\u015bci\u00f3\u0142"},"content":{"rendered":"<p><strong>S\u0142owa genera\u0142a jezuit\u00f3w, z kt\u00f3rych wynika\u0142o, \u017ce ludzie stworzyli sobie \u201esymboliczn\u0105 figur\u0119 diab\u0142a\u201d, kt\u00f3ra mia\u0142aby by\u0107 jedynie \u201ekonstruktem my\u015blowym\u201d, zosta\u0142y skomentowane przez rzecznika jezuit\u00f3w. Powiedzia\u0142, \u017ce ojciec Sosa \u201ewierzy w to, w co wierzy Ko\u015bci\u00f3\u0142\u201d. Sam prze\u0142o\u017cony zakonu jezuit\u00f3w nie odni\u00f3s\u0142 si\u0119 do fali krytyki, kt\u00f3ra spad\u0142a na niego po wyg\u0142oszeniu szokuj\u0105cych tez. <\/strong><strong>&nbsp;<\/strong><\/p>\r\n<p>Przypomnijmy &#8211; wstrz\u0105saj\u0105ce s\u0142owa prze\u0142o\u017conego jezuit\u00f3w pad\u0142y w wywiadzie udzielonym przeze\u0144 hiszpa\u0144skiemu dziennikowi \u201eEl Mundo\u201d. Ojciec Arturo Sosa Abascal powiedzia\u0142 w nim: \u201eChrze\u015bcijanie wierz\u0105, \u017ce zostali\u015bmy stworzeni na wz\u00f3r i podobie\u0144stwo Boga, a B\u00f3g jest wolny, ale On zawsze wybiera czynienie dobra, bo ca\u0142y jest dobroci\u0105 (\u2026). Stworzyli\u015bmy sobie symboliczne figury takie jak diabe\u0142, \u017ceby symbolizowa\u0142y z\u0142o. R\u00f3wnie\u017c kondycja spo\u0142eczna mo\u017ce reprezentowa\u0107 t\u0119 posta\u0107, poniewa\u017c s\u0105 ludzie dzia\u0142aj\u0105cy na rzecz z\u0142a, poniewa\u017c znajduj\u0105 si\u0119 w \u015brodowisku, w kt\u00f3rym trudno jest post\u0119powa\u0107 inaczej\u201d.<\/p>\r\n<p>Rzecznik genera\u0142a zabra\u0142 g\u0142os i zdementowa\u0142 plotki w sprawie niewiary o. Sosy w istnienie z\u0142a osobowego, czyli szatana: \u201eOjciec Sosa wierzy w to, co g\u0142osi Ko\u015bci\u00f3\u0142\u201d &#8211; powiedzia\u0142, ucinaj\u0105c tym samym wszelkie spekulacje, jak rozumie\u0107 jego s\u0142owa. Uzna\u0142 on, \u017ce u\u017cycie s\u0142owa \u201estworzyli\u015bmy\u201d jako wyrwanego z kontekstu jest \u201ezniekszta\u0142ceniem wypowiedzi genera\u0142a &#8211; donosi prowadzony przez jezuit\u00f3w portal deon.pl.<\/p>\r\n<p>&#8211; <em>Nie mo\u017cna wybra\u0107 jednego s\u0142owa i pos\u0142ugiwa\u0107 si\u0119 nim, wydzielaj\u0105c go z ca\u0142okszta\u0142tu wypowiedzi na temat istnienia z\u0142a<\/em> &#8211; powiedzia\u0142 dla Catholic Herald. <em>&#8211; Ojciec Sosa zosta\u0142 poproszony o komentarz na temat z\u0142a. W swojej odpowiedzi wskaza\u0142, \u017ce z\u0142o jest cz\u0119\u015bci\u0105 tajemnicy wolno\u015bci. Zauwa\u017cy\u0142, \u017ce je\u015bli cz\u0142owiek jest wolny, oznacza to, \u017ce potrafi czyni\u0107 dobro i z\u0142o. W przeciwnym razie nie by\u0142by wolny &#8211; <\/em>twierdzi rzecznik<em>.<\/em><\/p>\r\n<p>Na pytanie czy o. Sosa wierzy, \u017ce &#8222;diabe\u0142 jest osob\u0105 duchow\u0105, posiadaj\u0105c\u0105 intelekt i woln\u0105 wol\u0119&#8221;, rzecznik odpowiedzia\u0142: &#8222;Dla ojca Sosy nie ma innego przekonania, poza tym, co zawiera si\u0119 w doktrynie Ko\u015bcio\u0142a katolickiego. Nie posiada w tej sprawie \u017cadnego innego zdania&#8221;.<\/p>\r\n<p>S\u0142owa prze\u0142o\u017conego jezuit\u00f3w nie wydaj\u0105 si\u0119 w \u017caden spos\u00f3b wyrwane z kontekstu. Wenezuelczyk m\u00f3wi\u0142 bowiem w ojczystym j\u0119zyku, rozmawia\u0142 z Hiszpanami, a najwi\u0119ksz\u0105 burz\u0119 jego s\u0142owa wywo\u0142a\u0142y w\u0142a\u015bnie w Madrycie &#8211; kontrowersje nie wynikaj\u0105 wi\u0119c na przyk\u0142ad z b\u0142\u0119dnego t\u0142umaczenia. Dodajmy, \u017ce s\u0142owa tego duchownego stanowi\u0105 nie pierwsz\u0105, ale kolejn\u0105 sprzeczn\u0105 z katolickimi prawdami wypowied\u017a. W jednym z poprzednich wywiad\u00f3w stwierdzi\u0142, \u017ce s\u0142owa Jezusa przeciwko rozwodom s\u0105 \u201ewzgl\u0119dne i \u201eka\u017cdy mo\u017ce je oceni\u0107 zgodnie z w\u0142asnym sumieniem\u201d. Jezuita wskaza\u0142 w\u00f3wczas, \u017ce w czasach Chrystusa nie by\u0142o urz\u0105dze\u0144, kt\u00f3re by zarejestrowa\u0142y jego s\u0142owa.<\/p>\r\n<p>\u0179r\u00f3d\u0142o: deon.pl, \u201eCatholic Herald\u201d<\/p>\r\n<p>kra<\/p>","protected":false},"excerpt":{"rendered":"S\u0142owa genera\u0142a jezuit\u00f3w, z kt\u00f3rych wynika\u0142o, \u017ce ludzie stworzyli sobie \u201esymboliczn\u0105 figur\u0119 diab\u0142a\u201d, kt\u00f3ra mia\u0142aby by\u0107 jedynie \u201ekonstruktem my\u015blowym\u201d, zosta\u0142y skomentowane przez rzecznika jezuit\u00f3w. Powiedzia\u0142, \u017ce ojciec Sosa \u201ewierzy w to, w co wierzy Ko\u015bci\u00f3\u0142\u201d. Sam prze\u0142o\u017cony zakonu jezuit\u00f3w nie odni\u00f3s\u0142 si\u0119 do fali krytyki, kt\u00f3ra spad\u0142a na niego po wyg\u0142oszeniu szokuj\u0105cych tez. &nbsp; Przypomnijmy [&hellip;]","protected":false},"author":1,"featured_media":0,"comment_status":"closed","ping_status":"closed","sticky":false,"template":"","format":"standard","meta":{"_acf_changed":false,"_monsterinsights_skip_tracking":false,"_monsterinsights_sitenote_active":false,"_monsterinsights_sitenote_note":"","_monsterinsights_sitenote_category":0,"ngg_post_thumbnail":0,"footnotes":"","_wp_rev_ctl_limit":""},"categories":[3],"tags":[60,33],"acf":[],"_links":{"self":[{"href":"https:\/\/www.bibula.com\/index.php?rest_route=\/wp\/v2\/posts\/96148"}],"collection":[{"href":"https:\/\/www.bibula.com\/index.php?rest_route=\/wp\/v2\/posts"}],"about":[{"href":"https:\/\/www.bibula.com\/index.php?rest_route=\/wp\/v2\/types\/post"}],"author":[{"embeddable":true,"href":"https:\/\/www.bibula.com\/index.php?rest_route=\/wp\/v2\/users\/1"}],"replies":[{"embeddable":true,"href":"https:\/\/www.bibula.com\/index.php?rest_route=%2Fwp%2Fv2%2Fcomments&post=96148"}],"version-history":[{"count":0,"href":"https:\/\/www.bibula.com\/index.php?rest_route=\/wp\/v2\/posts\/96148\/revisions"}],"wp:attachment":[{"href":"https:\/\/www.bibula.com\/index.php?rest_route=%2Fwp%2Fv2%2Fmedia&parent=96148"}],"wp:term":[{"taxonomy":"category","embeddable":true,"href":"https:\/\/www.bibula.com\/index.php?rest_route=%2Fwp%2Fv2%2Fcategories&post=96148"},{"taxonomy":"post_tag","embeddable":true,"href":"https:\/\/www.bibula.com\/index.php?rest_route=%2Fwp%2Fv2%2Ftags&post=96148"}],"curies":[{"name":"wp","href":"https:\/\/api.w.org\/{rel}","templated":true}]}}