{"id":96129,"date":"2017-06-13T10:07:57","date_gmt":"2017-06-13T14:07:57","guid":{"rendered":"http:\/\/www.bibula.com\/?p=96129"},"modified":"2017-06-13T10:07:57","modified_gmt":"2017-06-13T14:07:57","slug":"frasyniukowi-ku-pamieci-romuald-szeremietiew","status":"publish","type":"post","link":"https:\/\/www.bibula.com\/?p=96129","title":{"rendered":"Frasyniukowi ku pami\u0119ci &#8211; <em>Romuald Szeremietiew<\/em>"},"content":{"rendered":"<p>Latem 1983 roku trafi\u0142em do wi\u0119zienia w Barczewie (wcze\u015bniej od 23 stycznia 1981 r siedzia\u0142em w Areszcie \u015aledczym na ul. Rakowieckiej w Warszawie). W Barczewie znale\u017ali si\u0119 \u201eskazani\u201d: Edmund Ba\u0142uka, dzia\u0142acz zwi\u0105zkowy jeszcze z grudnia 1970 r. (5 lat wi\u0119zienia), Piotr Bednarz zast\u0119pca przew. regionu Dolny \u015al\u0105sk NSZZ \u201eSolidarno\u015b\u0107\u201d (4 lata), W\u0142adys\u0142aw Frasyniuk przew. regionu Dolny \u015al\u0105sk (6 lat), Patrycjusz Kosmowski przew. regionu Podbeskidzie (6 lat), Jerzy Kropiwnicki zast\u0119pca przew. regionu Ziemia \u0141\u00f3dzka (6 lat), Andrzej S\u0142owik przew. regionu Ziemia \u0141\u00f3dzka (6 lat) i liderzy KPN: Leszek Moczulski KPN (7 lat)Tadeusz Sta\u0144ski KPN (5 lat), Romuald Szeremietiew KPN (5 lat).<\/p>\r\n<p>Nasze cele znajdowa\u0142y si\u0119 w wybudowanym przez Niemc\u00f3w w latach trzydziestych pawilonie. Ka\u017cda mia\u0142a powierzchnie ok. 6,5 m.kw. Za Niemc\u00f3w by\u0142y przeznaczone dla jednego wi\u0119\u017ania (nas trzymano po 2 lub 3). Zimne, zagrzybione, ca\u0142kowicie zastawione pryczami, sto\u0142em, \u015bmierdz\u0105cym kub\u0142em (nie by\u0142o kanalizacji). Drewniana przegni\u0142a pod\u0142oga po\u0142o\u017cna na betonie wylanym bezpo\u015brednio na ziemi &#8211; w zimie w celach by\u0142o przera\u017aliwie zimno. Pawilon s\u0142u\u017cy\u0142 do osadzania wi\u0119\u017ani\u00f3w niebezpiecznych ukaranych dyscyplinarnie oraz wi\u0119\u017ani\u00f3w chorych na \u017c\u00f3\u0142taczk\u0119 zaka\u017an\u0105, a tak\u017ce dla przest\u0119pc\u00f3w hitlerowskich (siedzia\u0142 E. Koch, po naszym przyje\u017adzie zosta\u0142 przeniesiony w lepsze warunki do separatki szpitalnej). Wszystkich osadzonych dozorowali wsp\u00f3lni stra\u017cnicy, kt\u00f3rzy pobierali dodatek za prac\u0119 w warunkach szkodliwych dla zdrowia, a wi\u0119\u017aniowie chorzy zaka\u017anie i zdrowi korzystali ze wsp\u00f3lnej \u0142a\u017ani.<\/p>\r\n<p>Zapyta\u0142em naczelnika wi\u0119zienia, czy w takich warunkach powinni by\u0107 trzymani wi\u0119\u017aniowie polityczni. Naczelnik odpar\u0142, \u017ce w PRL nie ma \u017cadnych wi\u0119\u017ani\u00f3w politycznych i b\u0119dziemy traktowani tak jak inni \u201ekryminali\u015bci\u201d. Okaza\u0142o si\u0119 jednak, \u017ce nawet tego nie b\u0119dzie. Na pocz\u0105tku grudnia 1983 r. na polecenie z Warszawy \u201eprzykr\u0119cono \u015brub\u0119\u201d. Zabrano nam w\u0142asne ksi\u0105\u017cki, ubrania, koce i odebrano hurtem wszystkie uprawnienia regulaminowe przys\u0142uguj\u0105ce wi\u0119\u017aniom kryminalnym. Nie mogli\u015bmy np. pisa\u0107 list\u00f3w do domu, spotyka\u0107 si\u0119 z bliskimi i adwokatami. Mnie dodatkowo odm\u00f3wiono zgody na pisanie pracy doktorskiej.<\/p>\r\n<p>Podj\u0119li\u015bmy czynn\u0105 akcj\u0119 protestacyjn\u0105. Wi\u0119zienie chcia\u0142o nas spacyfikowa\u0107. Wi\u0119kszo\u015b\u0107 czasu przetrzymywani byli\u015bmy w kajdankach. Kuto nas w spos\u00f3b szczeg\u00f3lnie dotkliwy &#8211; do ty\u0142u, przekuwaj\u0105c jedynie na noc r\u0119ce do przodu. Zdarza\u0142o si\u0119, \u017ce opr\u00f3cz zakucia w kajdany zaklejano nam plastrem usta w identyczny spos\u00f3b, jak robili to kiedy\u015b hitlerowcy rozstrzeliwuj\u0105cy Polak\u00f3w, oni zatykali usta ofiarom gipsem. Zak\u0142adano nam kaftany bezpiecze\u0144stwa, twierdz\u0105c, \u017ce jeste\u015bmy psychicznie chorzy. Stosowano te\u017c specjalne urz\u0105dzenie kr\u0119puj\u0105ce, wykorzystywane przy wykonywaniu kary \u015bmierci przez powieszenie. U\u017cywano gazy parali\u017cuj\u0105co-\u0142zawi\u0105ce. \u015awiadomie oblewano nam gazem oczy z odleg\u0142o\u015bci kilku centymetr\u00f3w w celu uszkodzenia wzroku. Pami\u0119tam s\u0142owa klawisza: \u201eDaj mu mocniej po \u015blepiach niech o\u015blepnie\u201d. Byli\u015bmy wielokro\u0107 zamykani do specjalnej celi. By\u0142o to pomieszczenie o pow. 5 m.kw., bardzo szczelne, bez okien i dost\u0119pu powietrza. Ju\u017c po kilku minutach osoby osadzone odczuwa\u0142y brak tlenu. Wtedy obserwuj\u0105cy przez wizjer klawisz otwiera\u0142 drzwi i\u2026 mo\u017cna by\u0142o oddycha\u0107. Takie podduszanie trwa\u0142o godzinami. Sta\u0144ski nazwa\u0142 t\u0119 cel\u0119 \u201ebunkrem g\u0142odowym\u201d bowiem zdarza\u0142o si\u0119, \u017ce zamkni\u0119tym nie podawano posi\u0142k\u00f3w. Np. w dniach 29 marca do 2 kwietnia 1984 roku osobom przebywaj\u0105cym w tym pomieszczeniu nie podano jedzenia. Podstaw\u0105 prawn\u0105 zastosowania takich metod by\u0142o podobno zarz\u0105dzenie ministra sprawiedliwo\u015bci z 1975 roku pozwalaj\u0105ce na stosowanie takiego rodzaju tortur.<\/p>\r\n<p>Po kilku miesi\u0105cach nasz protest zako\u0144czy\u0142 si\u0119 sukcesem. Naczelnik wi\u0119zienia musia\u0142 odst\u0105pi\u0107 od stosowania ostrego re\u017cimu. Wygrana zosta\u0142a jednak okupiona du\u017cymi stratami: Kropiwnicki i S\u0142owik g\u0142od\u00f3wkami spowodowali trwa\u0142e uszkodzenie zdrowia. Nie\u017cyj\u0105cy dzi\u015b Piotr Bednarz w pozostawionych wspomnieniach ujawni\u0142, \u017ce stra\u017cnicy wi\u0119zienni rozpruli mu no\u017cem brzuch. Bednarz cudem prze\u017cy\u0142, ale wyszed\u0142 w tak z\u0142ym stanie zdrowia z wi\u0119zienia, \u017ce nie by\u0142 w stanie dzia\u0142a\u0107 w \u201eSolidarno\u015bci\u201d i wkr\u00f3tce zmar\u0142. Ja trafi\u0142em do szpitala wi\u0119ziennego z powa\u017cn\u0105 niewydolno\u015bci\u0105 serca. Ponadto pod zarzutem pobicia klawisza przygotowano kolejny proces i mia\u0142em sp\u0119dzi\u0107 za kratami nast\u0119pne kilka lat.<br>\r\n \u2026\u2026\u2026.<br>\r\n Obserwuj\u0119 zachowanie W\u0142adys\u0142awa Frasyniuka, kt\u00f3ry zosta\u0142 wyniesiony na r\u0119kach przez policj\u0119 &#8211; jego zwolennicy opowiadaj\u0105, \u017ce w taki spos\u00f3b traktowa\u0142y go kiedy\u015b w\u0142adze PRL. Frasyniuk tego nie dementuje. Czy\u017cby uwierzy\u0142 koledze z KOD, kt\u00f3ry twierdzi\u0142, \u017ce stan wojenny nie wi\u0105za\u0142 si\u0119 ze szczeg\u00f3lnymi prze\u015bladowaniami oraz \u017ce \u201edochowano jakiej\u015b kultury w tym wszystkim, w tym ca\u0142ym zdarzeniu\u201d. No c\u00f3\u017c skoro dawniej komuni\u015bci \u201edochowali kultury\u201d, jak rozumiem tak\u017ce w Barczewie, a teraz policja te\u017c potraktowa\u0142a Frasyniuka kulturalnie to wniosek oczywisty &#8211; dzi\u015b jest tak jak za czas\u00f3w PRL.<\/p>\r\n<p><strong><em>Romuald Szeremietiew<\/em><\/strong><\/p>","protected":false},"excerpt":{"rendered":"Latem 1983 roku trafi\u0142em do wi\u0119zienia w Barczewie (wcze\u015bniej od 23 stycznia 1981 r siedzia\u0142em w Areszcie \u015aledczym na ul. Rakowieckiej w Warszawie). W Barczewie znale\u017ali si\u0119 \u201eskazani\u201d: Edmund Ba\u0142uka, dzia\u0142acz zwi\u0105zkowy jeszcze z grudnia 1970 r. (5 lat wi\u0119zienia), Piotr Bednarz zast\u0119pca przew. regionu Dolny \u015al\u0105sk NSZZ \u201eSolidarno\u015b\u0107\u201d (4 lata), W\u0142adys\u0142aw Frasyniuk przew. regionu [&hellip;]","protected":false},"author":1,"featured_media":0,"comment_status":"closed","ping_status":"closed","sticky":false,"template":"","format":"standard","meta":{"_acf_changed":false,"_monsterinsights_skip_tracking":false,"_monsterinsights_sitenote_active":false,"_monsterinsights_sitenote_note":"","_monsterinsights_sitenote_category":0,"ngg_post_thumbnail":0,"footnotes":"","_wp_rev_ctl_limit":""},"categories":[9],"tags":[66,98,81],"acf":[],"_links":{"self":[{"href":"https:\/\/www.bibula.com\/index.php?rest_route=\/wp\/v2\/posts\/96129"}],"collection":[{"href":"https:\/\/www.bibula.com\/index.php?rest_route=\/wp\/v2\/posts"}],"about":[{"href":"https:\/\/www.bibula.com\/index.php?rest_route=\/wp\/v2\/types\/post"}],"author":[{"embeddable":true,"href":"https:\/\/www.bibula.com\/index.php?rest_route=\/wp\/v2\/users\/1"}],"replies":[{"embeddable":true,"href":"https:\/\/www.bibula.com\/index.php?rest_route=%2Fwp%2Fv2%2Fcomments&post=96129"}],"version-history":[{"count":0,"href":"https:\/\/www.bibula.com\/index.php?rest_route=\/wp\/v2\/posts\/96129\/revisions"}],"wp:attachment":[{"href":"https:\/\/www.bibula.com\/index.php?rest_route=%2Fwp%2Fv2%2Fmedia&parent=96129"}],"wp:term":[{"taxonomy":"category","embeddable":true,"href":"https:\/\/www.bibula.com\/index.php?rest_route=%2Fwp%2Fv2%2Fcategories&post=96129"},{"taxonomy":"post_tag","embeddable":true,"href":"https:\/\/www.bibula.com\/index.php?rest_route=%2Fwp%2Fv2%2Ftags&post=96129"}],"curies":[{"name":"wp","href":"https:\/\/api.w.org\/{rel}","templated":true}]}}