{"id":96115,"date":"2017-06-13T09:06:12","date_gmt":"2017-06-13T13:06:12","guid":{"rendered":"http:\/\/www.bibula.com\/?p=96115"},"modified":"2017-06-13T09:06:12","modified_gmt":"2017-06-13T13:06:12","slug":"general-zakonu-jezuitow-podpisal-sie-pod-hymnem-pochwalnym-ku-czci-fidela-castro","status":"publish","type":"post","link":"https:\/\/www.bibula.com\/?p=96115","title":{"rendered":"Genera\u0142 zakonu jezuit\u00f3w podpisa\u0142 si\u0119 pod hymnem pochwalnym ku czci Fidela Castro"},"content":{"rendered":"<p><strong>Nie jest tajemnic\u0105, \u017ce o. Arturo Sosa Abascal, 31. Genera\u0142 Zakonu Jezuit\u00f3w pod koniec lat 70. anga\u017cowa\u0142 si\u0119 w promocj\u0119 teologii wyzwolenia. Okazuje si\u0119 jednak, \u017ce kilka lat p\u00f3\u017aniej do\u0142\u0105czy\u0142 do w\u0105tpliwej s\u0142awy grona zdeklarowanych sprzymierze\u0144c\u00f3w Fidela Castro. Wskazuje na to deklaracja wyra\u017caj\u0105ca solidarno\u015b\u0107 z kuba\u0144skim komunistycznym dyktatorem, kt\u00f3r\u0105 o. Sosa, obecny prze\u0142o\u017cony generalny Towarzystwa Jezusowego, podpisa\u0142.<\/strong><\/p>\r\n<p>Arturo Sosa Abascal SJ jest 811. sygnatariuszem dokumentu wychwalaj\u0105cego Fidela Castro i jego \u201edokonania\u201d. Siedem lat po publicznej pochwale zosta\u0142 prze\u0142o\u017conym wenezuelskiej prowincji jezuit\u00f3w.<\/p>\r\n<p>&#8211; <em>Pragniemy wyrazi\u0107 szacunek dla twoich osi\u0105gni\u0119\u0107 na rzecz godno\u015bci narodu kuba\u0144skiego oraz ca\u0142ej Ameryki \u0141aci\u0144skiej<\/em> &#8211; pisali w 1989 roku wenezuelscy intelektuali\u015bci oraz arty\u015bci w deklaracji \u201eManifesto de Bienvenida a Fidel Castro\u201d, witaj\u0105c w ten spos\u00f3b dyktatora, kt\u00f3rego przyjmowano z honorami jako \u201eprzyw\u00f3dc\u0119 rewolucji kuba\u0144skiej\u201d. <em>&#8211; W tych przejmuj\u0105cych dla kontynentu godzinach, tylko ideologiczna \u015blepota mo\u017ce podwa\u017ca\u0107 miejsce, kt\u00f3re zajmujesz w historii wyzwolenia naszych narod\u00f3w. 30 lat temu przyby\u0142e\u015b do Wenezueli natychmiast po swoim przyk\u0142adnym zwyci\u0119stwie nad tyrani\u0105, korupcj\u0105 i podleg\u0142o\u015bci\u0105. W tym czasie przez nasz nar\u00f3d zosta\u0142e\u015b przyj\u0119ty jako bohater &#8211; <\/em>czytamy w manife\u015bcie.<\/p>\r\n<p>Sygnatariusze zapewniali Fidela Castro, \u017ce pok\u0142adaj\u0105 w nim nadziej\u0119 na \u201ebudow\u0119 sprawiedliwej, niepodleg\u0142ej i solidarnej Ameryki \u0141aci\u0144skiej\u201d. Najwyra\u017aniej sprawiedliwo\u015b\u0107 i solidarno\u015b\u0107, zdaniem o. Sosy wychwalaj\u0105cego Castro, nie musia\u0142a obejmowa\u0107 chrze\u015bcijan, kt\u00f3rzy stawiaj\u0105c op\u00f3r krwawemu re\u017cimowi kuba\u0144skiemu byli brutalnie prze\u015bladowani.<\/p>\r\n<p>W obronie prze\u0142o\u017conego jezuit\u00f3w stan\u0105\u0142 hiszpa\u0144ski felietonista Francisco Fernandez de la Cigo\u00c3\u00b1a, kt\u00f3ry stwierdzi\u0142, \u017ce to po prostu \u201ebardzo p\u00f3\u017any grzech m\u0142odo\u015bci\u201d. Nie ma co ukrywa\u0107, \u017ce bardzo p\u00f3\u017any, poniewa\u017c w momencie sk\u0142adania podpisu o. Sosa mia\u0142 41 lat.<\/p>\r\n<p>Ma\u0142o powiedzie\u0107, \u017ce obecny genera\u0142 zakonu jezuit\u00f3w to posta\u0107 kontrowersyjna. W przesz\u0142o\u015bci zas\u0142yn\u0105\u0142 m.in. stwierdzeniem, \u017ce ewangelizacj\u0119 Japonii mo\u017cna prowadzi\u0107 wy\u0142\u0105cznie we wsp\u00f3\u0142pracy z buddyzmem i shintoizmem. Niedawno informowali\u015bmy r\u00f3wnie\u017c o jego stwierdzeniu, \u017ce <a href=\"https:\/\/www.pch24.pl\/szokujace-slowa-generala-jezuitow%E2%80%93wedlug-niego-diabel-nie-istnieje,52012,i.html\">szatan jest jedynie \u201ekonstruktem my\u015blowym\u201d<\/a>.<\/p>\r\n<p>Jedynym pozytywem ca\u0142ej sprawy wydaje si\u0119 by\u0107 fakt, i\u017c &#8211; wed\u0142ug informacji podanych przez Katholisches &#8211; o. Arturo Sosa Abascal znajduje si\u0119 obecnie pod \u015bcis\u0142\u0105 obserwacj\u0105 Kongregacji Nauki Wiary.<\/p>\r\n<p>\u0179r\u00f3d\u0142o:&nbsp;Katholisches<\/p>\r\n<p>om<\/p>","protected":false},"excerpt":{"rendered":"Nie jest tajemnic\u0105, \u017ce o. Arturo Sosa Abascal, 31. Genera\u0142 Zakonu Jezuit\u00f3w pod koniec lat 70. anga\u017cowa\u0142 si\u0119 w promocj\u0119 teologii wyzwolenia. Okazuje si\u0119 jednak, \u017ce kilka lat p\u00f3\u017aniej do\u0142\u0105czy\u0142 do w\u0105tpliwej s\u0142awy grona zdeklarowanych sprzymierze\u0144c\u00f3w Fidela Castro. Wskazuje na to deklaracja wyra\u017caj\u0105ca solidarno\u015b\u0107 z kuba\u0144skim komunistycznym dyktatorem, kt\u00f3r\u0105 o. Sosa, obecny prze\u0142o\u017cony generalny Towarzystwa [&hellip;]","protected":false},"author":1,"featured_media":0,"comment_status":"closed","ping_status":"closed","sticky":false,"template":"","format":"standard","meta":{"_acf_changed":false,"_monsterinsights_skip_tracking":false,"_monsterinsights_sitenote_active":false,"_monsterinsights_sitenote_note":"","_monsterinsights_sitenote_category":0,"ngg_post_thumbnail":0,"footnotes":"","_wp_rev_ctl_limit":""},"categories":[3],"tags":[66,241,60,33],"acf":[],"_links":{"self":[{"href":"https:\/\/www.bibula.com\/index.php?rest_route=\/wp\/v2\/posts\/96115"}],"collection":[{"href":"https:\/\/www.bibula.com\/index.php?rest_route=\/wp\/v2\/posts"}],"about":[{"href":"https:\/\/www.bibula.com\/index.php?rest_route=\/wp\/v2\/types\/post"}],"author":[{"embeddable":true,"href":"https:\/\/www.bibula.com\/index.php?rest_route=\/wp\/v2\/users\/1"}],"replies":[{"embeddable":true,"href":"https:\/\/www.bibula.com\/index.php?rest_route=%2Fwp%2Fv2%2Fcomments&post=96115"}],"version-history":[{"count":0,"href":"https:\/\/www.bibula.com\/index.php?rest_route=\/wp\/v2\/posts\/96115\/revisions"}],"wp:attachment":[{"href":"https:\/\/www.bibula.com\/index.php?rest_route=%2Fwp%2Fv2%2Fmedia&parent=96115"}],"wp:term":[{"taxonomy":"category","embeddable":true,"href":"https:\/\/www.bibula.com\/index.php?rest_route=%2Fwp%2Fv2%2Fcategories&post=96115"},{"taxonomy":"post_tag","embeddable":true,"href":"https:\/\/www.bibula.com\/index.php?rest_route=%2Fwp%2Fv2%2Ftags&post=96115"}],"curies":[{"name":"wp","href":"https:\/\/api.w.org\/{rel}","templated":true}]}}