{"id":96070,"date":"2017-06-09T13:23:11","date_gmt":"2017-06-09T17:23:11","guid":{"rendered":"http:\/\/www.bibula.com\/?p=96070"},"modified":"2017-06-09T13:23:11","modified_gmt":"2017-06-09T17:23:11","slug":"abp-sleiman-problemem-nie-jest-daesh-ale-jego-zleceniodawcy","status":"publish","type":"post","link":"https:\/\/www.bibula.com\/?p=96070","title":{"rendered":"Abp Sleiman: problemem nie jest Daesh, ale jego zleceniodawcy"},"content":{"rendered":"<p>\u015awiat wci\u0105\u017c nie zna prawdy o tym, co dzieje si\u0119 na Bliskim Wschodzie &#8211; uwa\u017ca abp Jean-Benjamin Sleiman, \u0142aci\u0144ski metropolita Bagdadu. Wskazuje on, \u017ce chrze\u015bcijanie s\u0105 za\u017cenowani, widz\u0105c, jak Arabia Saudyjska oskar\u017ca Katar o wspieranie terroryzmu. A kto przez wszystkie te lata wspiera\u0142 radyka\u0142\u00f3w i islamist\u00f3w &#8211; pyta retorycznie iracki arcybiskup. Zauwa\u017ca on, i\u017c wszyscy ekscytuj\u0105 si\u0119 teraz ofensyw\u0105 przeciw ekstremistom w p\u00f3\u0142nocnej Mezopotamii. Jednak\u017ce wa\u017cniejsi od Pa\u0144stwa Islamskiego, od Daesh, s\u0105 jego zleceniodawcy &#8211; m\u00f3wi abp Sleiman.<\/p>\r\n<p>\u201eDaesh stanowi jeden z problem\u00f3w, ale nie g\u0142\u00f3wny problem. G\u0142\u00f3wnym problemem s\u0105 bowiem ci, kt\u00f3rzy zaprojektowali i stworzyli Daesh. To ludzie niezmiernie inteligentni, maj\u0105cy szerokie koneksje w \u015bwiecie wyznawc\u00f3w islamu, bardzo dobrze znaj\u0105cy si\u0119 na owej religii i spo\u0142ecze\u0144stwach kraj\u00f3w muzu\u0142ma\u0144skich. Tu le\u017cy sedno sprawy. Bo Daesh robi swoj\u0105 robot\u0119, ale trzeba si\u0119 pyta\u0107, kto nimi manipuluje, kto nimi kieruje, kto ich finansuje, a nawet zapewnia im pewn\u0105 ochron\u0119. Te pytania nale\u017cy sobie stawia\u0107. Bo Daesh stanowi zagro\u017cenie nie tylko dla Iraku, Bliskiego Wschodu czy nawet Rosji. Daesh jest niebezpieczny dla ca\u0142ego \u015bwiata. M\u00f3wi\u0105c obrazowo: nie wolno karmi\u0107 tygrysa, kt\u00f3ry was po\u017cre\u201d &#8211; powiedzia\u0142 Radiu Watyka\u0144skiemu abp Jean-Benjamin Sleiman.<\/p>\r\n<p>Katolicki metropolita Bagdadu zaznaczy\u0142, \u017ce sytuacja w Iraku wci\u0105\u017c pozostaje daleka od normalno\u015bci. Ludzie \u017cyj\u0105 w ci\u0105g\u0142ym zagro\u017ceniu, wiedz\u0105, \u017ce ka\u017cdego dnia mog\u0105 zgin\u0105\u0107 w zamachu. Pa\u0144stwo jest s\u0142abe, obywatele nie maja do siebie zaufania, nie uto\u017csamiaj\u0105 si\u0119 z ojczyzn\u0105, coraz cz\u0119\u015bciej my\u015bl\u0105 o emigracji &#8211; uwa\u017ca abp Sleiman.<\/p>\r\n<p>kb\/ rv<\/p>\r\n<p class=\"zrodlo\">Za: <a href=\"http:\/\/pl.radiovaticana.va\/news\/2017\/06\/08\/abp_sleiman_problemem_nie_jest_daesh,_ale_jego_zleceniodawc\/1317773\">Radio Watyka\u0144skie (08\/06\/2017)<\/a><\/p>\r\n<h4>&nbsp;<\/h4>\r\n<hr style=\"background-color: #000000; border-width: 0; color: #000000; height: 2px; line-height: 0; text-align: center; width: 100%;\">\r\n<h4>&nbsp;<\/h4>\r\n<h2>SZOK! Senatorzy z USA: \u201eBia\u0142y Dom poleci\u0142 uzbraja\u0107 ISIS\u201d, \u201eFinansujemy sojusznik\u00f3w z ISIS\u201d<br>\r\n &#8222;ISIS jest mocna, poniewa\u017c finansujemy islamskich rebeliant\u00f3w w Syrii&#8221;<\/h2>\r\n<p><strong>Stany Zjednoczone utrzymuj\u0105 oficjalne kontakty oraz uzbrajaj\u0105 ISIS. Potwierdzaj\u0105 to senatorowie Stan\u00f3w Zjednoczonych by\u0142y kandydat na prezydenta USA, republikanin, a obecnie senator John McCain oraz Rand Paul.<\/strong><br>\r\n <br>\r\n &#8211; Na spotkaniu w Bia\u0142ym Domu, ponad 2 lata temu, zesp\u00f3\u0142 ds. bezpiecze\u0144stwa zasugerowa\u0142 uzbraja\u0107 ISIS &#8211; powiedzia\u0142 senator Arizony John McCain.<br>\r\n <br>\r\n Jeszcze bardziej szokuj\u0105ce dla wielu s\u0142owa wypowiedzia\u0142 senator Rand Paul.<br>\r\n <br>\r\n &#8211; Finansujemy ludzi sprzymierzonych z ISIS. ISIS jest mocna, poniewa\u017c finansujemy islamskich rebeliant\u00f3w w Syrii &#8211; m\u00f3wi senator z Kentucky Rand Paul.<br>\r\n <br>\r\n Senator McCain nie widzi najwi\u0119kszego zagro\u017cenia w d\u017cihadystach, ale w Rosji, kt\u00f3ra zagra\u017ca Stanom Zjednoczonym w budowaniu monopolu na z\u0142o\u017ca znajduj\u0105ce si\u0119 na terenach Bliskiego Wschodu.<br>\r\n <br>\r\n &#8211; My\u015bl\u0119, \u017ce on (<em>Putin &#8211; przyp. red.<\/em>) jest g\u0142\u00f3wnym, najpowa\u017cniejszym zagro\u017ceniem, nawet wi\u0119kszym ni\u017c IS &#8211; powiedzia\u0142 wczoraj McCain. I doda\u0142: &#8211; Uwa\u017cam Rosjan za najwi\u0119ksze wyzwanie, z jakim kiedykolwiek mieli\u015bmy do czynienia &#8211; powiedzia\u0142 McCain. &#8211; Powinni\u015bmy zwi\u0119kszy\u0107 sankcje (\u2026). Mam nadziej\u0119, \u017ce Senat utrzyma sankcje i zarz\u0105dzi inne kary za rosyjskie zachowanie &#8211; stwierdzi\u0142.<br>\r\n <br>\r\n Poza tym czy nie jest zastanawiaj\u0105ce, \u017ce ameryka\u0144ski tw\u00f3r &#8211; <strong>pa\u0144stwo Izrael, jako jedyne pa\u0144stwo na terenie Bliskiego Wschodu nie jest obiektem atak\u00f3w Pa\u0144stwa Islamskiego<\/strong>? Czy kreowanie konflikt\u00f3w zbrojnych na terenie Bliskiego Wschodu nie jest jedn\u0105 z metod budowania imperializmu na \u015bwiecie i zbijanie partykularnych interes\u00f3w pod przykrywk\u0105 walki z terroryzmem?<br>\r\n <br>\r\n \u0179r\u00f3d\u0142o: FOX News<\/p>\r\n<p class=\"zrodlo\">Za: <a href=\"http:\/\/wprawo.pl\/2017\/05\/31\/szok-senatorzy-z-usa-bialy-dom-polecil-uzbrajac-isis-finansujemy-sojusznikow-z-isis\/\">wPrawo.pl (Maj 31, 2017)<\/a><\/p>\r\n<h4>&nbsp;<\/h4>\r\n<hr style=\"background-color: #000000; border-width: 0; color: #000000; height: 2px; line-height: 0; text-align: center; width: 100%;\">\r\n<h4>&nbsp;<\/h4>","protected":false},"excerpt":{"rendered":"\u015awiat wci\u0105\u017c nie zna prawdy o tym, co dzieje si\u0119 na Bliskim Wschodzie &#8211; uwa\u017ca abp Jean-Benjamin Sleiman, \u0142aci\u0144ski metropolita Bagdadu. Wskazuje on, \u017ce chrze\u015bcijanie s\u0105 za\u017cenowani, widz\u0105c, jak Arabia Saudyjska oskar\u017ca Katar o wspieranie terroryzmu. A kto przez wszystkie te lata wspiera\u0142 radyka\u0142\u00f3w i islamist\u00f3w &#8211; pyta retorycznie iracki arcybiskup. Zauwa\u017ca on, i\u017c wszyscy [&hellip;]","protected":false},"author":1,"featured_media":0,"comment_status":"closed","ping_status":"closed","sticky":false,"template":"","format":"standard","meta":{"_acf_changed":false,"_monsterinsights_skip_tracking":false,"_monsterinsights_sitenote_active":false,"_monsterinsights_sitenote_note":"","_monsterinsights_sitenote_category":0,"ngg_post_thumbnail":0,"footnotes":"","_wp_rev_ctl_limit":""},"categories":[6],"tags":[70,61,126,221],"acf":[],"_links":{"self":[{"href":"https:\/\/www.bibula.com\/index.php?rest_route=\/wp\/v2\/posts\/96070"}],"collection":[{"href":"https:\/\/www.bibula.com\/index.php?rest_route=\/wp\/v2\/posts"}],"about":[{"href":"https:\/\/www.bibula.com\/index.php?rest_route=\/wp\/v2\/types\/post"}],"author":[{"embeddable":true,"href":"https:\/\/www.bibula.com\/index.php?rest_route=\/wp\/v2\/users\/1"}],"replies":[{"embeddable":true,"href":"https:\/\/www.bibula.com\/index.php?rest_route=%2Fwp%2Fv2%2Fcomments&post=96070"}],"version-history":[{"count":0,"href":"https:\/\/www.bibula.com\/index.php?rest_route=\/wp\/v2\/posts\/96070\/revisions"}],"wp:attachment":[{"href":"https:\/\/www.bibula.com\/index.php?rest_route=%2Fwp%2Fv2%2Fmedia&parent=96070"}],"wp:term":[{"taxonomy":"category","embeddable":true,"href":"https:\/\/www.bibula.com\/index.php?rest_route=%2Fwp%2Fv2%2Fcategories&post=96070"},{"taxonomy":"post_tag","embeddable":true,"href":"https:\/\/www.bibula.com\/index.php?rest_route=%2Fwp%2Fv2%2Ftags&post=96070"}],"curies":[{"name":"wp","href":"https:\/\/api.w.org\/{rel}","templated":true}]}}