{"id":96060,"date":"2017-06-09T11:26:37","date_gmt":"2017-06-09T15:26:37","guid":{"rendered":"http:\/\/www.bibula.com\/?p=96060"},"modified":"2019-04-03T08:55:34","modified_gmt":"2019-04-03T12:55:34","slug":"kardynal-sarah-jan-pawel-ii-zmuszal-swoje-schorowane-cialo-do-klekania-przed-eucharystia","status":"publish","type":"post","link":"https:\/\/www.bibula.com\/?p=96060","title":{"rendered":"Kardyna\u0142 Sarah: Jan Pawe\u0142 II \u201ezmusza\u0142 swoje schorowane cia\u0142o do kl\u0119kania&#8221; przed Eucharysti\u0105"},"content":{"rendered":"<p><small>Dodano: 2017-06-9 11:26 am<\/small><\/p>\r\n<p><strong>\u201eKatolicy powinni pod\u0105\u017ca\u0107 za przyk\u0142adem papie\u017ca Jana Paw\u0142a II kl\u0119kaj\u0105cego przed Naj\u015bwi\u0119tszym Sakramentem do ostatnich swoich dni\u201d podkre\u015bli\u0142 kardyna\u0142 Robert Sarah podczas konferencji Sacra Liturgica w Mediolanie. <br>\r\n<\/strong><\/p>\r\n<p>Hierarcha sprawuj\u0105cy funkcj\u0119 prefekta Kongregacji Kultu Bo\u017cego i Dyscypliny Sakrament\u00f3w zauwa\u017cy\u0142, \u017ce r\u00f3wnie\u017c \u015bw. Teresa z Kalkuty mia\u0142a ogromny szacunek dla Eucharystii. \u015awi\u0119ta powiedzia\u0142a kiedy\u015b, \u017ce nic bardziej jej nie smuci, jak Komunia \u201ena r\u0119k\u0119\u201d.<\/p>\r\n<p>Kardyna\u0142 Sarah podczas tegorocznej konferencji po\u015bwi\u0119conej \u201epi\u0119kno\u015bci, stosowno\u015bci i warto\u015bci duszpasterskiej\u201d przyjmowania Komunii \u015awi\u0119tej \u201ena j\u0119zyk\u201d i kl\u0119cz\u0105c przypomnia\u0142, \u017ce Ko\u015bci\u00f3\u0142 katolicki uczy, i\u017c Eucharystia jest \u201eprawdziwym cia\u0142em, krwi\u0105, dusz\u0105 i b\u00f3stwem Jezusa Chrystusa\u201d.<\/p>\r\n<p><em>&#8211; Je\u015bli bowiem, jak m\u00f3wi \u015bw. Pawe\u0142 \u201eaby na imi\u0119 Jezusa zgi\u0119\u0142o si\u0119 ka\u017cde kolano istot niebieskich i ziemskich i podziemnych\u201d (Flp 2-10), jak bardzo powinni\u015bmy ugina\u0107 nasze kolana, gdy podchodzimy i przyjmujemy samego Pana w najbardziej wznios\u0142ym i intymnym akcie Komunii \u015awi\u0119tej!<\/em> &nbsp;&#8211; m\u00f3wi\u0142.<\/p>\r\n<p>Hierarcha przywo\u0142uj\u0105c szacunek, jaki \u017cywi\u0142 polski papie\u017c dla Eucharystii zauwa\u017cy\u0142: <em>&#8211; Ca\u0142e \u017cycie Karola Wojty\u0142y odznacza\u0142o si\u0119 g\u0142\u0119bokim szacunkiem dla Naj\u015bwi\u0119tszej Eucharystii. Wiele mo\u017cna by m\u00f3wi\u0107 i wiele na ten temat ju\u017c napisano. Dzisiaj jednak prosz\u0119 was przypomnijcie sobie, jak pod koniec swojego pe\u0142nego s\u0142u\u017cby \u017cycia ten cz\u0142owiek uwi\u0119ziony w ciele tak umartwionym chorob\u0105, nigdy nie siedzia\u0142 w obecno\u015bci Naj\u015bwi\u0119tszego Sakramentu. Zmusza\u0142 swoje schorowane cia\u0142o do kl\u0119kni\u0119cia. Potrzebowa\u0142 pomocy innych, aby ukl\u0119kn\u0105\u0107 i potem wsta\u0107. Jak\u017ce to wymowne \u015bwiadectwo g\u0142\u0119bokiej czci oddawanej Naj\u015bwi\u0119tszemu Sakramentowi a\u017c do ostatnich dni<\/em> &#8211; m\u00f3wi\u0142 duchowny.<\/p>\r\n<p>Nast\u0119pnie cytowa\u0142 \u015bw. Teres\u0119 z Kalkuty, \u201eniezwyk\u0142\u0105 zakonnic\u0119, kt\u00f3rej wiara, \u015bwi\u0119to\u015b\u0107 i ca\u0142kowity dar z \u017cycia dla Boga i dla ubogich s\u0105 powszechnie znane\u201d.<\/p>\r\n<p>\u015awi\u0119ta Teresa \u201emia\u0142a absolutny szacunek i cze\u015b\u0107 dla Boskiego Cia\u0142a Jezusa Chrystusa\u201d, powiedzia\u0142 hierarcha. Zauwa\u017cy\u0142, \u017ce \u201ecodziennie dotyka\u0142a\u201d cia\u0142a Chrystusa w wyniszczonej ludzkiej \u201epow\u0142oce najubo\u017cszych\u201d, ale \u201epe\u0142na szacunku i czci powstrzyma\u0142a si\u0119 od dotykania przemo\u017cnego Cia\u0142a Chrystusa\u201d.<\/p>\r\n<p><em>&#8211; Rozmy\u015bla\u0142a w milczeniu, kl\u0119ka\u0142a, oddaj\u0105c cze\u015b\u0107 Jezusowi w Eucharystii. Przyjmowa\u0142a Go podobnie jak ma\u0142e dziecko, kt\u00f3re zosta\u0142o pokrzepione przez Boga. Zawsze by\u0142a zasmucona i ubolewa\u0142a, gdy chrze\u015bcijanie przyjmowali Komuni\u0119 \u015awi\u0119t\u0105 na r\u0119k\u0119<\/em> &#8211; doda\u0142.<\/p>\r\n<p>Kardyna\u0142 przytoczy\u0142 s\u0142owa Matki Teresy: \u201eGdziekolwiek id\u0119 na ca\u0142y \u015bwiat, najbardziej czyni mnie smutn\u0105, gdy widz\u0119, \u017ce ludzi otrzymuj\u0105 Komuni\u0119 na r\u0119k\u0119\u201d.<\/p>\r\n<p>Przyjmowanie Komunii \u201ena r\u0119k\u0119\u201d zosta\u0142o dozwolone jako wyj\u0105tek od normy Komunii przyjmowanej w postawie kl\u0119cz\u0105cej i \u201ena j\u0119zyk\u201d. Odst\u0119pstwa od normy rozpocz\u0119\u0142y si\u0119 w latach sze\u015b\u0107dziesi\u0105tych. Niekt\u00f3re diecezje wdra\u017ca\u0142y j\u0105 bez zgody Watykanu. W roku 1969 Kongregacja Kultu Bo\u017cego wyda\u0142a instrukcj\u0119 zatytu\u0142owan\u0105 \u201eMemoriale Domini\u201d. Stwierdzono w niej, \u017ce \u201ew pewnych spo\u0142eczno\u015bciach i w pewnych miejscach ta praktyka [Komunii na r\u0119k\u0119 &#8211; przyp.] zosta\u0142a wprowadzona bez uprzedniej zgody Stolicy Apostolskiej, a czasami bez podj\u0119cia pr\u00f3by odpowiedniego przygotowania wiernych\u201d.<\/p>\r\n<p>Wg instrukcji Komunia \u015bw. powinna by\u0107 przyjmowana w postawie kl\u0119cz\u0105cej i \u201ena j\u0119zyk\u201d.<\/p>\r\n<p>\u201eSatanizm wydaje si\u0119 wzrasta\u0107 na Zachodzie, ale wielu ludzi naiwnie s\u0105dzi, \u017ce tzw. czarne msze i tym podobne rzeczy, kt\u00f3re naprawd\u0119 si\u0119 zdarzaj\u0105, s\u0105 legendami, \u017ce maj\u0105 miejsce tylko w filmach. Nie. Nie, to si\u0119 dzieje naprawd\u0119\u201d- pisa\u0142 kanonista ojciec Bryan Jerabek w odpowiedzi na \u201eczarn\u0105 msz\u0119\u201d zorganizowan\u0105 nie tak dawno temu na Harvardzie.<\/p>\r\n<p>Kardyna\u0142 Sarah poleci\u0142 uczestnikom sympozjum, by przeczytali ksi\u0105\u017ck\u0119 Benedykta XVI pt. \u201eSi\u0142a ciszy\u201d. Skrytykowa\u0142 tak\u017ce \u201ediaboliczne ataki\u201d i \u201epogard\u0119\u201d wyra\u017con\u0105 wobec papie\u017ca Benedykta XVI. M\u00f3wi\u0142, \u017ce ci ludzie, kt\u00f3rzy atakuj\u0105 emerytowanego papie\u017ca \u201eniszcz\u0105 Ko\u015bci\u00f3\u0142 i jego g\u0142\u0119bok\u0105 natur\u0119\u201d.<\/p>\r\n<p>Kardyna\u0142 ponownie wezwa\u0142 kap\u0142an\u00f3w, aby odprawiali Msz\u0119 \u015bwi\u0119t\u0105 <em>ad orientem<\/em> (\u201eskierowani ku wschodowi\u201d) i pod \u017cadnym pozorem nie zmieniali w niej nic wg w\u0142asnego upodobania ani nie eksperymentowali.<\/p>\r\n<p>\u0179r\u00f3d\u0142o: lifesitenews.com.<\/p>\r\n<p>AS<\/p>\r\n<p class=\"zrodlo\">Za: <a href=\"http:\/\/www.pch24.pl\/kardynal-sarah--jan-pawel-ii-zmuszal-swoje-schorowane-cialo-do-klekania-przed-eucharystia,52179,i.html\">PoloniaChristiana &#8211; pch24.pl (<span class=\"post-meta-infos\">9 czerwca 2017<\/span>)<\/a><\/p>\r\n<h4>&nbsp;<\/h4>\r\n<hr style=\"background-color: #000000; border-width: 0; color: #000000; height: 2px; line-height: 0; text-align: center; width: 100%;\">\r\n<h4>&nbsp;<\/h4>\r\n<blockquote>\r\n<p><strong>KOMENTARZ <em>BIBU\u0141Y<\/em><\/strong>: Czy kard. Sarah mia\u0142 na my\u015bli postaw\u0119 Franciszka-Bergoglio, kt\u00f3ry ma si\u0142\u0119 zgina\u0107 si\u0119 w p\u00f3\u0142 i kl\u0119ka\u0107 przed muzu\u0142manami podczas ceremonii Wielkiego Czwartku, lecz jako\u015b nie ma si\u0142y przykl\u0119kn\u0105\u0107 przed Naj\u015bwi\u0119tszym Sakramentem &#8211; tego nie wiemy.<\/p>\r\n<p><strong>CZYTAJ<\/strong>: <span style=\"text-decoration: underline;\"><a href=\"http:\/\/www.bibula.com\/?p=88834\">Franciszku, dlaczego nie ukl\u0119kniesz przed Matk\u0105 Bo\u017c\u0105 Jasnog\u00f3rsk\u0105, skoro kl\u0119kasz przed muzu\u0142manami, hinduistami i transseksualistami?<\/a><\/span><\/p>\r\n<p>Po drugie, powo\u0142ywanie si\u0119 na Jana Paw\u0142a II jako tego &#8222;\u015bwi\u0119tego&#8221; i niez\u0142omnego, jest nieporozumieniem. To w\u0142a\u015bnie za jego d\u0142ugiego pontyfikatu nast\u0105pi\u0142 powszechny regres liturgiczny w Ko\u015bciele, to jego liczne w\u0119dr\u00f3wki i odprawiane na stadionach msze by\u0142y celebrowane w spos\u00f3b ur\u0105gaj\u0105cy nawet zliberalizowanym normom, to on <strong>ani razu nie odprawi\u0142 publicznie<\/strong> (a obawiamy si\u0119, \u017ce nawet prywatnie, bo nie natkn\u0119li\u015bmy na na jakiekolwiek zapiski czy wspomnienia) Mszy \u015bw. w rycie trydenckim, czyli w rycie w jakim przecie\u017c dorasta\u0142, otrzyma\u0142 wykszta\u0142cenie seminaryjne, zosta\u0142 wy\u015bwi\u0119cony i by\u0142 kap\u0142anem, a nawet biskupem i kardyna\u0142em! To wszystko kard. Karol Wojty\u0142a jednego dnia, w jedym momencie wyrzuci\u0142 do kosza, strz\u0105sn\u0105\u0142 z siebie, zapomnia\u0142 ca\u0142kowicie, by od 1969 roku celebrowa\u0107 tylko i wy\u0142\u0105cznie <em>Nous Ordo<\/em>. Sta\u0142 si\u0119 te\u017c nieugi\u0119tym propagatorem tego modernistycznego nowo-tworu. Tak wygl\u0105da ten monolit Jana Paw\u0142a II, kt\u00f3ry jednak tylko w swoich spi\u017cowych pomnikach wygl\u0105da solidnie, bo w podstawowym nauczaniu katolickim i w praktycznym wcielaniu niewzruszonej Nauki jest bardziej styropianem przedziurawionym modernizmem. I w\u0142a\u015bnie dlatego by\u0142 &#8222;Cz\u0142owiekiem Roku&#8221; na ok\u0142adkach liberalnych i antykatolickich pism; dlatego po dzi\u015b dzie\u0144 z tak\u0105 estym\u0105 wspominany jest przez \u015brodowiska i organizacje \u017cydowskie; dlatego te\u017c promowany jest na uniwersalnego \u015bwi\u0119tego wszystkich: od zdezorientowanych katolik\u00f3w, po libera\u0142\u00f3w, a nawet komunist\u00f3w.<\/p>\r\n<\/blockquote>\r\n<h4>&nbsp;<\/h4>\r\n<hr style=\"background-color: #000000; border-width: 0; color: #000000; height: 2px; line-height: 0; text-align: center; width: 100%;\">\r\n<h4>&nbsp;<\/h4>","protected":false},"excerpt":{"rendered":"Dodano: 2017-06-9 11:26 am \u201eKatolicy powinni pod\u0105\u017ca\u0107 za przyk\u0142adem papie\u017ca Jana Paw\u0142a II kl\u0119kaj\u0105cego przed Naj\u015bwi\u0119tszym Sakramentem do ostatnich swoich dni\u201d podkre\u015bli\u0142 kardyna\u0142 Robert Sarah podczas konferencji Sacra Liturgica w Mediolanie. Hierarcha sprawuj\u0105cy funkcj\u0119 prefekta Kongregacji Kultu Bo\u017cego i Dyscypliny Sakrament\u00f3w zauwa\u017cy\u0142, \u017ce r\u00f3wnie\u017c \u015bw. Teresa z Kalkuty mia\u0142a ogromny szacunek dla Eucharystii. \u015awi\u0119ta powiedzia\u0142a [&hellip;]","protected":false},"author":1,"featured_media":0,"comment_status":"closed","ping_status":"closed","sticky":false,"template":"","format":"standard","meta":{"_acf_changed":false,"_monsterinsights_skip_tracking":false,"_monsterinsights_sitenote_active":false,"_monsterinsights_sitenote_note":"","_monsterinsights_sitenote_category":0,"ngg_post_thumbnail":0,"footnotes":"","_wp_rev_ctl_limit":""},"categories":[3],"tags":[119,51],"acf":[],"_links":{"self":[{"href":"https:\/\/www.bibula.com\/index.php?rest_route=\/wp\/v2\/posts\/96060"}],"collection":[{"href":"https:\/\/www.bibula.com\/index.php?rest_route=\/wp\/v2\/posts"}],"about":[{"href":"https:\/\/www.bibula.com\/index.php?rest_route=\/wp\/v2\/types\/post"}],"author":[{"embeddable":true,"href":"https:\/\/www.bibula.com\/index.php?rest_route=\/wp\/v2\/users\/1"}],"replies":[{"embeddable":true,"href":"https:\/\/www.bibula.com\/index.php?rest_route=%2Fwp%2Fv2%2Fcomments&post=96060"}],"version-history":[{"count":0,"href":"https:\/\/www.bibula.com\/index.php?rest_route=\/wp\/v2\/posts\/96060\/revisions"}],"wp:attachment":[{"href":"https:\/\/www.bibula.com\/index.php?rest_route=%2Fwp%2Fv2%2Fmedia&parent=96060"}],"wp:term":[{"taxonomy":"category","embeddable":true,"href":"https:\/\/www.bibula.com\/index.php?rest_route=%2Fwp%2Fv2%2Fcategories&post=96060"},{"taxonomy":"post_tag","embeddable":true,"href":"https:\/\/www.bibula.com\/index.php?rest_route=%2Fwp%2Fv2%2Ftags&post=96060"}],"curies":[{"name":"wp","href":"https:\/\/api.w.org\/{rel}","templated":true}]}}