{"id":96044,"date":"2017-06-07T13:41:12","date_gmt":"2017-06-07T17:41:12","guid":{"rendered":"http:\/\/www.bibula.com\/?p=96044"},"modified":"2017-06-07T13:41:12","modified_gmt":"2017-06-07T17:41:12","slug":"dzialacze-pro-life-powaznie-zaniepokojeni-zmianami-w-papieskiej-akademii-zycia","status":"publish","type":"post","link":"https:\/\/www.bibula.com\/?p=96044","title":{"rendered":"Dzia\u0142acze pro-life powa\u017cnie zaniepokojeni zmianami w Papieskiej Akademii \u0179ycia"},"content":{"rendered":"<p><strong>Obro\u0144cy \u017cycia i byli cz\u0142onkowie Papieskiej Akademii \u0179ycia wyra\u017caj\u0105 zaniepokojenie obecnym kursem obranym przez nowego przewodnicz\u0105cego &#8211; Vincenzo Pagli\u0119. Zwolni\u0142 on bowiem znaczn\u0105 cz\u0119\u015b\u0107 dotychczasowych cz\u0142onk\u00f3w organizacji a tak\u017ce zliberalizowa\u0142 zasady dotycz\u0105ce ich prawowierno\u015bci. Zdaniem obro\u0144c\u00f3w \u017cycia dzia\u0142ania te niszcz\u0105 instytucj\u0119 za\u0142o\u017con\u0105 przez Jana Paw\u0142a II. <br>\r\n<\/strong><\/p>\r\n<p>Dziewi\u0119\u0107 miesi\u0119cy temu papie\u017c Franciszek mianowa\u0142 arcybiskupa Vincenzo Pagli\u0119 przewodnicz\u0105cym Papieskiej Akademii \u0179ycia. Ten z kolei dokona\u0142 w niej rewolucyjnych zmian. Zwolni\u0142 on bowiem jednocze\u015bnie 172 os\u00f3b nale\u017c\u0105cych do Akademii pozostawiaj\u0105c jedynie cz\u0119\u015bci z nich mo\u017cliwo\u015b\u0107 powrotu a tak\u017ce anulowa\u0142 wym\u00f3g, aby nowi cz\u0142onkowie podpisywali o\u015bwiadczenie o woli ochrony \u017cycia wed\u0142ug Magisterium Ko\u015bcio\u0142a.<\/p>\r\n<p>Jak informuje watykanista Edward Pentin, wsp\u00f3\u0142za\u0142o\u017cyciel Akademii, Christine Vollmer, stwierdzi\u0142a, \u017ce nowy przewodnicz\u0105cy instytucji d\u0105\u017cy do jej praktycznej eliminacji. Tymczasem, jak podkre\u015bla, \u015bwi\u0119ty Jan Pawe\u0142 II ustanowi\u0142 j\u0105 celowo, aby r\u00f3wnowa\u017cy\u0107 \u201eniszcz\u0105cy wp\u0142yw \u015bwiata\u201d.<\/p>\r\n<p>Zdaniem Mercedes Wilson, obecnej prezydent organizacji Family of Americas, rezygnacja z obowi\u0105zku zobowi\u0105zywania si\u0119 do wierno\u015bci katolickiej nauce w obronie \u017cycia sprzeciwia si\u0119 za\u0142o\u017ceniom zar\u00f3wno Jana Paw\u0142a II, jak i drugiego wsp\u00f3\u0142za\u0142o\u017cyciela Papieskiej Akademii \u0179ycia, profesora Jerome Lejeunea. Podkre\u015bli\u0142a, \u017ce obydwaj z wielk\u0105 ostro\u017cno\u015bci\u0105 dobierali cz\u0142onk\u00f3w Akademii. Tolerowano niewierz\u0105cych, jednak pod warunkiem ich zgodno\u015bci z nauk\u0105 Ko\u015bcio\u0142a o \u017cyciu. Ponadto, jak przypomnia\u0142a rozm\u00f3wczyni \u201eNational Catholic Register\u201d, wed\u0142ug pierwotnego zamys\u0142u, przyw\u00f3dztwo Akademii powinno by\u0107 sprawowane przez \u015bwieckich.<\/p>\r\n<p>Innego zdania jest Luke Gormally, nale\u017c\u0105cy do Akademii do grudnia, kt\u00f3ry podkre\u015bli\u0142, \u017ce instytucja przesta\u0142a pe\u0142ni\u0107 u\u017cyteczn\u0105 rol\u0119 w kwestii zrzeszania katolickich organizacji pro-life.<\/p>\r\n<p>Nowy przewodnicz\u0105cy Papieskiej Akademii \u0179ycia budzi kontrowersje tak\u017ce z innego powodu. Chodzi o malowid\u0142a w katedrze w Terni-Narni-Amelia we w\u0142oskiej Umbrii. Ich wykonanie zleci\u0142 w 2007 roku arty\u015bcie niekryj\u0105cemu si\u0119 ze swym homoseksualizmem. Zawieraj\u0105 one tre\u015bci homoseksualne i trans-genderowe oraz przedstawiaj\u0105 prostytutki i diler\u00f3w narkotyk\u00f3w.<\/p>\r\n<p>\u0179r\u00f3d\u0142a: ncregister.com \/ pch24.pl<\/p>\r\n<p>mjend<\/p>","protected":false},"excerpt":{"rendered":"Obro\u0144cy \u017cycia i byli cz\u0142onkowie Papieskiej Akademii \u0179ycia wyra\u017caj\u0105 zaniepokojenie obecnym kursem obranym przez nowego przewodnicz\u0105cego &#8211; Vincenzo Pagli\u0119. Zwolni\u0142 on bowiem znaczn\u0105 cz\u0119\u015b\u0107 dotychczasowych cz\u0142onk\u00f3w organizacji a tak\u017ce zliberalizowa\u0142 zasady dotycz\u0105ce ich prawowierno\u015bci. Zdaniem obro\u0144c\u00f3w \u017cycia dzia\u0142ania te niszcz\u0105 instytucj\u0119 za\u0142o\u017con\u0105 przez Jana Paw\u0142a II. Dziewi\u0119\u0107 miesi\u0119cy temu papie\u017c Franciszek mianowa\u0142 arcybiskupa Vincenzo Pagli\u0119 [&hellip;]","protected":false},"author":1,"featured_media":0,"comment_status":"closed","ping_status":"closed","sticky":false,"template":"","format":"standard","meta":{"_acf_changed":false,"_monsterinsights_skip_tracking":false,"_monsterinsights_sitenote_active":false,"_monsterinsights_sitenote_note":"","_monsterinsights_sitenote_category":0,"ngg_post_thumbnail":0,"footnotes":"","_wp_rev_ctl_limit":""},"categories":[3],"tags":[301,41,33],"acf":[],"_links":{"self":[{"href":"https:\/\/www.bibula.com\/index.php?rest_route=\/wp\/v2\/posts\/96044"}],"collection":[{"href":"https:\/\/www.bibula.com\/index.php?rest_route=\/wp\/v2\/posts"}],"about":[{"href":"https:\/\/www.bibula.com\/index.php?rest_route=\/wp\/v2\/types\/post"}],"author":[{"embeddable":true,"href":"https:\/\/www.bibula.com\/index.php?rest_route=\/wp\/v2\/users\/1"}],"replies":[{"embeddable":true,"href":"https:\/\/www.bibula.com\/index.php?rest_route=%2Fwp%2Fv2%2Fcomments&post=96044"}],"version-history":[{"count":0,"href":"https:\/\/www.bibula.com\/index.php?rest_route=\/wp\/v2\/posts\/96044\/revisions"}],"wp:attachment":[{"href":"https:\/\/www.bibula.com\/index.php?rest_route=%2Fwp%2Fv2%2Fmedia&parent=96044"}],"wp:term":[{"taxonomy":"category","embeddable":true,"href":"https:\/\/www.bibula.com\/index.php?rest_route=%2Fwp%2Fv2%2Fcategories&post=96044"},{"taxonomy":"post_tag","embeddable":true,"href":"https:\/\/www.bibula.com\/index.php?rest_route=%2Fwp%2Fv2%2Ftags&post=96044"}],"curies":[{"name":"wp","href":"https:\/\/api.w.org\/{rel}","templated":true}]}}